{"id":345478,"date":"2013-01-16T05:07:29","date_gmt":"2013-01-16T04:07:29","guid":{"rendered":"https:\/\/www.focolare.org\/a-proposito-de-eleicoes-juniores\/"},"modified":"2024-06-06T12:20:14","modified_gmt":"2024-06-06T10:20:14","slug":"a-proposito-de-eleicoes-juniores","status":"publish","type":"post","link":"https:\/\/www.focolare.org\/pt-pt\/a-proposito-de-eleicoes-juniores\/","title":{"rendered":"A prop\u00f3sito de elei\u00e7\u00f5es\u2026 juniores"},"content":{"rendered":"<p><img alt=\"\" alt=\"\" loading=\"lazy\" decoding=\"async\" class=\"alignright size-articolo_1 wp-image-78205\" style=\"border: 0px;margin: 10px\" src=\"https:\/\/www.focolare.org\/wp-content\/uploads\/2013\/01\/20130116-c-250x138.jpg\" alt=\"\" width=\"250\" height=\"138\" \/>\u00abQuando soube que seriam lan\u00e7adas as elei\u00e7\u00f5es para o \u201cPrefeito j\u00fanior\u201d da minha cidade, resolvi candidatar-me. Estava entusiasmada por poder fazer alguma coisa e testemunhar o meu ideal de viver por um mundo unido. Imediatamente, reuni-me com alguns amigos e juntos criamos o nosso partido, o<strong> IPIF, \u201c<\/strong>Insieme per il futuro<strong>\u201d<\/strong> (<strong>Juntos pelo futuro<\/strong>). Elaboramos o programa, o logotipo e depois come\u00e7ou a campanha eleitoral. \u00c9ramos nove candidatos.<\/p>\n<p>Eu sabia que, no fim, mesmo se n\u00e3o fosse eleita, teria aprendido muitas coisas, tanto no <a href=\"https:\/\/www.focolare.org\/pt\/in-dialogo\/cultura\/politica\/\">\u00e2mbito pol\u00edtico<\/a> como pelo esfor\u00e7o de <a href=\"https:\/\/www.focolare.org\/pt\/chiara-lubich\/spiritualita-dellunita\/amore-al-fratello\/\">reconhecer a presen\u00e7a de Jesus no pr\u00f3ximo<\/a> [Mt 25,40 ndr], mesmo em quem \u2018concorria\u2019 comigo.<\/p>\n<p>Antes de tudo, queria tentar viver, com os meus colegas, alguns dos quais n\u00e3o t\u00eam f\u00e9, uma experi\u00eancia com o \u2018estilo da unidade\u2019. Finalmente chegou o dia das vota\u00e7\u00f5es, mas o meu pensamento n\u00e3o estava voltado aos votos que receberia, porque eu estava muito feliz por ver todos os candidatos divertindo-se juntos: era uma atmosfera t\u00e3o diferente daquela que em geral vemos nestas circunst\u00e2ncias! Apenas em dois obtivemos a maioria dos votos, e eu recebi cinco a mais em rela\u00e7\u00e3o ao outro candidato. Fiquei satisfeita, porque morava naquela cidade apenas h\u00e1 um ano.<\/p>\n<p><img alt=\"\" alt=\"\" loading=\"lazy\" decoding=\"async\" class=\"size-full wp-image-78206 alignleft\" style=\"border: 0px;margin: 10px\" src=\"https:\/\/www.focolare.org\/wp-content\/uploads\/2013\/01\/20130116-a.jpg\" alt=\"\" width=\"210\" height=\"128\" \/>Com uma diferen\u00e7a m\u00ednima fomos para o segundo escrut\u00ednio e o meu colega foi o vencedor. Mesmo se para algu\u00e9m possa parecer estranho, fiquei feliz por ele. A competi\u00e7\u00e3o foi uma disputa saud\u00e1vel. Tanto nas reuni\u00f5es como na campanha eleitoral, procuramos ajudar-nos mutuamente, sem que um prevalecesse sobre o outro, pelo contr\u00e1rio, at\u00e9 troc\u00e1vamos ideias interessantes. No fim, fui nomeada presidente do Conselho. Ainda hoje, existe a m\u00e1xima colabora\u00e7\u00e3o entre todos e n\u00e3o se faz distin\u00e7\u00e3o entre quem \u00e9 da maioria ou da minoria, mas trabalhamos unidos para realizar aquilo que \u00e9 importante para n\u00f3s e para a nossa escola.<\/p>\n<p>Depois, quando encontramos o Prefeito \u2018adulto\u2019, vimos que as nossas ideias \u2013 dos adolescentes \u2013 s\u00e3o importantes para contribuir para melhorar a cidade! De fato, o nosso pedido de come\u00e7ar a sele\u00e7\u00e3o do lixo foi considerada e j\u00e1 est\u00e1 sendo feita\u00bb.<\/p>\n<p>(E. &#8211; Italia)<\/p>\n","protected":false},"excerpt":{"rendered":"<p>O relato de uma adolescente na disputa pol\u00edtica. Primeiros passos para o bem comum.<\/p>\n","protected":false},"author":34,"featured_media":0,"comment_status":"open","ping_status":"open","sticky":false,"template":"","format":"standard","meta":{"give_campaign_id":0,"_seopress_robots_primary_cat":"","_seopress_titles_title":"","_seopress_titles_desc":"","_seopress_robots_index":"","_et_pb_use_builder":"","_et_pb_old_content":"","_et_gb_content_width":"","footnotes":""},"categories":[909],"tags":[],"class_list":["post-345478","post","type-post","status-publish","format-standard","hentry","category-focolare-worldwide-2-4"],"_links":{"self":[{"href":"https:\/\/www.focolare.org\/pt-pt\/wp-json\/wp\/v2\/posts\/345478","targetHints":{"allow":["GET"]}}],"collection":[{"href":"https:\/\/www.focolare.org\/pt-pt\/wp-json\/wp\/v2\/posts"}],"about":[{"href":"https:\/\/www.focolare.org\/pt-pt\/wp-json\/wp\/v2\/types\/post"}],"author":[{"embeddable":true,"href":"https:\/\/www.focolare.org\/pt-pt\/wp-json\/wp\/v2\/users\/34"}],"replies":[{"embeddable":true,"href":"https:\/\/www.focolare.org\/pt-pt\/wp-json\/wp\/v2\/comments?post=345478"}],"version-history":[{"count":0,"href":"https:\/\/www.focolare.org\/pt-pt\/wp-json\/wp\/v2\/posts\/345478\/revisions"}],"wp:attachment":[{"href":"https:\/\/www.focolare.org\/pt-pt\/wp-json\/wp\/v2\/media?parent=345478"}],"wp:term":[{"taxonomy":"category","embeddable":true,"href":"https:\/\/www.focolare.org\/pt-pt\/wp-json\/wp\/v2\/categories?post=345478"},{"taxonomy":"post_tag","embeddable":true,"href":"https:\/\/www.focolare.org\/pt-pt\/wp-json\/wp\/v2\/tags?post=345478"}],"curies":[{"name":"wp","href":"https:\/\/api.w.org\/{rel}","templated":true}]}}