{"id":345532,"date":"2013-02-07T06:34:31","date_gmt":"2013-02-07T05:34:31","guid":{"rendered":"https:\/\/www.focolare.org\/sophia-entre-politica-e-teologia\/"},"modified":"2024-06-06T12:20:25","modified_gmt":"2024-06-06T10:20:25","slug":"sophia-entre-politica-e-teologia","status":"publish","type":"post","link":"https:\/\/www.focolare.org\/pt-pt\/sophia-entre-politica-e-teologia\/","title":{"rendered":"Sophia: entre pol\u00edtica e teologia"},"content":{"rendered":"<p><a href=\"https:\/\/www.focolare.org\/wp-content\/uploads\/2013\/02\/Gabriel-5.jpg\"><img loading=\"lazy\" decoding=\"async\" class=\"alignright\" style=\"margin-left: 10px;margin-right: 10px\" src=\"https:\/\/www.focolare.org\/wp-content\/uploads\/2013\/02\/Gabriel-5.jpg\" alt=\"\" width=\"269\" height=\"172\" \/><\/a><strong>Gabriel de Almeida tem 25 anos.<\/strong> Nasceu no <a href=\"https:\/\/www.focolare.org\/pt\/focolare-worldwide\/america-sud\/brasile\/\"><strong>Rio de Janeiro<\/strong><\/a>, uma metr\u00f3pole brasileira ativa e din\u00e2mica: ser\u00e1 sede da pr\u00f3xima <a href=\"http:\/\/www.rio2013.com\/pt\" target=\"_blank\" rel=\"noopener\"><strong>Jornada Mundial da Juventude<\/strong><\/a> e, em 2014 da Copa do Mundo de Futebol. E da grande cidade do Rio, Gabriel trouxe ao <a href=\"http:\/\/www.iu-sophia.org\/en-US\/\" target=\"_blank\" rel=\"noopener\"><strong>Instituto Universit\u00e1rio Sophia<\/strong> <\/a>(IUS) a vivacidade e o impulso para o futuro do povo carioca. O itiner\u00e1rio de estudos que conclui apresenta v\u00e1rios pontos de interesse.  <strong>Porque voc\u00ea se inscreveu no IUS?<\/strong>  \u00ab Depois de formar-me em Rela\u00e7\u00f5es Internacionais, sentia a necessidade de fazer um passo al\u00e9m dos confins da teoria pol\u00edtica e de explorar o horizonte do humanismo. Depois dos quatro anos e meio de universidade, encontrava-me &#8230; com grande sede: procurava onde e como responder as minhas perguntas. As hist\u00f3rias dos meus amigos que j\u00e1 tinham feito Sophia me fizeram intuir que o IUS poderia ser o lugar justo.\u00bb  <strong>Porque escolheu a especializa\u00e7\u00e3o em Ontologia Trinitaria, voc\u00ea que tinha estudado politica? Qual relacionamento h\u00e1 entre os dois percursos?<\/strong>  \u00ab Cheguei a Sophia pensando em seguir a especializa\u00e7\u00e3o em pol\u00edtica; era uma escolha natural. Mas depois de alguns meses vieram \u00e0 gala duas novas impress\u00f5es. A primeira era a da surpresa: a maravilha de conhecer Jesus, de modo t\u00e3o pessoal, sobretudo frequentando o curso do Evangelho de Marcos. A segunda: uma nova compreens\u00e3o sobre mim, amadurecida no semin\u00e1rio sobre temas teol\u00f3gicos; sentia a capacidade de aproximar-me do pensamento de Jesus, daquilo que Paulo chama o \u201cno\u00fbs christos\u201d. N\u00e3o com alguma ambi\u00e7\u00e3o de conhecer o sentido de tudo, de possuir a l\u00f3gica do real, ma a descoberta de um lugar completamente humano para ler o mundo e seus desafios, respeitando suas linguagens e raz\u00f5es.\u00bb  <a href=\"https:\/\/www.focolare.org\/wp-content\/uploads\/2013\/02\/Gabriel-1.jpg\"><img loading=\"lazy\" decoding=\"async\" class=\"alignleft\" style=\"margin-left: 10px;margin-right: 10px\" src=\"https:\/\/www.focolare.org\/wp-content\/uploads\/2013\/02\/Gabriel-1.jpg\" alt=\"\" width=\"250\" height=\"176\" \/><\/a><strong>Est\u00e1 inscrito para o segundo ano: j\u00e1 est\u00e1 preparando a tese?<\/strong>  \u00ab Sim. J\u00e1 tenho o tema, a fenomenologia do estrangeiro. Podemos dizer que \u00e9 um argumento de grande impacto na pol\u00edtica, mas que quero analisar a partir dos seus fundamentos filos\u00f3ficos. Encontro-me de novo com a pol\u00edtica, mas meu olhar ser\u00e1 diferente, porque tratarei dos fluxos imigrat\u00f3rios que atravessam nossas sociedades fazendo emergir, de um \u201clugar\u201d de conhecimento que se inspira nas raz\u00f5es do Amor, novas declina\u00e7\u00f5es pol\u00edticas e culturais.\u00bb  <strong>Est\u00e1 no IUS h\u00e1 quase dois anos: como definiria este tempo que est\u00e1 vivendo?<\/strong>  \u00abEu quero continuar a usar a met\u00e1fora do \u201clugar\u201d.<a href=\"https:\/\/www.focolare.org\/wp-content\/uploads\/2013\/02\/Gabriel-2.jpg\"><img loading=\"lazy\" decoding=\"async\" class=\"alignright\" style=\"margin-left: 10px;margin-right: 10px\" src=\"https:\/\/www.focolare.org\/wp-content\/uploads\/2013\/02\/Gabriel-2.jpg\" alt=\"\" width=\"231\" height=\"156\" \/><\/a> Sophia \u00e9 primeiro de tudo um lugar da onde olhar &#8230; as mil e variadas realidades humanas a partir da fraternidade, de uma ideia profundamente inovada de sociabilidade. Al\u00e9m disso, Sophia est\u00e1 dando-me instrumentos n\u00e3o s\u00f3 para refletir, mas agir concretamente tendo ao centro a pessoa em toda a riqueza de suas rela\u00e7\u00f5es. Sei que infinitos momentos de \u201csurpresa\u201d ainda esperam-me, aquela surpresa filos\u00f3fica que antecipa e desvela o conhecimento, e junto aos outros estudantes e toda a comunidade do IUS sinto-me mais que nunca em caminho\u00bb.  <strong>Fonte<\/strong>: <a href=\"http:\/\/www.iu-sophia.org\/en-US\/_News_1471\" target=\"_blank\" rel=\"noopener\"><strong>Istituto Universit\u00e1rio Sophia<\/strong><\/a><\/p>\n","protected":false},"excerpt":{"rendered":"<p>A hist\u00f3ria de um aluno brasileiro que faz \u201ca descoberta de um lugar completamente humano para ler o mundo e as seus desafios, respeitando suas linguagens e raz\u00f5es\u201d.<\/p>\n","protected":false},"author":34,"featured_media":0,"comment_status":"open","ping_status":"open","sticky":false,"template":"","format":"standard","meta":{"give_campaign_id":0,"_seopress_robots_primary_cat":"","_seopress_titles_title":"","_seopress_titles_desc":"","_seopress_robots_index":"","_et_pb_use_builder":"","_et_pb_old_content":"","_et_gb_content_width":"","footnotes":""},"categories":[909,910],"tags":[],"class_list":["post-345532","post","type-post","status-publish","format-standard","hentry","category-focolare-worldwide-2-4","category-senza-categoria-2-4"],"_links":{"self":[{"href":"https:\/\/www.focolare.org\/pt-pt\/wp-json\/wp\/v2\/posts\/345532","targetHints":{"allow":["GET"]}}],"collection":[{"href":"https:\/\/www.focolare.org\/pt-pt\/wp-json\/wp\/v2\/posts"}],"about":[{"href":"https:\/\/www.focolare.org\/pt-pt\/wp-json\/wp\/v2\/types\/post"}],"author":[{"embeddable":true,"href":"https:\/\/www.focolare.org\/pt-pt\/wp-json\/wp\/v2\/users\/34"}],"replies":[{"embeddable":true,"href":"https:\/\/www.focolare.org\/pt-pt\/wp-json\/wp\/v2\/comments?post=345532"}],"version-history":[{"count":0,"href":"https:\/\/www.focolare.org\/pt-pt\/wp-json\/wp\/v2\/posts\/345532\/revisions"}],"wp:attachment":[{"href":"https:\/\/www.focolare.org\/pt-pt\/wp-json\/wp\/v2\/media?parent=345532"}],"wp:term":[{"taxonomy":"category","embeddable":true,"href":"https:\/\/www.focolare.org\/pt-pt\/wp-json\/wp\/v2\/categories?post=345532"},{"taxonomy":"post_tag","embeddable":true,"href":"https:\/\/www.focolare.org\/pt-pt\/wp-json\/wp\/v2\/tags?post=345532"}],"curies":[{"name":"wp","href":"https:\/\/api.w.org\/{rel}","templated":true}]}}