{"id":345562,"date":"2013-02-18T13:39:29","date_gmt":"2013-02-18T12:39:29","guid":{"rendered":"https:\/\/www.focolare.org\/unidos-na-fe-em-deus-amor\/"},"modified":"2024-06-06T12:20:30","modified_gmt":"2024-06-06T10:20:30","slug":"unidos-na-fe-em-deus-amor","status":"publish","type":"post","link":"https:\/\/www.focolare.org\/pt-pt\/unidos-na-fe-em-deus-amor\/","title":{"rendered":"Unidos na f\u00e9 em Deus Amor"},"content":{"rendered":"<p><img alt=\"\" alt=\"\" loading=\"lazy\" decoding=\"async\" class=\"alignright size-articolo_1 wp-image-80418\" style=\"border: 0px;margin: 10px\" src=\"https:\/\/www.focolare.org\/wp-content\/uploads\/2013\/02\/20130218-01-250x376.jpg\" alt=\"\" width=\"250\" height=\"376\" \/>O dia 17 de fevereiro \u00e9 uma data hist\u00f3rica para a Igreja Valdense na It\u00e1lia. Foi nesse dia, no ano de 1848, que o rei Carlos Alberto assinou a \u201cCarta Patente\u201d, com a qual concedia os direitos civis aos seus s\u00faditos valdenses.<\/p>\n<p>A decis\u00e3o foi acolhida com grande entusiasmo e festejada ao redor das fogueiras. Ainda hoje existe a tradi\u00e7\u00e3o das<strong> \u201cFogueiras da liberdade\u201d<\/strong>, que estendeu-se a outros lugares onde encontram-se igrejas protestantes na It\u00e1lia.<\/p>\n<p>Nesse pa\u00eds s\u00e3o muitos os <a href=\"https:\/\/www.focolare.org\/pt\/in-dialogo\/chiese-cristiane\/\" target=\"_blank\" rel=\"noopener\">contatos<\/a> entre os Valdenses e os membros do <a href=\"https:\/\/www.focolare.org\/pt\/movimento-dei-focolari\/storia\/\" target=\"_blank\" rel=\"noopener\">Movimento dos Focolares<\/a>. Esta \u00e9 a experi\u00eancia de um <a href=\"https:\/\/www.focolare.org\/pt\/movimento-dei-focolari\/scelte-e-impegno\/sacerdoti\/\" target=\"_blank\" rel=\"noopener\">sacerdote focolarino<\/a> e um pastor valdense com as suas comunidades, contada por eles mesmos: \u00abNa nossa cidade, Turim, o conhecimento entre cat\u00f3licos e valdenses vem de mais de vinte anos, quando come\u00e7amos a nos reunir \u2013 cat\u00f3licos e valdenses \u2013 uma noite por m\u00eas, com leitura b\u00edblica e ora\u00e7\u00e3o em comum, o que continua at\u00e9 hoje. Isso favoreceu o trabalho do Comit\u00ea Interf\u00e9, constitu\u00eddo para as Olimp\u00edadas em Turim e que, dada a harmonia que se criou, tornou-se um \u00f3rg\u00e3o permanente da Prefeitura.<\/p>\n<p>H\u00e1 sempre uma atmosfera muito bonita nos encontros e nesse contexto h\u00e1 tempos fal\u00e1vamos de fazer uma experi\u00eancia juntos, com uma viagem \u00e0 <a href=\"https:\/\/www.focolare.org\/pt\/focolare-worldwide\/asia\/israele\/\" target=\"_blank\" rel=\"noopener\"><strong>Terra Santa<\/strong><\/a>. Propusemos que fosse uma \u201cViagem de ora\u00e7\u00e3o e de estudo\u201d, e foi um sucesso.<\/p>\n<p>A viagem aconteceu de 1 a 9 de setembro de 2012. Pela manh\u00e3 uma medita\u00e7\u00e3o do sacerdote sobre o significado espiritual dos lugares que ir\u00edamos visitar e uma reflex\u00e3o b\u00edblica do pastor. Depois o coment\u00e1rio do acompanhante, dos Focolares, sobre os lugares visitados. A inten\u00e7\u00e3o era \u201cvoltar \u00e0s origens, aos tempos e lugares onde nasceu a nossa hist\u00f3ria crist\u00e3\u201d, de forma que pud\u00e9ssemos encontrar uma unidade que v\u00e1 al\u00e9m das divis\u00f5es existentes, sem neg\u00e1-las, mas vivendo uma comunh\u00e3o verdadeira, tamb\u00e9m como um testemunho nesta regi\u00e3o atormentada.<\/p>\n<p><strong>Momentos importantes:<\/strong> a celebra\u00e7\u00e3o da Santa Ceia Valdense, com a presen\u00e7a dos cat\u00f3licos, e a Santa Missa Cat\u00f3lica, presentes os valdenses, quando o amor m\u00fatuo nos fez experimentar a presen\u00e7a de Jesus onde dois ou mais est\u00e3o unidos em seu nome (Cf Mt 18,20).<\/p>\n<p>Ao retornar encontramo-nos para trocar impress\u00f5es e experi\u00eancias, e o encontro certamente se repetir\u00e1. Se antes \u00e9ramos desconhecidos e um pouco desconfiados durante a viagem nos tornamos cada vez mais irm\u00e3os, unidos pelo mesmo batismo, no mesmo Credo apost\u00f3lico, e especialmente na mesma f\u00e9 naquele Deus Amor que reconhecemos juntos, recitando o Pai Nosso.<\/p>\n<p><em>Aos cuidados do <a href=\"https:\/\/www.focolare.org\/es\/in-dialogo\/chiese-cristiane\/\" target=\"_blank\" rel=\"noopener\">Centro \u00abUno\u00bb<\/a><\/em><\/p>\n","protected":false},"excerpt":{"rendered":"<p>Em 17 de fevereiro de 1848 foram concedidos os direitos civis aos fieis da Igreja Valdense na It\u00e1lia. A experi\u00eancia de um sacerdote focolarino e de um pastor valdense com suas comunidades.<\/p>\n","protected":false},"author":34,"featured_media":0,"comment_status":"open","ping_status":"open","sticky":false,"template":"","format":"standard","meta":{"give_campaign_id":0,"_seopress_robots_primary_cat":"","_seopress_titles_title":"","_seopress_titles_desc":"","_seopress_robots_index":"","_et_pb_use_builder":"","_et_pb_old_content":"","_et_gb_content_width":"","footnotes":""},"categories":[909],"tags":[],"class_list":["post-345562","post","type-post","status-publish","format-standard","hentry","category-focolare-worldwide-2-4"],"_links":{"self":[{"href":"https:\/\/www.focolare.org\/pt-pt\/wp-json\/wp\/v2\/posts\/345562","targetHints":{"allow":["GET"]}}],"collection":[{"href":"https:\/\/www.focolare.org\/pt-pt\/wp-json\/wp\/v2\/posts"}],"about":[{"href":"https:\/\/www.focolare.org\/pt-pt\/wp-json\/wp\/v2\/types\/post"}],"author":[{"embeddable":true,"href":"https:\/\/www.focolare.org\/pt-pt\/wp-json\/wp\/v2\/users\/34"}],"replies":[{"embeddable":true,"href":"https:\/\/www.focolare.org\/pt-pt\/wp-json\/wp\/v2\/comments?post=345562"}],"version-history":[{"count":0,"href":"https:\/\/www.focolare.org\/pt-pt\/wp-json\/wp\/v2\/posts\/345562\/revisions"}],"wp:attachment":[{"href":"https:\/\/www.focolare.org\/pt-pt\/wp-json\/wp\/v2\/media?parent=345562"}],"wp:term":[{"taxonomy":"category","embeddable":true,"href":"https:\/\/www.focolare.org\/pt-pt\/wp-json\/wp\/v2\/categories?post=345562"},{"taxonomy":"post_tag","embeddable":true,"href":"https:\/\/www.focolare.org\/pt-pt\/wp-json\/wp\/v2\/tags?post=345562"}],"curies":[{"name":"wp","href":"https:\/\/api.w.org\/{rel}","templated":true}]}}