{"id":345588,"date":"2013-03-01T09:32:09","date_gmt":"2013-03-01T08:32:09","guid":{"rendered":"https:\/\/www.focolare.org\/roma-possui-um-grande-coracao-o-coracao-do-papa\/"},"modified":"2024-06-06T12:20:35","modified_gmt":"2024-06-06T10:20:35","slug":"roma-possui-um-grande-coracao-o-coracao-do-papa","status":"publish","type":"post","link":"https:\/\/www.focolare.org\/pt-pt\/roma-possui-um-grande-coracao-o-coracao-do-papa\/","title":{"rendered":"Roma possui um grande cora\u00e7\u00e3o: o cora\u00e7\u00e3o do Papa"},"content":{"rendered":"<p><img alt=\"\" alt=\"\" loading=\"lazy\" decoding=\"async\" class=\"wp-image-81066 alignleft\" style=\"margin-right: 10px;border: 0px none\" src=\"https:\/\/www.focolare.org\/wp-content\/uploads\/2013\/03\/1271566.jpg\" alt=\"\" width=\"320\" height=\"246\" \/>\u00abNestes dias, voltando de Rocca di Papa para Roma, tive uma sensa\u00e7\u00e3o incomum, que j\u00e1 tinha tido no outono, quando voltei de Ala di Stura: senti que Roma \u00e9 a nossa casa porque nela mora o Papa.<\/p>\n<p>Ontem, ao ir do Centro Mari\u00e1polis para a Cidade Eterna, parecia-me que Roma estivesse toda coberta por um grande cora\u00e7\u00e3o, <strong>o cora\u00e7\u00e3o do Papa<\/strong>.<\/p>\n<p><strong>Li alguns escritos maravilhosos do Papa<\/strong>, nestes dias. Na audi\u00eancia geral da quarta-feira passada, referindo-se \u00e0 festa de Santa Catarina, ele disse:<\/p>\n<p>\u201cSim, a for\u00e7a do Papa \u00e9 o amor dos seus filhos, \u00e9 a uni\u00e3o da comunidade eclesial, \u00e9 a caridade dos fieis que, sob a sua guia, formam um s\u00f3 cora\u00e7\u00e3o e uma s\u00f3 alma. Esta contribui\u00e7\u00e3o de energias espirituais que chegam do povo cat\u00f3lico \u00e0 hierarquia da Igreja, de cada crist\u00e3o at\u00e9 o Papa, nos faz pensar na santa que amanh\u00e3 ser\u00e1 honrada pela Igreja com uma festa especial, santa Catarina de Sena, humilde, sapiente, imp\u00e1vida virgem dominicana, que como todos sabem amou o Papa e a Igreja com tamanha altura e vigor de esp\u00edrito, como a mais ningu\u00e9m\u201d.<\/p>\n<p>Lendo essas linhas desejei que o Papa, pela comunh\u00e3o dos santos, percebesse tamb\u00e9m no nosso Movimento uma contribui\u00e7\u00e3o \u00e0 sua for\u00e7a, porque n\u00f3s amamos o Papa, porque queremos incrementar a comunidade crist\u00e3 com o nosso esp\u00edrito, sob a orienta\u00e7\u00e3o da Igreja, e porque o nosso ideal \u00e9 a caridade\u00bb.<\/p>\n<p>(De: \u201c<a href=\"https:\/\/www.focolare.org\/pt\/chiara-lubich\/chi-e-chiara\/\" target=\"_blank\" rel=\"noopener\">Chiara Lubich<\/a>, di\u00e1rio 1964\/65 , Ed. Citt\u00e0 Nuova, 1985, Roma)<\/p>\n","protected":false},"excerpt":{"rendered":"<p>Este pensamento de Chiara Lubich, escrito em 1964, al\u00e9m da sua atualidade revela a sintonia entre Paulo VI e Bento XVI no modo de conceber a Igreja.<\/p>\n","protected":false},"author":34,"featured_media":0,"comment_status":"open","ping_status":"open","sticky":false,"template":"","format":"standard","meta":{"give_campaign_id":0,"_seopress_robots_primary_cat":"","_seopress_titles_title":"","_seopress_titles_desc":"","_seopress_robots_index":"","_et_pb_use_builder":"","_et_pb_old_content":"","_et_gb_content_width":"","footnotes":""},"categories":[129],"tags":[],"class_list":["post-345588","post","type-post","status-publish","format-standard","hentry","category-sem-categoria"],"_links":{"self":[{"href":"https:\/\/www.focolare.org\/pt-pt\/wp-json\/wp\/v2\/posts\/345588","targetHints":{"allow":["GET"]}}],"collection":[{"href":"https:\/\/www.focolare.org\/pt-pt\/wp-json\/wp\/v2\/posts"}],"about":[{"href":"https:\/\/www.focolare.org\/pt-pt\/wp-json\/wp\/v2\/types\/post"}],"author":[{"embeddable":true,"href":"https:\/\/www.focolare.org\/pt-pt\/wp-json\/wp\/v2\/users\/34"}],"replies":[{"embeddable":true,"href":"https:\/\/www.focolare.org\/pt-pt\/wp-json\/wp\/v2\/comments?post=345588"}],"version-history":[{"count":0,"href":"https:\/\/www.focolare.org\/pt-pt\/wp-json\/wp\/v2\/posts\/345588\/revisions"}],"wp:attachment":[{"href":"https:\/\/www.focolare.org\/pt-pt\/wp-json\/wp\/v2\/media?parent=345588"}],"wp:term":[{"taxonomy":"category","embeddable":true,"href":"https:\/\/www.focolare.org\/pt-pt\/wp-json\/wp\/v2\/categories?post=345588"},{"taxonomy":"post_tag","embeddable":true,"href":"https:\/\/www.focolare.org\/pt-pt\/wp-json\/wp\/v2\/tags?post=345588"}],"curies":[{"name":"wp","href":"https:\/\/api.w.org\/{rel}","templated":true}]}}