{"id":345598,"date":"2013-03-07T16:35:31","date_gmt":"2013-03-07T15:35:31","guid":{"rendered":"https:\/\/www.focolare.org\/unidade-e-confianca-para-a-irlanda-do-norte\/"},"modified":"2024-06-06T12:20:37","modified_gmt":"2024-06-06T10:20:37","slug":"unidade-e-confianca-para-a-irlanda-do-norte","status":"publish","type":"post","link":"https:\/\/www.focolare.org\/pt-pt\/unidade-e-confianca-para-a-irlanda-do-norte\/","title":{"rendered":"Unidade e confian\u00e7a para a Irlanda do Norte"},"content":{"rendered":"<p><strong><img alt=\"\" alt=\"\" loading=\"lazy\" decoding=\"async\" class=\"alignright  wp-image-81418\" style=\"margin-left: 10px;border: 0px\" src=\"https:\/\/www.focolare.org\/wp-content\/uploads\/2013\/03\/20130307-01.jpg\" alt=\"\" width=\"358\" height=\"239\" \/>Nesta quarta-feira, dia 6 de mar\u00e7o, o reverendo John Mann, decano da catedral de Sant\u2019Anna em Belfast<\/strong>, cora\u00e7\u00e3o da Igreja da <a href=\"https:\/\/www.focolare.org\/pt\/focolare-worldwide\/europa\/irlanda\/\">Irlanda<\/a>, <strong>visitou o Centro do Movimento dos Focolares<\/strong>, em Rocca di Papa (Roma).<\/p>\n<p><strong>Em junho de 2012, <a href=\"https:\/\/www.focolare.org\/pt\/news\/2011\/01\/20\/maria-voce\/\">Maria Voce<\/a><\/strong><strong>, presidente dos Focolares, foi \u00e0 terra c\u00e9ltica<\/strong> para o Congresso Eucar\u00edstico internacional. Naquela ocasi\u00e3o, a convite do reverendo Mann, <strong>a Presidente tinha ido \u00e0 Irlanda do Norte, a Belfast,<\/strong> para participar num encontro ecum\u00eanico. Foi um dia hist\u00f3rico, intenso, no qual o l\u00edder das quatro Igrejas crist\u00e3s mais numerosas naquele territ\u00f3rio estabeleceu com Maria Voce um acordo solene de amor rec\u00edproco.<\/p>\n<p><strong>Em Rocca di Papa chove,<\/strong> est\u00e1 frio e sopra um vento forte, que inspira novidade, e parece acompanhar o passo do reverendo Mann, que visita a It\u00e1lia por alguns dias. Conversamos com ele ap\u00f3s o seu encontro com Maria Voce.<\/p>\n<p><strong>Reverendo Mann, qual \u00e9 o motivo da sua visita \u00e0<\/strong><a href=\"https:\/\/www.focolare.org\/pt\/focolare-worldwide\/europa\/italia\/\"> It\u00e1lia<\/a><strong>, e particularmente ao centro dos Focolares?<\/strong><\/p>\n<p>\u00abQuando Maria Voce foi \u00e0 Irlanda do Norte em 2012, para todos n\u00f3s foi um momento fundamental para as nossas comunidades; posso at\u00e9 dizer, para toda a nossa Igreja. Naquela ocasi\u00e3o Maria Voce convidou-me a vir a Roma. Essa visita era necess\u00e1ria para conhecer melhor pessoas que t\u00eam um lugar especial no nosso cora\u00e7\u00e3o, e que vivem, trabalham, rezam e atuam como n\u00f3s\u00bb.<\/p>\n<p><strong><img alt=\"\" alt=\"\" loading=\"lazy\" decoding=\"async\" class=\"wp-image-81419 alignleft\" style=\"margin-right: 10px;border: 0px\" src=\"https:\/\/www.focolare.org\/wp-content\/uploads\/2013\/03\/20130307-02.jpg\" alt=\"\" width=\"358\" height=\"239\" \/>Segundo os seus contatos com o Movimento dos Focolares, pensa que o <a href=\"https:\/\/www.focolare.org\/pt\/chiara-lubich\/spiritualita-dellunita\/\">carisma da unidade<\/a><\/strong><strong> pode contribuir de modo espec\u00edfico para a Igreja da Irlanda nos dias de hoje?<\/strong><\/p>\n<p>\u00abPenso que podemos aprender muito com a espiritualidade de comunh\u00e3o, que antecipa a unidade pela qual todos trabalhamos. Acredito fortemente que, de modo particular, a figura de <a href=\"https:\/\/www.focolare.org\/pt\/chiara-lubich\/spiritualita-dellunita\/gesu-abbandonato\/\">Jesus Abandonado<\/a> pode nos ajudar muito. Ele morreu na cruz pela reden\u00e7\u00e3o de todos, para unir-nos. Penso que \u00e9 neste ponto espec\u00edfico da espiritualidade que muitas pessoas na Irlanda do Norte podem reencontrar-se; ao aprofundar cada vez mais este mist\u00e9rio, juntos, poderemos encontrar um caminho para a reconcilia\u00e7\u00e3o, para recompor a unidade\u00bb.<\/p>\n<p><strong>O que gostaria de desejar ao Movimento nesta fase hist\u00f3rica?<\/strong><\/p>\n<p>\u00abFa\u00e7o votos de que o Movimento dos Focolares possa continuar a viver plenamente a sua espiritualidade, em todas as suas express\u00f5es, oferecendo-a a todos, porque esta contribui para criar aquele clima de confian\u00e7a e de unidade que tanto necessitamos tamb\u00e9m no nosso pa\u00eds\u00bb.<\/p>\n<p><em>Por Paolo Balduzzi e o Centro Uno<\/em><\/p>\n","protected":false},"excerpt":{"rendered":"<p>John Mann, decano da catedral anglicana de Sant\u2019Anna em Belfast, visitou o Centro do Movimento dos Focolares, ap\u00f3s a viagem de Maria Voce \u00e0 Irlanda em junho de 2012.<\/p>\n","protected":false},"author":34,"featured_media":0,"comment_status":"open","ping_status":"open","sticky":false,"template":"","format":"standard","meta":{"give_campaign_id":0,"_seopress_robots_primary_cat":"","_seopress_titles_title":"","_seopress_titles_desc":"","_seopress_robots_index":"","_et_pb_use_builder":"","_et_pb_old_content":"","_et_gb_content_width":"","footnotes":""},"categories":[129],"tags":[],"class_list":["post-345598","post","type-post","status-publish","format-standard","hentry","category-sem-categoria"],"_links":{"self":[{"href":"https:\/\/www.focolare.org\/pt-pt\/wp-json\/wp\/v2\/posts\/345598","targetHints":{"allow":["GET"]}}],"collection":[{"href":"https:\/\/www.focolare.org\/pt-pt\/wp-json\/wp\/v2\/posts"}],"about":[{"href":"https:\/\/www.focolare.org\/pt-pt\/wp-json\/wp\/v2\/types\/post"}],"author":[{"embeddable":true,"href":"https:\/\/www.focolare.org\/pt-pt\/wp-json\/wp\/v2\/users\/34"}],"replies":[{"embeddable":true,"href":"https:\/\/www.focolare.org\/pt-pt\/wp-json\/wp\/v2\/comments?post=345598"}],"version-history":[{"count":0,"href":"https:\/\/www.focolare.org\/pt-pt\/wp-json\/wp\/v2\/posts\/345598\/revisions"}],"wp:attachment":[{"href":"https:\/\/www.focolare.org\/pt-pt\/wp-json\/wp\/v2\/media?parent=345598"}],"wp:term":[{"taxonomy":"category","embeddable":true,"href":"https:\/\/www.focolare.org\/pt-pt\/wp-json\/wp\/v2\/categories?post=345598"},{"taxonomy":"post_tag","embeddable":true,"href":"https:\/\/www.focolare.org\/pt-pt\/wp-json\/wp\/v2\/tags?post=345598"}],"curies":[{"name":"wp","href":"https:\/\/api.w.org\/{rel}","templated":true}]}}