{"id":345630,"date":"2013-03-21T08:49:50","date_gmt":"2013-03-21T07:49:50","guid":{"rendered":"https:\/\/www.focolare.org\/edc-missao-na-servia-2\/"},"modified":"2024-06-06T12:20:43","modified_gmt":"2024-06-06T10:20:43","slug":"edc-missao-na-servia-2","status":"publish","type":"post","link":"https:\/\/www.focolare.org\/pt-pt\/edc-missao-na-servia-2\/","title":{"rendered":"EdC: Miss\u00e3o na S\u00e9rvia\/2"},"content":{"rendered":"<p><strong>\u00abDepois de cinco meses de prepara\u00e7\u00e3o te\u00f3rica no Instituto Universit\u00e1rio <em>Sophia<\/em> (IUS) \u2013 declara Cristina Viano<\/strong> que, j<strong>unto a Jena Debbaneh<\/strong>, foi a vencedora da<a href=\"http:\/\/www.edc-online.org\/br\/vamos-estudar\/instituto-universitario-sophia\/2226-bando-di-concorso-per-progetto-di-ricerca.html\" target=\"_blank\" rel=\"noopener\"> bolsa de estudo AIEC<\/a> para uma pesquisa sobre o impacto das iniciativas da <strong>EdC<\/strong> sobre a pobreza \u2013 <strong>a <a href=\"http:\/\/www.edc-online.org\/br\/home\/eventos-internacionais\/2950-4-9-febbraio-2013-missione-edc-in-serbia.html\" target=\"_blank\" rel=\"noopener\">\u201cMiss\u00e3o na S\u00e9rvia<\/a> foi uma excelente oportunidade<\/strong> para come\u00e7ar este estudo. De fato, \u00e9 indispens\u00e1vel entrar na l\u00f3gica da <a href=\"https:\/\/www.focolare.org\/pt\/in-dialogo\/cultura\/economia\/\" target=\"_blank\" rel=\"noopener\">Economia de Comunh\u00e3o<\/a>, entender de que maneira estas empresas vivem a cultura do dar no cotidiano e a quais necessidades concretas as ajudas correspondem.<\/p>\n<p><img alt=\"\" alt=\"\" loading=\"lazy\" decoding=\"async\" class=\"alignright size-slide wp-image-82057\" style=\"border: 0px;margin: 10px\" src=\"https:\/\/www.focolare.org\/wp-content\/uploads\/2013\/03\/20130321-01-214x202.jpg\" alt=\"\" width=\"214\" height=\"202\" \/>Tr\u00eas imagens podem representar idealmente \u2013 <strong>continua Cristina Viano<\/strong> \u2013 a variedade dos encontros com as empresas EdC que contatamos nesta viagem. <strong>Algumas fam\u00edlias de criadores de gado<\/strong> nos lembraram os fundamentos da comunh\u00e3o na economia como ci\u00eancia e a simplicidade do ambiente familiar e comunit\u00e1rio no qual pode desenvolver-se, partindo da coopera\u00e7\u00e3o entre pequenos produtores e da doa\u00e7\u00e3o n\u00e3o dos juros ou outros valores, mas, doa\u00e7\u00e3o de uma parte dos animais.<\/p>\n<p>Uma situa\u00e7\u00e3o completamente diferente: <strong>uma grande empresa que atua no setor agr\u00edcola<\/strong>, alimentar e comercial, evidenciou os dilemas e os desafios que comportam conciliar os valores de comunh\u00e3o e crescimento dimensional, partilhas e investimentos, rela\u00e7\u00f5es com a comunidade local e com os bancos. <strong>E, finalmente, a figura do empreendedor EdC<\/strong>, determinada a garantir a qualidade dos pr\u00f3prios produtos e do trabalho dos pr\u00f3prios funcion\u00e1rios; a ampliar gradualmente a atividade sem endividar-se; antes, oferecendo cr\u00e9ditos aos seus clientes sem juros, em uma s\u00f3lida confian\u00e7a rec\u00edproca.<em><\/em><\/p>\n<p><strong>\u00c9 evidente o fato de que a economia s\u00e9rvia sofra as consequ\u00eancias da guerra. Em algumas regi\u00f5es a pobreza se propagou e a taxa de desemprego \u00e9 elevada.<\/strong> Por este motivo a espontaneidade, a coer\u00eancia, a paix\u00e3o que encontramos nestes tr\u00eas exemplos acima descritos, e em muitos outros na regi\u00e3o da Voivodina, s\u00e3o testemunhos importantes. Pareceu-nos ainda mais evidente que edificar economia de comunh\u00e3o n\u00e3o significa limitar-se a uma impessoal doa\u00e7\u00e3o de dinheiro, ou a aplica\u00e7\u00e3o de um particular sistema de gest\u00e3o. E sim, significa primeiramente viver de modo completo e total a pr\u00f3pria realidade local, ter a energia para inventar um novo trabalho a partir de uma pequena produ\u00e7\u00e3o familiar, tornar-se um animador de comunidade que \u00e9 capaz de oferecer servi\u00e7os e estar ao lado de quem se encontra em dificuldades<em>\u00bb<\/em>.<\/p>\n<p><img alt=\"\" alt=\"\" loading=\"lazy\" decoding=\"async\" class=\"size-slide wp-image-82056 alignleft\" style=\"border: 0px;margin: 10px\" src=\"https:\/\/www.focolare.org\/wp-content\/uploads\/2013\/03\/20130321-02-170x202.jpg\" alt=\"\" width=\"170\" height=\"202\" \/>\u00abConstatar pessoalmente a realidade \u2013 <strong>acrescenta Jena Debbaneh<\/strong> \u2013 \u00e9 sempre muito diferente do fato de \u201ccompreend\u00ea-la\u201d somente atrav\u00e9s dos n\u00fameros. Tivemos contatos com muitas pessoas. Todos tinham a disposi\u00e7\u00e3o de compartilhar a pr\u00f3pria hist\u00f3ria: como e porque recebem ajuda, durante quanto tempo e de que modo a utilizam. Para n\u00f3s foi importante entender a hist\u00f3ria deles para termos uma id\u00e9ia precisa do real significado de \u201cajuda\u201d; mas, tamb\u00e9m os anseios futuros de cada um deles, das respostas transpareciam sempre certa confian\u00e7a no futuro, o que nos faz pensar que estas pessoas n\u00e3o s\u00e3o prisioneiras de uma \u201carmadilha da pobreza\u201d.<\/p>\n<p><strong>Lembro-me da visita a uma fam\u00edlia<\/strong> residente na zona rural pr\u00f3xima a Belgrado. As perguntas que t\u00ednhamos preparado antes se tornaram sem sentido quando vimos a casa em que moravam. Era evidente tanto a extrema pobreza material quanto a alegria da hospitalidade e da partilha da comida e bebida. Recebemos uma abundante quantidade de alimentos e, tamb\u00e9m, de felicidade e amor, e compreendemos que aquela fam\u00edlia doava e partilhava \u2013 assim como a vi\u00fava que \u00e9 citada no Evangelho \u2013 sendo, na realidade, ricos porque sabem o significado da \u201ccultura do dar\u201d.<\/p>\n<p>Durante esta viagem \u2013 <strong>conclui Jena<\/strong> \u2013 eu compreendi o que Chiara Lubich queria dizer e fazer quando lan\u00e7ou no Brasil, em 1991, a Economia de Comunh\u00e3o: eliminar pobreza e desigualdade e, para isto, criar empresas que tenham uma cultura nova. Os pobres s\u00e3o o objetivo da EdC e a inclus\u00e3o deles nas empresas \u00e9 o meio para verificar a sua efic\u00e1cia<em>\u00bb<\/em>.<\/p>\n<p>Antonella Ferrucci<\/p>\n<p>Fonte: <a href=\"http:\/\/edc-online.org\/br\/home\/eventos-internacionais\/2960-studiare-edc-attraverso-la-vita.html\" target=\"_blank\" rel=\"noopener\">EdC online<\/a><\/p>\n<p>Leia tamb\u00e9m: <a href=\"https:\/\/www.focolare.org\/it\/news\/2013\/03\/21\/edc-missione-in-serbia2\/\" target=\"_blank\" rel=\"noopener\">Economia de Comunh\u00e3o: miss\u00e3o na S\u00e9rvia<\/a><\/p>\n","protected":false},"excerpt":{"rendered":"<p>De retorno da miss\u00e3o da EdC na S\u00e9rvia, entrevista \u00e0s duas pesquisadoras do Instituto Universit\u00e1rio Sophia, que estudam o impacto da Economia de Comunh\u00e3o sobre a pobreza.<\/p>\n","protected":false},"author":27,"featured_media":0,"comment_status":"open","ping_status":"open","sticky":false,"template":"","format":"standard","meta":{"give_campaign_id":0,"_seopress_robots_primary_cat":"","_seopress_titles_title":"","_seopress_titles_desc":"","_seopress_robots_index":"","_et_pb_use_builder":"","_et_pb_old_content":"","_et_gb_content_width":"","footnotes":""},"categories":[129],"tags":[],"class_list":["post-345630","post","type-post","status-publish","format-standard","hentry","category-sem-categoria"],"_links":{"self":[{"href":"https:\/\/www.focolare.org\/pt-pt\/wp-json\/wp\/v2\/posts\/345630","targetHints":{"allow":["GET"]}}],"collection":[{"href":"https:\/\/www.focolare.org\/pt-pt\/wp-json\/wp\/v2\/posts"}],"about":[{"href":"https:\/\/www.focolare.org\/pt-pt\/wp-json\/wp\/v2\/types\/post"}],"author":[{"embeddable":true,"href":"https:\/\/www.focolare.org\/pt-pt\/wp-json\/wp\/v2\/users\/27"}],"replies":[{"embeddable":true,"href":"https:\/\/www.focolare.org\/pt-pt\/wp-json\/wp\/v2\/comments?post=345630"}],"version-history":[{"count":0,"href":"https:\/\/www.focolare.org\/pt-pt\/wp-json\/wp\/v2\/posts\/345630\/revisions"}],"wp:attachment":[{"href":"https:\/\/www.focolare.org\/pt-pt\/wp-json\/wp\/v2\/media?parent=345630"}],"wp:term":[{"taxonomy":"category","embeddable":true,"href":"https:\/\/www.focolare.org\/pt-pt\/wp-json\/wp\/v2\/categories?post=345630"},{"taxonomy":"post_tag","embeddable":true,"href":"https:\/\/www.focolare.org\/pt-pt\/wp-json\/wp\/v2\/tags?post=345630"}],"curies":[{"name":"wp","href":"https:\/\/api.w.org\/{rel}","templated":true}]}}