{"id":345642,"date":"2013-03-28T09:37:58","date_gmt":"2013-03-28T08:37:58","guid":{"rendered":"https:\/\/www.focolare.org\/revista-de-vida-eclesial-gens-nova-etapa\/"},"modified":"2024-06-06T12:20:45","modified_gmt":"2024-06-06T10:20:45","slug":"revista-de-vida-eclesial-gens-nova-etapa","status":"publish","type":"post","link":"https:\/\/www.focolare.org\/pt-pt\/revista-de-vida-eclesial-gens-nova-etapa\/","title":{"rendered":"Revista de vida eclesial gen\u2019s: nova etapa"},"content":{"rendered":"<p><strong><img alt=\"\" alt=\"\" loading=\"lazy\" decoding=\"async\" class=\"alignright  wp-image-82509\" style=\"margin: 10px;border: black 1px solid\" src=\"https:\/\/www.focolare.org\/wp-content\/uploads\/2013\/03\/20130328-01.jpg\" alt=\"\" width=\"240\" height=\"340\" \/>O in\u00edcio, em 1971, foi de pioneiros<\/strong>: duas simples m\u00e1quinas de escrever, chapas de metal para imprimir os endere\u00e7os, mudan\u00e7as de sede, mas o objetivo da reda\u00e7\u00e3o de <em><a href=\"http:\/\/www.indaco-torino.net\/gens\/arretrati.htm\">gen\u2019s<\/a><\/em> era claro e ousado: p\u00f4r o carisma da unidade de Chiara Lubich e do Movimento dos Focolares ao servi\u00e7o de uma pastoral com a amplitude do Conc\u00edlio Vaticano II &#8211; comunh\u00e3o e di\u00e1logo, a partir de uma sempre renovada penetra\u00e7\u00e3o do mist\u00e9rio trinit\u00e1rio-Pasqual de Deus.<\/p>\n<p><strong>A f\u00f3rmula caracter\u00edstica da revista<\/strong>: oferecer reflex\u00f5es que tenham uma resposta na vida e testemunhos que n\u00e3o fiquem ligados ao talento de cada pessoa e a circunst\u00e2ncias particulares, mas evidenciem orienta\u00e7\u00f5es que possam ser aplicadas em outros contextos.<\/p>\n<p>Mas a aventura de <em>gen\u2019s<\/em> come\u00e7ou tr\u00eas anos antes, com <strong>a exig\u00eancia de manter ligados seminaristas<\/strong> de v\u00e1rios pa\u00edses que tinham encontrado na viv\u00eancia do Evangelho e na espiritualidade comunit\u00e1ria da unidade um fundamento para as suas vidas e o est\u00edmulo para viver como uma \u201cnova gera\u00e7\u00e3o sacerdotal\u201d \u2013 de onde deriva o nome \u2013 que, colocando Deus em primeiro lugar, entende o chamamento ao minist\u00e9rio antes de tudo como servi\u00e7o e testemunho. Assim, nasceu um folheto mimeografado que, em 1971, se transformou num impresso, que foi o germe da revista atual.<\/p>\n<p><strong>Atravessando estes \u00e1rduos quarenta anos, <em>gen\u2019s<\/em><\/strong><em> <\/em>tornou-se num laborat\u00f3rio de pensamento e de vida. Nas suas p\u00e1ginas, alternaram-se as assinaturas de <a href=\"https:\/\/www.focolare.org\/pt\/chiara-lubich\/chi-e-chiara\/\" target=\"_blank\" rel=\"noopener\">Chiara Lubich<\/a>, de <a href=\"https:\/\/www.focolare.org\/pt\/chiara-lubich\/chi-e-chiara\/pasquale-foresi\/\" target=\"_blank\" rel=\"noopener\">Pasquale Foresi<\/a>, <a href=\"https:\/\/www.focolare.org\/pt\/chiara-lubich\/chi-e-chiara\/igino-giordani\/\">Igino Giordani<\/a>, do te\u00f3logo e bispo alem\u00e3o Klaus Hemmerle, al\u00e9m de outros bispos que j\u00e1 tinham colaborado desde seminaristas, do te\u00f3logo italiano Piero Coda, dos padres Silvano Cola e Toni Weber, entre outros.<\/p>\n<p>Hoje, com nova apresenta\u00e7\u00e3o,<em> gen\u2019s<\/em> continua a lan\u00e7ar pontes entre a Igreja e o mundo contempor\u00e2neo, integrando-se no Grupo editorial <em>Citt\u00e0 Nuova<\/em> com o qual, desde o in\u00edcio, partilhou a inspira\u00e7\u00e3o de fundo: o sonho de Jesus, \u00abque todos sejam um\u00bb.<\/p>\n<p>No portal de <em>Citt\u00e0 Nuova<\/em> (clicar <a href=\"http:\/\/www.gruppocittanuova.it\/\" target=\"_blank\" rel=\"noopener\">Gruppo CN<\/a> e depois gen\u2019s&#8217;) pode-se aceder ao vasto material de arquivo e pesquisa (em l\u00edngua italiana), que re\u00fane os n\u00fameros da revista desde 1971 at\u00e9 hoje.<\/p>\n<p>Durante estes anos, gen\u2019s desenvolveu-se tamb\u00e9m em outras l\u00ednguas, tanto na vers\u00e3o em papel como <em>online<\/em>. Em portugu\u00eas com <em><a href=\"http:\/\/perspectivasdecomunhao.blogspot.it\/\">Perspectivas de Comunh\u00e3o<\/a><\/em>, em ingl\u00eas <em><a href=\"..\/..\/AppData\/Local\/Microsoft\/Windows\/Temporary%20Internet%20Files\/Content.Outlook\/OU1AT08D\/ATT00094.htm\">Being one<\/a><\/em>, <em><a href=\"http:\/\/www.neuestadt.com\/zeitschrift_320.ahtml\">Das Prisma<\/a><\/em> em alem\u00e3o; e ainda <em>gen\u2019s<\/em> na \u00cdndia, na Argentina e na Pol\u00f4nia.<\/p>\n<hr \/>\n<p><a href=\"https:\/\/www.focolare.org\/wp-content\/uploads\/2013\/03\/Gens-Magazine.jpg\"><img alt=\"\" alt=\"\" loading=\"lazy\" decoding=\"async\" class=\"wp-image-82760 alignnone\" src=\"https:\/\/www.focolare.org\/wp-content\/uploads\/2013\/03\/Gens-Magazine.jpg\" alt=\"\" width=\"147\" height=\"201\" \/><\/a><a href=\"https:\/\/www.focolare.org\/wp-content\/uploads\/2013\/03\/Iglesia-hoy_01.jpg\"><img alt=\"\" alt=\"\" loading=\"lazy\" decoding=\"async\" class=\"wp-image-82762 alignnone\" src=\"https:\/\/www.focolare.org\/wp-content\/uploads\/2013\/03\/Iglesia-hoy_01.jpg\" alt=\"\" width=\"146\" height=\"201\" \/><\/a><a href=\"https:\/\/www.focolare.org\/wp-content\/uploads\/2013\/03\/gens-polacco_01.jpg\"><img alt=\"\" alt=\"\" loading=\"lazy\" decoding=\"async\" class=\"wp-image-82761 alignnone\" src=\"https:\/\/www.focolare.org\/wp-content\/uploads\/2013\/03\/gens-polacco_01.jpg\" alt=\"\" width=\"142\" height=\"201\" \/><\/a><a href=\"https:\/\/www.focolare.org\/wp-content\/uploads\/2013\/03\/Perspectivas-de-Comunh\u00e3o_01.jpg\"><img alt=\"\" alt=\"\" loading=\"lazy\" decoding=\"async\" class=\"wp-image-82763 alignnone\" src=\"https:\/\/www.focolare.org\/wp-content\/uploads\/2013\/03\/Perspectivas-de-Comunh\u00e3o_01.jpg\" alt=\"\" width=\"142\" height=\"201\" \/><\/a><\/p>\n<hr \/>\n","protected":false},"excerpt":{"rendered":"<p>Um instrumento sempre atual para lan\u00e7ar pontes entre a Igreja e o mundo contempor\u00e2neo.<\/p>\n","protected":false},"author":34,"featured_media":0,"comment_status":"open","ping_status":"open","sticky":false,"template":"","format":"standard","meta":{"give_campaign_id":0,"_seopress_robots_primary_cat":"","_seopress_titles_title":"","_seopress_titles_desc":"","_seopress_robots_index":"","_et_pb_use_builder":"","_et_pb_old_content":"","_et_gb_content_width":"","footnotes":""},"categories":[129],"tags":[],"class_list":["post-345642","post","type-post","status-publish","format-standard","hentry","category-sem-categoria"],"_links":{"self":[{"href":"https:\/\/www.focolare.org\/pt-pt\/wp-json\/wp\/v2\/posts\/345642","targetHints":{"allow":["GET"]}}],"collection":[{"href":"https:\/\/www.focolare.org\/pt-pt\/wp-json\/wp\/v2\/posts"}],"about":[{"href":"https:\/\/www.focolare.org\/pt-pt\/wp-json\/wp\/v2\/types\/post"}],"author":[{"embeddable":true,"href":"https:\/\/www.focolare.org\/pt-pt\/wp-json\/wp\/v2\/users\/34"}],"replies":[{"embeddable":true,"href":"https:\/\/www.focolare.org\/pt-pt\/wp-json\/wp\/v2\/comments?post=345642"}],"version-history":[{"count":0,"href":"https:\/\/www.focolare.org\/pt-pt\/wp-json\/wp\/v2\/posts\/345642\/revisions"}],"wp:attachment":[{"href":"https:\/\/www.focolare.org\/pt-pt\/wp-json\/wp\/v2\/media?parent=345642"}],"wp:term":[{"taxonomy":"category","embeddable":true,"href":"https:\/\/www.focolare.org\/pt-pt\/wp-json\/wp\/v2\/categories?post=345642"},{"taxonomy":"post_tag","embeddable":true,"href":"https:\/\/www.focolare.org\/pt-pt\/wp-json\/wp\/v2\/tags?post=345642"}],"curies":[{"name":"wp","href":"https:\/\/api.w.org\/{rel}","templated":true}]}}