{"id":345654,"date":"2013-04-03T06:34:18","date_gmt":"2013-04-03T04:34:18","guid":{"rendered":"https:\/\/www.focolare.org\/chegou-primavera\/"},"modified":"2024-06-06T12:20:48","modified_gmt":"2024-06-06T10:20:48","slug":"chegou-primavera","status":"publish","type":"post","link":"https:\/\/www.focolare.org\/pt-pt\/chegou-primavera\/","title":{"rendered":"Chegou \u201cPrimavera\u201d"},"content":{"rendered":"<p><strong><img alt=\"\" alt=\"\" loading=\"lazy\" decoding=\"async\" class=\"alignright size-full wp-image-82779\" style=\"margin-left: 10px;margin-right: 10px\" src=\"https:\/\/www.focolare.org\/wp-content\/uploads\/2013\/04\/20130403-01.jpg\" alt=\"\" width=\"235\" height=\"236\" \/>\u00abO caminho da nossa hist\u00f3ria \u00e9 longo e \u00e0s vezes acidentado<\/strong>, mas a nossa fam\u00edlia \u00e9 o mais lindo presente que recebemos. <strong>O nome da nossa menina mais nova j\u00e1 \u00e9 uma promessa: em vietnamita significa \u201cPrimavera\u201d.<\/strong><\/p>\n<p>Est\u00e1vamos casados h\u00e1 pouco tempo quando conhecemos uma menina, de cerca de um ano, que estava sob a tutela de um centro para crian\u00e7as gravemente in\u00e1beis, onde minha esposa trabalhava como volunt\u00e1ria, em um projeto internacional, na \u00c1sia. Depois de um per\u00edodo de cust\u00f3dia chegou-nos a proposta da ado\u00e7\u00e3o, foi ent\u00e3o que experimentamos como <strong>maternidade e paternidade s\u00e3o uma liga\u00e7\u00e3o \u201cde alma\u201d<\/strong>, que supera os aspectos biol\u00f3gicos. Infelizmente a burocracia obrigou-nos a renunciar ao nosso projeto. A alegria retornou com o nascimento do nosso primeiro filho, ainda na \u00c1sia. Esta longa experi\u00eancia foi o nosso primeiro encontro com a cultura do Oriente, onde moramos por dois anos.<\/p>\n<p><strong>Quando voltamos \u00e0 It\u00e1lia nasceu o segundo filho<\/strong> e pouco depois retornou tamb\u00e9m a ideia da ado\u00e7\u00e3o. Decidimos nos dirigir \u00e0 A\u00e7\u00e3o por <a href=\"https:\/\/www.focolare.org\/pt\/movimento-dei-focolari\/un-popolo\/famiglie-nuove\/\" target=\"_blank\" rel=\"noopener\">Fam\u00edlias Novas<\/a> (AFN), do <a href=\"https:\/\/www.focolare.org\/pt\/movimento-dei-focolari\/storia\/\" target=\"_blank\" rel=\"noopener\">Movimento dos Focolares<\/a>. No m\u00eas de agosto de 2005 recebemos um telefonema onde nos avisavam que dev\u00edamos nos preparar para ir ao Vietnam. Ficamos l\u00e1 um m\u00eas: uma maravilhosa aventura. O nosso filho mais velho, de nove anos, disse: \u201cFoi como dar \u00e0 luz todos juntos\u201d. O momento mais emocionante foi quando minha esposa a pegou nos bra\u00e7os pela primeira vez, e depois todos n\u00f3s: parecia um coelhinho perdido.<\/p>\n<p><strong>Visitamos Saigon e conhecemos as origens de nossa filha.<\/strong> Ap\u00f3s alguns dias apareceram alguns sorrisos, o primeiro foi dirigido a seus irm\u00e3os, como se ela soubesse desde j\u00e1 a fun\u00e7\u00e3o importante que teria tido na vida deles, e de toda a fam\u00edlia. Eles souberam dar espa\u00e7o a ela, como quando o segundo, que tinha seis anos e gostava de estar no colo do pai, diante dos protestos da irm\u00e3zinha deu a ela o seu lugar.<\/p>\n<p><strong><img alt=\"\" alt=\"\" loading=\"lazy\" decoding=\"async\" class=\"size-full wp-image-82782 alignleft\" style=\"margin-right: 10px\" src=\"https:\/\/www.focolare.org\/wp-content\/uploads\/2013\/04\/20130403-02.jpg\" alt=\"\" width=\"314\" height=\"199\" \/>O grupo de fam\u00edlias que frequentamos desde que voltamos \u00e0 It\u00e1lia \u00e9 uma parte importante da experi\u00eancia que estamos vivendo.<\/strong> \u00c9 como uma \u00fanica grande fam\u00edlia alargada, feita de fam\u00edlias adotivas do Vietnam e de outros pa\u00edses. Chegamos a fazer at\u00e9 longas viagens para poder estar juntos, e criar esses filhos com a consci\u00eancia de que a ado\u00e7\u00e3o \u00e9 uma experi\u00eancia natural que muitas fam\u00edlias vivem. \u00c9 uma grande oportunidade para experimentar que o amor \u00e9 poss\u00edvel entre pessoas de origens diferentes.<\/p>\n<p><strong>A nossa ca\u00e7ula agora tem nove anos e \u00e9 uma menina maravilhosa<\/strong>, bem inserida, seja na escola que na fam\u00edlia alargada. Brinca normalmente com os seus irm\u00e3os, as brincadeiras \u201cde menino\u201d, mas manteve a delicadeza e uma do\u00e7ura encantadoras. Gosta muito de m\u00fasica e de dan\u00e7a e frequenta, com a m\u00e3e, aulas de harpa celta.<\/p>\n<p>Os \u00faltimos anos, muito bonitos, mas tamb\u00e9m bastante intensos, levaram-nos a concentrar-nos nas necessidades de adapta\u00e7\u00e3o da menina e agora talvez devamos recuperar algum momento com os outros dois; <strong>mas o vento de \u201cprimavera\u201d que recebemos, com o seu vibrante desejo de viver e a candura t\u00edpica de seu pa\u00eds de origem, ajuda-nos a superar at\u00e9 os dias mais dif\u00edceis e tempestuosos\u00bb.<\/strong><\/p>\n<p>Aos cuidados de Marzia Rigliani<\/p>\n<p>Fonte: <em>Spazio Famiglia<\/em>, Boletim mensal da AFNonlus (<a href=\"http:\/\/www.afonlus.org\/\">www.afonlus.org<\/a>), mar\u00e7o 2013, pgg. 12-13<\/p>\n","protected":false},"excerpt":{"rendered":"<p>Uma fam\u00edlia conta a dif\u00edcil, mas bem sucedida, experi\u00eancia de ado\u00e7\u00e3o. A import\u00e2ncia de uma rede de fam\u00edlias que acompanham um passo t\u00e3o \u00e1rduo e feliz.<\/p>\n","protected":false},"author":34,"featured_media":0,"comment_status":"open","ping_status":"open","sticky":false,"template":"","format":"standard","meta":{"give_campaign_id":0,"_seopress_robots_primary_cat":"","_seopress_titles_title":"","_seopress_titles_desc":"","_seopress_robots_index":"","_et_pb_use_builder":"","_et_pb_old_content":"","_et_gb_content_width":"","footnotes":""},"categories":[909],"tags":[],"class_list":["post-345654","post","type-post","status-publish","format-standard","hentry","category-focolare-worldwide-2-4"],"_links":{"self":[{"href":"https:\/\/www.focolare.org\/pt-pt\/wp-json\/wp\/v2\/posts\/345654","targetHints":{"allow":["GET"]}}],"collection":[{"href":"https:\/\/www.focolare.org\/pt-pt\/wp-json\/wp\/v2\/posts"}],"about":[{"href":"https:\/\/www.focolare.org\/pt-pt\/wp-json\/wp\/v2\/types\/post"}],"author":[{"embeddable":true,"href":"https:\/\/www.focolare.org\/pt-pt\/wp-json\/wp\/v2\/users\/34"}],"replies":[{"embeddable":true,"href":"https:\/\/www.focolare.org\/pt-pt\/wp-json\/wp\/v2\/comments?post=345654"}],"version-history":[{"count":0,"href":"https:\/\/www.focolare.org\/pt-pt\/wp-json\/wp\/v2\/posts\/345654\/revisions"}],"wp:attachment":[{"href":"https:\/\/www.focolare.org\/pt-pt\/wp-json\/wp\/v2\/media?parent=345654"}],"wp:term":[{"taxonomy":"category","embeddable":true,"href":"https:\/\/www.focolare.org\/pt-pt\/wp-json\/wp\/v2\/categories?post=345654"},{"taxonomy":"post_tag","embeddable":true,"href":"https:\/\/www.focolare.org\/pt-pt\/wp-json\/wp\/v2\/tags?post=345654"}],"curies":[{"name":"wp","href":"https:\/\/api.w.org\/{rel}","templated":true}]}}