{"id":345662,"date":"2013-04-07T05:00:43","date_gmt":"2013-04-07T03:00:43","guid":{"rendered":"https:\/\/www.focolare.org\/o-gesto-do-papa-bergoglio\/"},"modified":"2024-06-06T12:20:49","modified_gmt":"2024-06-06T10:20:49","slug":"o-gesto-do-papa-bergoglio","status":"publish","type":"post","link":"https:\/\/www.focolare.org\/pt-pt\/o-gesto-do-papa-bergoglio\/","title":{"rendered":"O gesto do Papa Bergoglio"},"content":{"rendered":"<p><strong><img alt=\"\" alt=\"\" loading=\"lazy\" decoding=\"async\" class=\"alignright size-full wp-image-82813\" style=\"margin-left: 10px\" src=\"https:\/\/www.focolare.org\/wp-content\/uploads\/2013\/04\/Carlo_Tedde.jpg\" alt=\"\" width=\"150\" height=\"179\" \/>\u201c<em>Continuem em frente sem perder a esperan\u00e7a<\/em>\u201d<\/strong>, esta foi a mensagem do <a href=\"http:\/\/www.vatican.va\/holy_father\/francesco\/index_po.htm\" target=\"_blank\" rel=\"noopener\"><strong>Papa Francisco<\/strong><\/a> aos jovens da pris\u00e3o juvenil de Casal del Marmo de Roma, ap\u00f3s a celebra\u00e7\u00e3o da Quinta-feira Santa. Durante a liturgia o Papa lavou os p\u00e9s de 12 jovens de nacionalidades e confiss\u00f5es diferentes. Entre eles, duas adolescentes, uma italiana de religi\u00e3o cat\u00f3lica e uma s\u00e9rvia de f\u00e9 mu\u00e7ulmana. O Papa <strong>Bergoglio<\/strong> est\u00e1 nos habituando, dia ap\u00f3s dia, a gestos fortes, incomuns e muitas vezes revolucion\u00e1rios. Este gesto impressiona-nos de modo particular pelo local onde aconteceu; al\u00e9m disso, o Papa n\u00e3o permitiu filmagens.<\/p>\n<p><strong>Carlo Tedde, empreendedor social <a href=\"https:\/\/www.focolare.org\/pt\/in-dialogo\/cultura\/economia\/\" target=\"_blank\" rel=\"noopener\">EdC<\/a> e presidente de um cons\u00f3rcio de cooperativas sociais na Sardenha<\/strong>, o <a href=\"http:\/\/www.consolidarieta.it\/consol\/\" target=\"_blank\" rel=\"noopener\">Cons\u00f3rcio Solidariet\u00e0<\/a>, al\u00e9m de representante de <em>Confcooperative Sardegna<\/em>, tamb\u00e9m trabalha h\u00e1 diversos anos com a <strong><em>Cooperativa Elan<\/em><\/strong> que administra um setor da pris\u00e3o juvenil de Cagliari.<\/p>\n<p><strong><img alt=\"\" alt=\"\" loading=\"lazy\" decoding=\"async\" class=\"size-full wp-image-82811 alignleft\" style=\"margin-right: 10px\" src=\"https:\/\/www.focolare.org\/wp-content\/uploads\/2013\/04\/20130403-03.jpg\" alt=\"\" width=\"292\" height=\"235\" \/><em>Carlo, qual a tua impress\u00e3o sobre este gesto do Papa?<\/em><\/strong><\/p>\n<p><em>\u00ab<\/em><em>Para<\/em><em> <\/em><em>mim exprime a radicalidade do Cristianismo: hoje, num mundo onde parece que conta s\u00f3 a apar\u00eancia, este n\u00e3o foi um gesto feito \u201cpara aparecer\u201d. Foi um gesto fort\u00edssimo mas simples, feito com a alegria de um Papa que o faz porque acredita. Um gesto que nos faz retornar \u00e0 pureza da mensagem de Jesus e nos ajuda a permanecer na estrada mais verdadeira do cristianismo<\/em><em>\u00bb<\/em><em>.<\/em><\/p>\n<p><strong><em>O Papa Bergoglio escolheu justamente uma pris\u00e3o juvenil para celebrar a Quinta-feira Santa. Como v\u00eas este acontecimento?<\/em><\/strong><\/p>\n<p><em>\u00ab<\/em><em>Considero uma coisa muito<\/em><em> <\/em><em>importante. Tenho uma experi\u00eancia pessoal sobre isto: num momento muito dif\u00edcil da minha vida, tamb\u00e9m estive numa pris\u00e3o juvenil na Inglaterra, depois de ter chegado ao fundo do po\u00e7o. Aquilo que eu tinha dentro de mim era uma energia enorme, a energia de um jovem que tem a vida diante de si, uma energia que precisava ser recolocada na dire\u00e7\u00e3o da esperan\u00e7a.<\/em><\/p>\n<p><em>Naquele momento, quando tamb\u00e9m a minha fam\u00edlia j\u00e1 estava cansada dos meus erros, encontrei pessoas, naquela pris\u00e3o, que confiaram em mim e isto foi um impulso que me ajudou a recome\u00e7ar. <\/em><\/p>\n<p><em>O Papa, ao decidir lavar os p\u00e9s \u201cdos pequenos\u201d e escolhendo um tipo de estrutura que muitas vezes, tamb\u00e9m pela burocracia sufocante, n\u00e3o consegue fazer aquilo que deveria, quis dar esperan\u00e7a; o seu gesto representava verdadeiramente o ponto de for\u00e7a de uma f\u00e9 que nasce das coisas mais simples, dos \u00faltimos; dos &#8220;\u00faltimos&#8221; que, por\u00e9m, pensando bem, s\u00e3o tamb\u00e9m \u201cos primeiros\u201d, os nossos jovens. A esperan\u00e7a \u00e9 contagiosa, dar-lhes esperan\u00e7a significa dar esperan\u00e7a a todos<\/em><em>\u00bb<\/em><em>.<\/em><\/p>\n<p>Antonella Ferrucci<\/p>\n<p>Fonte: <a href=\"http:\/\/www.edc-online.org\/br\/\" target=\"_blank\" rel=\"noopener\">EdC online<\/a><\/p>\n","protected":false},"excerpt":{"rendered":"<p>Um empreendedor social, com a experi\u00eancia de ter passado um per\u00edodo da juventude numa pris\u00e3o, oferece uma leitura sobre a visita do Papa Francisco, na Quinta-feira Santa, aos jovens detidos numa pris\u00e3o juvenil em Roma.<\/p>\n","protected":false},"author":34,"featured_media":0,"comment_status":"open","ping_status":"open","sticky":false,"template":"","format":"standard","meta":{"give_campaign_id":0,"_seopress_robots_primary_cat":"","_seopress_titles_title":"","_seopress_titles_desc":"","_seopress_robots_index":"","_et_pb_use_builder":"","_et_pb_old_content":"","_et_gb_content_width":"","footnotes":""},"categories":[909],"tags":[],"class_list":["post-345662","post","type-post","status-publish","format-standard","hentry","category-focolare-worldwide-2-4"],"_links":{"self":[{"href":"https:\/\/www.focolare.org\/pt-pt\/wp-json\/wp\/v2\/posts\/345662","targetHints":{"allow":["GET"]}}],"collection":[{"href":"https:\/\/www.focolare.org\/pt-pt\/wp-json\/wp\/v2\/posts"}],"about":[{"href":"https:\/\/www.focolare.org\/pt-pt\/wp-json\/wp\/v2\/types\/post"}],"author":[{"embeddable":true,"href":"https:\/\/www.focolare.org\/pt-pt\/wp-json\/wp\/v2\/users\/34"}],"replies":[{"embeddable":true,"href":"https:\/\/www.focolare.org\/pt-pt\/wp-json\/wp\/v2\/comments?post=345662"}],"version-history":[{"count":0,"href":"https:\/\/www.focolare.org\/pt-pt\/wp-json\/wp\/v2\/posts\/345662\/revisions"}],"wp:attachment":[{"href":"https:\/\/www.focolare.org\/pt-pt\/wp-json\/wp\/v2\/media?parent=345662"}],"wp:term":[{"taxonomy":"category","embeddable":true,"href":"https:\/\/www.focolare.org\/pt-pt\/wp-json\/wp\/v2\/categories?post=345662"},{"taxonomy":"post_tag","embeddable":true,"href":"https:\/\/www.focolare.org\/pt-pt\/wp-json\/wp\/v2\/tags?post=345662"}],"curies":[{"name":"wp","href":"https:\/\/api.w.org\/{rel}","templated":true}]}}