{"id":345674,"date":"2013-04-12T06:25:55","date_gmt":"2013-04-12T04:25:55","guid":{"rendered":"https:\/\/www.focolare.org\/egito-resgatar-a-infancia\/"},"modified":"2024-06-06T12:20:51","modified_gmt":"2024-06-06T10:20:51","slug":"egito-resgatar-a-infancia","status":"publish","type":"post","link":"https:\/\/www.focolare.org\/pt-pt\/egito-resgatar-a-infancia\/","title":{"rendered":"Egito: resgatar a inf\u00e2ncia"},"content":{"rendered":"<p><strong><img alt=\"\" alt=\"\" loading=\"lazy\" decoding=\"async\" class=\"size-full wp-image-83286 alignleft\" style=\"margin-right: 10px\" src=\"https:\/\/www.focolare.org\/wp-content\/uploads\/2013\/04\/20130412-01.jpg\" alt=\"\" width=\"314\" height=\"235\" \/>No Egito a quest\u00e3o dos menores trabalhadores constitui uma emerg\u00eancia social<\/strong>: dos 80 milh\u00f5es (aproximativamente) de habitantes mais de dois milh\u00f5es de crian\u00e7as entre sete e quinze anos trabalham. Muitas delas s\u00e3o obrigadas a abandonar a escola para sustentar a fam\u00edlia. No Cairo, as crian\u00e7as que trabalham frequentemente vivem na rua, expostas a varias formas de viol\u00eancia e ao perigo de contrair doen\u00e7as graves.<\/p>\n<p><strong>A <a href=\"http:\/\/www.amu-it.eu\/?lang=en\" target=\"_blank\" rel=\"noopener\">AMU<\/a> \u2013 ONG cuja origem se fundamenta na espiritualidade do Movimento dos Focolares \u2013 que, h\u00e1 muitos anos colabora com a Funda\u00e7\u00e3o <em>Koz Kazah<\/em><\/strong><em> <\/em>(arco-\u00edris, na l\u00edngua \u00e1rabe), <strong>continua tamb\u00e9m em 2013 o empenho<\/strong> em favor das crian\u00e7as que vivem no bairro Shubra, no Cairo: menores entre cinco e quinze anos, trabalhadores e provenientes de fam\u00edlias em condi\u00e7\u00f5es extremamente dif\u00edceis. O primeiro objetivo \u00e9 <strong>resgatar a inf\u00e2ncia deles<\/strong> por meio de um espa\u00e7o segundo as necessidades de uma crian\u00e7a. O Centro que os acolhe um dia durante a semana, o dia de descanso do trabalho, oferece a possibilidade de aprender a ler e escrever, de aprender atrav\u00e9s de atividades l\u00fadicas, do esporte e da arte a reencontrar a confian\u00e7a em si mesmos e a capacidade de interagir positivamente com os outros. Atualmente os adolescentes que j\u00e1 frequentam o Centro ajudam as crian\u00e7as novatas na inser\u00e7\u00e3o nas v\u00e1rias atividades. Nasceu tamb\u00e9m um clube chamado <em>Ebn Masr<\/em> (Filho do Egito).<\/p>\n<p><strong>Considerando os resultados ao longo dos anos foram iniciados alguns cursos de forma\u00e7\u00e3o<\/strong> profissional: eletricista e carpinteiro para os adolescentes e um ateli\u00ea de costura para as adolescentes. De grande import\u00e2ncia o resultado produzido pelo curso de teatro, ministrado por uma diretora de cinema j\u00e1 afirmada profissionalmente. No m\u00eas de setembro de 2012 houve a primeira apresenta\u00e7\u00e3o, durante um evento importante promovido pela Funda\u00e7\u00e3o <em>Koz Kazah <\/em>em colabora\u00e7\u00e3o com duas associa\u00e7\u00f5es mu\u00e7ulmanas, uma que se ocupa da tutela dos \u00f3rf\u00e3os e outra que se dedica aos portadores de defici\u00eancia.<\/p>\n<p><strong>Hanna Kaiser, respons\u00e1vel da AMU<\/strong> e deste projeto nos declarou: \u201c<em>A Jornada da Paz foi uma ocasi\u00e3o muito importante para os nossos adolescentes, para que se sentissem valorizados e inseridos na sociedade. Os participantes eram adolescentes provenientes de todas as classes sociais, crist\u00e3os e mu\u00e7ulmanos. <\/em>E continua: \u201c<em>Constatamos que para os adolescentes o esporte tem um papel important\u00edssimo na forma\u00e7\u00e3o e assim organizamos torneios de futebol envolvendo outros centros esportivos da cidade. A situa\u00e7\u00e3o das adolescentes \u00e9 muito diferente e, por meio das atividades que promovemos, entendemos que \u00e9 poss\u00edvel remover alguns preconceitos muito enraizados em algumas camadas sociais. Cito um exemplo: R. \u00e9 uma das adolescentes que tem muitas capacidades, se destaca entre todas da sua escola e era j\u00e1 destinada a deixar os estudos ao concluir o ensino m\u00e9dio para casar-se, \u00fanico futuro poss\u00edvel e imagin\u00e1vel. O nosso apoio serviu para convencer os seus pais que ela deve continuar os estudos e tornar-se enfermeira. Este fato \u00e9 um sinal importante de transforma\u00e7\u00e3o, tamb\u00e9m para as outras fam\u00edlias.<\/em>\u201d<\/p>\n<p>Outro resultado muito importante foi obtido por quatro adolescentes que fizeram as provas de alfabetiza\u00e7\u00e3o exigidas pelo governo e, de posse do certificado, poder\u00e3o ter acesso ao mercado de trabalho, fazer o teste para a obten\u00e7\u00e3o da carteira de habilita\u00e7\u00e3o e trabalhar como motoristas, por exemplo. Eles ser\u00e3o, com certeza, exemplo e est\u00edmulo para que muitos outros possam transformar e melhorar as pr\u00f3prias condi\u00e7\u00f5es de vida.<\/p>\n<p>Dados do projeto para o ano 2013<\/p>\n<p>Projeto: Adolescentes em situa\u00e7\u00e3o de risco<\/p>\n<p>Destinat\u00e1rios: 120 menores<\/p>\n<p>Refer\u00eancia local: Funda\u00e7\u00e3o <em>Koz Kazah<\/em><\/p>\n<p>Custo total do projeto: \u20ac 27.624,37<\/p>\n<p>Recursos locais: \u20ac 12.352,63 &#8211; Contribui\u00e7\u00e3o solicitada \u00e0 AMU: 15.271,74<\/p>\n<p>Fonte: AMU Not\u00edcias e Newsletter AMU<\/p>\n<p><a href=\"http:\/\/www.amu-it.eu\/2013\/03\/08\/egitto-andata-e-ritorno\/?lang=it\">http:\/\/www.amu-it.eu\/2013\/03\/08\/egitto-andata-e-ritorno\/?lang=it<\/a><\/p>\n<p><a href=\"http:\/\/www.amu-it.eu\/wp-content\/uploads\/2012\/06\/NEWSLETTER-formazione-giugno-2012.pdf\">http:\/\/www.amu-it.eu\/wp-content\/uploads\/2012\/06\/NEWSLETTER-formazione-giugno-2012.pdf<\/a><\/p>\n<p><a href=\"http:\/\/www.amu-it.eu\/wp-content\/uploads\/2012\/11\/AMU-Notizie-n%C2%B04per-web.pdf\">http:\/\/www.amu-it.eu\/wp-content\/uploads\/2012\/11\/AMU-Notizie-n%C2%B04per-web.pdf<\/a><\/p>\n","protected":false},"excerpt":{"rendered":"<p>A\u00e7\u00e3o por um Mundo Unido, em colabora\u00e7\u00e3o com a Funda\u00e7\u00e3o eg\u00edpcia Koz Kazah, desenvolve um projeto que visa a recupera\u00e7\u00e3o de menores em situa\u00e7\u00e3o de risco, oferecendo-lhes novas perspectivas para o futuro.<\/p>\n","protected":false},"author":27,"featured_media":0,"comment_status":"open","ping_status":"open","sticky":false,"template":"","format":"standard","meta":{"give_campaign_id":0,"_seopress_robots_primary_cat":"","_seopress_titles_title":"","_seopress_titles_desc":"","_seopress_robots_index":"","_et_pb_use_builder":"","_et_pb_old_content":"","_et_gb_content_width":"","footnotes":""},"categories":[909],"tags":[],"class_list":["post-345674","post","type-post","status-publish","format-standard","hentry","category-focolare-worldwide-2-4"],"_links":{"self":[{"href":"https:\/\/www.focolare.org\/pt-pt\/wp-json\/wp\/v2\/posts\/345674","targetHints":{"allow":["GET"]}}],"collection":[{"href":"https:\/\/www.focolare.org\/pt-pt\/wp-json\/wp\/v2\/posts"}],"about":[{"href":"https:\/\/www.focolare.org\/pt-pt\/wp-json\/wp\/v2\/types\/post"}],"author":[{"embeddable":true,"href":"https:\/\/www.focolare.org\/pt-pt\/wp-json\/wp\/v2\/users\/27"}],"replies":[{"embeddable":true,"href":"https:\/\/www.focolare.org\/pt-pt\/wp-json\/wp\/v2\/comments?post=345674"}],"version-history":[{"count":0,"href":"https:\/\/www.focolare.org\/pt-pt\/wp-json\/wp\/v2\/posts\/345674\/revisions"}],"wp:attachment":[{"href":"https:\/\/www.focolare.org\/pt-pt\/wp-json\/wp\/v2\/media?parent=345674"}],"wp:term":[{"taxonomy":"category","embeddable":true,"href":"https:\/\/www.focolare.org\/pt-pt\/wp-json\/wp\/v2\/categories?post=345674"},{"taxonomy":"post_tag","embeddable":true,"href":"https:\/\/www.focolare.org\/pt-pt\/wp-json\/wp\/v2\/tags?post=345674"}],"curies":[{"name":"wp","href":"https:\/\/api.w.org\/{rel}","templated":true}]}}