{"id":345678,"date":"2013-04-14T06:31:20","date_gmt":"2013-04-14T04:31:20","guid":{"rendered":"https:\/\/www.focolare.org\/oreste-basso-a-vida-para-fazer-do-mundo-uma-familia\/"},"modified":"2024-06-06T12:20:52","modified_gmt":"2024-06-06T10:20:52","slug":"oreste-basso-a-vida-para-fazer-do-mundo-uma-familia","status":"publish","type":"post","link":"https:\/\/www.focolare.org\/pt-pt\/oreste-basso-a-vida-para-fazer-do-mundo-uma-familia\/","title":{"rendered":"Oreste Basso, a vida para fazer do mundo uma fam\u00edlia"},"content":{"rendered":"<p><img alt=\"\" alt=\"\" loading=\"lazy\" decoding=\"async\" class=\"alignright  wp-image-83492\" style=\"margin-left: 10px\" src=\"https:\/\/www.focolare.org\/wp-content\/uploads\/2013\/04\/OresteBasso.jpg\" alt=\"\" width=\"251\" height=\"188\" \/><\/p>\n<p>Em poucos dias seu estado de sa\u00fade agravou-se e \u00e0s 0h30 desta noite veio a falecer. A sua vida, a sua grande humanidade e seu sorriso est\u00e3o gravados em milhares de cora\u00e7\u00f5es, nas pessoas que encontrou durante os longos anos vividos no servi\u00e7o a Deus e ao ideal da unidade, que ele conheceu ainda jovem, em Mil\u00e3o.<\/p>\n<p>Mais tarde escreveremos sobre a sua hist\u00f3ria. O vel\u00f3rio est\u00e1 acontecendo na capela do Centro Internacional do Movimento dos Focolares, em Rocca di Papa (Roma \u2013 It\u00e1lia), para aonde est\u00e3o se dirigindo todos aqueles que desejam prestar suas homenagens a Oreste.<\/p>\n<p>O funeral ser\u00e1 dia 15 de abril, \u00e0s 15h (hora italiana), sempre no Centro Internacional dos Focolares.<\/p>\n","protected":false},"excerpt":{"rendered":"<p>Na noite deste domingo, 14 de abril, Oreste Basso nos deixou. Foi um dos primeiros focolarinos que, ao lado de Chiara Lubich, atuou no desenvolvimento e difus\u00e3o do Movimento dos Focolares. O recordamos com seu sorriso travesso, o olhar l\u00edmpido e sempre acolhedor.<\/p>\n","protected":false},"author":34,"featured_media":0,"comment_status":"open","ping_status":"open","sticky":false,"template":"","format":"standard","meta":{"give_campaign_id":0,"_seopress_robots_primary_cat":"","_seopress_titles_title":"","_seopress_titles_desc":"","_seopress_robots_index":"","_et_pb_use_builder":"","_et_pb_old_content":"","_et_gb_content_width":"","footnotes":""},"categories":[129],"tags":[],"class_list":["post-345678","post","type-post","status-publish","format-standard","hentry","category-sem-categoria"],"_links":{"self":[{"href":"https:\/\/www.focolare.org\/pt-pt\/wp-json\/wp\/v2\/posts\/345678","targetHints":{"allow":["GET"]}}],"collection":[{"href":"https:\/\/www.focolare.org\/pt-pt\/wp-json\/wp\/v2\/posts"}],"about":[{"href":"https:\/\/www.focolare.org\/pt-pt\/wp-json\/wp\/v2\/types\/post"}],"author":[{"embeddable":true,"href":"https:\/\/www.focolare.org\/pt-pt\/wp-json\/wp\/v2\/users\/34"}],"replies":[{"embeddable":true,"href":"https:\/\/www.focolare.org\/pt-pt\/wp-json\/wp\/v2\/comments?post=345678"}],"version-history":[{"count":0,"href":"https:\/\/www.focolare.org\/pt-pt\/wp-json\/wp\/v2\/posts\/345678\/revisions"}],"wp:attachment":[{"href":"https:\/\/www.focolare.org\/pt-pt\/wp-json\/wp\/v2\/media?parent=345678"}],"wp:term":[{"taxonomy":"category","embeddable":true,"href":"https:\/\/www.focolare.org\/pt-pt\/wp-json\/wp\/v2\/categories?post=345678"},{"taxonomy":"post_tag","embeddable":true,"href":"https:\/\/www.focolare.org\/pt-pt\/wp-json\/wp\/v2\/tags?post=345678"}],"curies":[{"name":"wp","href":"https:\/\/api.w.org\/{rel}","templated":true}]}}