{"id":345686,"date":"2013-04-16T10:00:30","date_gmt":"2013-04-16T08:00:30","guid":{"rendered":"https:\/\/www.focolare.org\/romenia-catolicos-e-ortodoxos-em-dialogo\/"},"modified":"2024-06-06T12:20:54","modified_gmt":"2024-06-06T10:20:54","slug":"romenia-catolicos-e-ortodoxos-em-dialogo","status":"publish","type":"post","link":"https:\/\/www.focolare.org\/pt-pt\/romenia-catolicos-e-ortodoxos-em-dialogo\/","title":{"rendered":"Rom\u00eania: cat\u00f3licos e ortodoxos em di\u00e1logo"},"content":{"rendered":"<p><img alt=\"\" alt=\"\" loading=\"lazy\" decoding=\"async\" class=\"wp-image-83548 alignleft\" style=\"margin-right: 10px\" src=\"https:\/\/www.focolare.org\/wp-content\/uploads\/2013\/04\/20130416-01.jpg\" alt=\"\" width=\"286\" height=\"190\" \/>\u201c<em>Temos uma chance&#8230; podemos conversar sobre temas comuns da teologia crist\u00e3<\/em>.\u201d \u00c9 a exorta\u00e7\u00e3o do Prof. Stanciu, decano de Teologia Ortodoxa da <strong>Universidade de Babes-Bolyai<\/strong> a mirar ao que une e n\u00e3o ao que divide: \u201c<em>Todos n\u00f3s sabemos que existe a necessidade de amor e n\u00e3o existem elementos de disc\u00f3rdia quando se fala de amor. Por que n\u00e3o aproveitar esta chance?<\/em>\u201d<\/p>\n<p>Na sede da faculdade, em uma atmosfera de harmonia de pensamento e de vida aconteceu o segundo encontro, no \u00faltimo dia 6 de abril, com o t\u00edtulo: \u201cQuem permanece no amor permanece em Deus, e Deus permanece nele\u201d (1<em>Jo<\/em> 4, 16).<\/p>\n<p><strong><img alt=\"\" alt=\"\" loading=\"lazy\" decoding=\"async\" class=\"alignright wp-image-83549\" style=\"margin-left: 10px\" src=\"https:\/\/www.focolare.org\/wp-content\/uploads\/2013\/04\/20130416-03.jpg\" alt=\"\" width=\"286\" height=\"215\" \/>Cat\u00f3licos e ortodoxos se alternaram <\/strong>na apresenta\u00e7\u00e3o de discursos de n\u00edvel acad\u00eamico e de experi\u00eancias de vida, em uma atmosfera de fecundidade intelectual e espiritual, fruto da inten\u00e7\u00e3o partilhada por todos de viver este momento iluminados pelas palavras de Jesus: \u201c<em>Onde dois ou tr\u00eas estiverem reunidos em meu nome, eu estou no meio deles<\/em>\u201d (<em>Mt<\/em> 18,20). \u201c<em>Ouvindo as interven\u00e7\u00f5es pareceu-me que, entre os relatores, houve n\u00e3o s\u00f3 um di\u00e1logo de conceitos, mas, tamb\u00e9m de cora\u00e7\u00f5es<\/em> \u2013 comenta uma professora ortodoxa \u2013 <em>n\u00e3o houve s\u00f3 palavras, mas, a viv\u00eancia<\/em>.\u201d De fato, a rela\u00e7\u00e3o amiga e frutuosa entre alguns cat\u00f3licos e ortodoxos prossegue h\u00e1 muitos anos.<\/p>\n<div id=\"attachment_83553\" style=\"width: 197px\" class=\"wp-caption alignleft\"><img alt=\"\" alt=\"\" loading=\"lazy\" decoding=\"async\" aria-describedby=\"caption-attachment-83553\" class=\" wp-image-83553 \" style=\"margin-right: 10px\" src=\"https:\/\/www.focolare.org\/wp-content\/uploads\/2013\/04\/20130416-04.jpg\" alt=\"\" width=\"187\" height=\"274\" \/><p id=\"caption-attachment-83553\" class=\"wp-caption-text\">O bispo Vasile<\/p><\/div>\n<p>O simp\u00f3sio, iniciado com a sauda\u00e7\u00e3o do <strong>Metropolita Andrei<\/strong>, <strong>de Cluj<\/strong>, aos cerca setenta participantes concluiu-se com a interven\u00e7\u00e3o do <strong>Bispo Vasile, vig\u00e1rio do Metropolita<\/strong>. Ele comparou o nascimento dos Focolares \u00e0 atividade de S\u00e3o Bas\u00edlio ou \u00e0 mensagem de Assis \u201c<em>porque nos momentos dif\u00edceis que o mundo atravessava<\/em> \u2013 afirmou \u2013 <em>souberam dar testemunho de Cristo, de maneira excelente, unindo as for\u00e7as com as quais levavam em frente a sociedade, movimentando todas as energias da Igreja para que esta espelhasse o dever ser para o qual Cristo a fundou<\/em>.\u201d Al\u00e9m disso, expressou o desejo de que aquele tipo de encontro que proporciona o enriquecimento rec\u00edproco, conhecimento e troca frutuosa de experi\u00eancias possa continuar e repetir-se regularmente.<\/p>\n<p>Como reconhecimento da import\u00e2ncia do evento a r\u00e1dio Metropolia produziu um programa com v\u00e1rias entrevistas.<\/p>\n","protected":false},"excerpt":{"rendered":"<p>Segundo encontro internacional de di\u00e1logo entre o Movimento dos Focolares e a Faculdade de Teologia Ortodoxa da Universidade di Babes-Bolyai, em Cluj-Napoca.<\/p>\n","protected":false},"author":27,"featured_media":0,"comment_status":"open","ping_status":"open","sticky":false,"template":"","format":"standard","meta":{"give_campaign_id":0,"_seopress_robots_primary_cat":"","_seopress_titles_title":"","_seopress_titles_desc":"","_seopress_robots_index":"","_et_pb_use_builder":"","_et_pb_old_content":"","_et_gb_content_width":"","footnotes":""},"categories":[909],"tags":[],"class_list":["post-345686","post","type-post","status-publish","format-standard","hentry","category-focolare-worldwide-2-4"],"_links":{"self":[{"href":"https:\/\/www.focolare.org\/pt-pt\/wp-json\/wp\/v2\/posts\/345686","targetHints":{"allow":["GET"]}}],"collection":[{"href":"https:\/\/www.focolare.org\/pt-pt\/wp-json\/wp\/v2\/posts"}],"about":[{"href":"https:\/\/www.focolare.org\/pt-pt\/wp-json\/wp\/v2\/types\/post"}],"author":[{"embeddable":true,"href":"https:\/\/www.focolare.org\/pt-pt\/wp-json\/wp\/v2\/users\/27"}],"replies":[{"embeddable":true,"href":"https:\/\/www.focolare.org\/pt-pt\/wp-json\/wp\/v2\/comments?post=345686"}],"version-history":[{"count":0,"href":"https:\/\/www.focolare.org\/pt-pt\/wp-json\/wp\/v2\/posts\/345686\/revisions"}],"wp:attachment":[{"href":"https:\/\/www.focolare.org\/pt-pt\/wp-json\/wp\/v2\/media?parent=345686"}],"wp:term":[{"taxonomy":"category","embeddable":true,"href":"https:\/\/www.focolare.org\/pt-pt\/wp-json\/wp\/v2\/categories?post=345686"},{"taxonomy":"post_tag","embeddable":true,"href":"https:\/\/www.focolare.org\/pt-pt\/wp-json\/wp\/v2\/tags?post=345686"}],"curies":[{"name":"wp","href":"https:\/\/api.w.org\/{rel}","templated":true}]}}