{"id":345702,"date":"2013-04-22T06:33:28","date_gmt":"2013-04-22T04:33:28","guid":{"rendered":"https:\/\/www.focolare.org\/estocolmo-homenagem-a-chiara-lubich\/"},"modified":"2024-06-06T12:20:56","modified_gmt":"2024-06-06T10:20:56","slug":"estocolmo-homenagem-a-chiara-lubich","status":"publish","type":"post","link":"https:\/\/www.focolare.org\/pt-pt\/estocolmo-homenagem-a-chiara-lubich\/","title":{"rendered":"Estocolmo: homenagem a Chiara Lubich"},"content":{"rendered":"<p><strong><img alt=\"\" alt=\"\" loading=\"lazy\" decoding=\"async\" class=\"alignleft size-articolo_1 wp-image-83870\" style=\"border: 0px;margin: 10px\" src=\"https:\/\/www.focolare.org\/wp-content\/uploads\/2013\/04\/20130422-01-250x195.jpg\" alt=\"\" width=\"250\" height=\"195\" \/>Refletores sobre a Su\u00e9cia<\/strong>: o pa\u00eds escandinavo de rigorosa tradi\u00e7\u00e3o luterana, h\u00e1 d\u00e9cadas \u2013 assim como a inteira grande pen\u00ednsula \u2013 \u00e9 investido pela difusa seculariza\u00e7\u00e3o expressa n\u00e3o s\u00f3 pelas reduzidas percentuais de participa\u00e7\u00f5es a celebra\u00e7\u00f5es religiosas bem como por um estilo de vida que parece ter exclu\u00eddo as refer\u00eancias ao transcendente.<\/p>\n<p><strong>A experi\u00eancia da iniciativa chamada<\/strong><strong> &#8220;<a href=\"https:\/\/www.focolare.org\/pt\/news\/2011\/03\/23\/parigi-al-via-il-%C2%ABcortile-dei-gentili%C2%BB\/\" target=\"_blank\" rel=\"noopener\">P\u00e1tio dos Gentios<\/a>&#8220;, <\/strong>para o <a href=\"https:\/\/www.focolare.org\/pt\/in-dialogo\/persone-di-convinzioni-non-religiose\/\" target=\"_blank\" rel=\"noopener\">di\u00e1logo entre pessoas que professam a f\u00e9 e quem n\u00e3o a professa<\/a> \u2013 promovida pelo <a href=\"http:\/\/www.vatican.va\/roman_curia\/pontifical_councils\/cultr\/index_po.htm\" target=\"_blank\" rel=\"noopener\">Conselho Pontif\u00edcio para a Cultura<\/a> \u2013 nestes \u00faltimos anos contribuiu ao crescente conhecimento rec\u00edproco que pode ser, por parte dos crist\u00e3os luteranos e cat\u00f3licos, corroborada e enriquecida pelo fato de colocar em pr\u00e1tica o Evangelho e comunicar os frutos que ele produz.<\/p>\n<p>Neste contexto e com esta inten\u00e7\u00e3o inclu\u00edmos <strong>duas iniciativas promovidas pelo Movimento dos Focolares<\/strong>, por ocasi\u00e3o do <a href=\"https:\/\/www.focolare.org\/anniversary\/\" target=\"_blank\" rel=\"noopener\">quinto anivers\u00e1rio da morte de Chiara Lubich<\/a>.<\/p>\n<p>\u201c<em><img alt=\"\" alt=\"\" loading=\"lazy\" decoding=\"async\" class=\"alignright size-articolo_1 wp-image-83871\" style=\"border: 0px;margin: 10px\" src=\"https:\/\/www.focolare.org\/wp-content\/uploads\/2013\/04\/20130422-03-250x272.jpg\" alt=\"\" width=\"250\" height=\"272\" \/>Que nenhum daqueles que se aproxima de voc\u00eas permane\u00e7a decepcionado; antes, cada pessoa encontre em voc\u00eas luz para a pr\u00f3pria vida, calor para o pr\u00f3prio cora\u00e7\u00e3o, for\u00e7a para a pr\u00f3pria caminhada (&#8230;). Permane\u00e7am fi\u00e9is ao carisma que receberam e sejam testemunhas de Cristo, neste mundo t\u00e3o confuso, \u00e0s vezes cansado e sem entusiasmo!\u201d; <\/em>uma recomenda\u00e7\u00e3o, uma exorta\u00e7\u00e3o que o <strong>Monsenhor Nowacki, N\u00fancio Apost\u00f3lico na Su\u00e9cia<\/strong> deixou ao membros do Movimento dos Focolares.<\/p>\n<p>Na homilia pronunciada durante a <strong>missa que ele celebrou no dia 14 de mar\u00e7o<\/strong> passado, por ocasi\u00e3o do quinto anivers\u00e1rio de morte de Chiara Lubich, referindo-se a ela, disse: \u201c<em>\u00e9 uma mulher extraordin\u00e1ria que (&#8230;) incendiou o mundo com a chama do amor de Cristo e descobriu na cruz de Jesus o motivo fundamental para viver intimamente unida a Ele (&#8230;), cada dia como express\u00e3o de amor a Deus e aos irm\u00e3os<\/em>.\u201d<\/p>\n<p><img alt=\"\" alt=\"\" loading=\"lazy\" decoding=\"async\" class=\"alignleft size-articolo_1 wp-image-83872\" style=\"border: 0px;margin: 10px\" src=\"https:\/\/www.focolare.org\/wp-content\/uploads\/2013\/04\/20130422-02-250x197.jpg\" alt=\"\" width=\"250\" height=\"197\" \/>Encorajada e sustentada pela estima e pelo entusiasmo do N\u00fancio, dois dias depois, a comunidade do Movimento promoveu um evento, no sal\u00e3o de uma igreja luterana, cujo t\u00edtulo foi: \u201c<strong>Que relev\u00e2ncia o Evangelho tem hoje?<\/strong>\u201d no qual sucederam testemunhos e experi\u00eancias concretas fundamentadas no Evangelho, not\u00edcias sobre as atividades concretas de solidariedade atualmente em curso e um aprofundamento espiritual com a contribui\u00e7\u00e3o de manifesta\u00e7\u00f5es art\u00edsticas.<\/p>\n<p>Algumas repercuss\u00f5es expressam muito bem a atmosfera que envolveu os participantes: \u201c<em>Na segunda-feira enquanto me dirigia ao trabalho eu estava pensando em impor as minhas raz\u00f5es, mas, depois me lembrei de uma experi\u00eancia de vida que ouvi no dia anterior e entendi que eu devo amar por primeiro<\/em>\u201d, e ainda: \u201c<em>Compreendi que ainda \u00e9 poss\u00edvel viver o Evangelho tamb\u00e9m nos tempos atuais e eu tamb\u00e9m quero experimentar<\/em>.\u201d<\/p>\n<p>Pr\u00f3ximo evento promovido pelos <a href=\"http:\/\/www.focolare.se\/\" target=\"_blank\" rel=\"noopener\">Focolares na Su\u00e9cia<\/a>: <strong>Mari\u00e1polis em Kumla<\/strong> <strong>(<\/strong><strong>\u00d6rebro)<\/strong> de 27 a 30 de junho.<\/p>\n","protected":false},"excerpt":{"rendered":"<p>Na capital sueca dois eventos de ora\u00e7\u00e3o e di\u00e1logo recordaram a fundadora dos Focolares. Presente tamb\u00e9m o N\u00fancio Apost\u00f3lico, Monsenhor Nowacki.<\/p>\n","protected":false},"author":34,"featured_media":0,"comment_status":"open","ping_status":"open","sticky":false,"template":"","format":"standard","meta":{"give_campaign_id":0,"_seopress_robots_primary_cat":"","_seopress_titles_title":"","_seopress_titles_desc":"","_seopress_robots_index":"","_et_pb_use_builder":"","_et_pb_old_content":"","_et_gb_content_width":"","footnotes":""},"categories":[909],"tags":[],"class_list":["post-345702","post","type-post","status-publish","format-standard","hentry","category-focolare-worldwide-2-4"],"_links":{"self":[{"href":"https:\/\/www.focolare.org\/pt-pt\/wp-json\/wp\/v2\/posts\/345702","targetHints":{"allow":["GET"]}}],"collection":[{"href":"https:\/\/www.focolare.org\/pt-pt\/wp-json\/wp\/v2\/posts"}],"about":[{"href":"https:\/\/www.focolare.org\/pt-pt\/wp-json\/wp\/v2\/types\/post"}],"author":[{"embeddable":true,"href":"https:\/\/www.focolare.org\/pt-pt\/wp-json\/wp\/v2\/users\/34"}],"replies":[{"embeddable":true,"href":"https:\/\/www.focolare.org\/pt-pt\/wp-json\/wp\/v2\/comments?post=345702"}],"version-history":[{"count":0,"href":"https:\/\/www.focolare.org\/pt-pt\/wp-json\/wp\/v2\/posts\/345702\/revisions"}],"wp:attachment":[{"href":"https:\/\/www.focolare.org\/pt-pt\/wp-json\/wp\/v2\/media?parent=345702"}],"wp:term":[{"taxonomy":"category","embeddable":true,"href":"https:\/\/www.focolare.org\/pt-pt\/wp-json\/wp\/v2\/categories?post=345702"},{"taxonomy":"post_tag","embeddable":true,"href":"https:\/\/www.focolare.org\/pt-pt\/wp-json\/wp\/v2\/tags?post=345702"}],"curies":[{"name":"wp","href":"https:\/\/api.w.org\/{rel}","templated":true}]}}