{"id":345710,"date":"2013-04-24T07:10:42","date_gmt":"2013-04-24T05:10:42","guid":{"rendered":"https:\/\/www.focolare.org\/unidos-aos-dois-bispos-que-foram-raptados-na-siria\/"},"modified":"2024-06-06T12:20:58","modified_gmt":"2024-06-06T10:20:58","slug":"unidos-aos-dois-bispos-que-foram-raptados-na-siria","status":"publish","type":"post","link":"https:\/\/www.focolare.org\/pt-pt\/unidos-aos-dois-bispos-que-foram-raptados-na-siria\/","title":{"rendered":"Unidos aos dois bispos que foram raptados na S\u00edria"},"content":{"rendered":"<p><img alt=\"\" alt=\"\" loading=\"lazy\" decoding=\"async\" class=\"alignright  wp-image-84025\" style=\"margin: 10px;border: 0px\" src=\"https:\/\/www.focolare.org\/wp-content\/uploads\/2013\/04\/20130424-b.jpg\" alt=\"\" width=\"320\" height=\"239\" \/><\/p>\n<p>Eles estavam no mesmo carro proveniente da fronteira com a Turquia. Na <strong>periferia de Alepo<\/strong>, um grupo de homens armados bloqueou a rodovia, fizeram os passageiros sair do carro e assassinaram o motorista, que era um di\u00e1cono. Depois deste fato, n\u00e3o se tem mais not\u00edcias dos dois metropolitas.<\/p>\n<p><strong>Mor Gregorious Yohanna Ibrahim<\/strong>, arcebispo da Igreja Sirian Ortodoxa de Aleppo, \u00e9 um bispo muito conhecido, \u00e9 <a href=\"https:\/\/www.focolare.org\/pt\/movimento-dei-focolari\/scelte-e-impegno\/vescovi\/\" target=\"_blank\" rel=\"noopener\">amigo do Movimento dos Focolares<\/a> e colabora com a comunidade de Santo Eg\u00eddio, assim como o bispo <strong>Paul Yazigi<\/strong>.<\/p>\n<p>O diretor da Assessoria de Imprensa do Vaticano, Padre <strong>Federico Lombardi<\/strong>, declarou que \u00ab\u00e9 uma dram\u00e1tica confirma\u00e7\u00e3o da tr\u00e1gica situa\u00e7\u00e3o na qual vive a popula\u00e7\u00e3o da S\u00edria e as suas comunidades crist\u00e3s\u00bb. \u00abO Santo Padre Francisco \u2013 prossegue o porta-voz do Vaticano \u2013 acompanha os acontecimentos com grande interesse e intensa ora\u00e7\u00e3o pela incolumidade e libera\u00e7\u00e3o dos dois bispos que foram raptados e para que, com o empenho de todos, o povo s\u00edrio possa finalmente encontrar uma eficaz resposta ao drama humanit\u00e1rio e ver surgir no horizonte reais esperan\u00e7as de paz e de reconcilia\u00e7\u00e3o\u00bb.<\/p>\n<p><strong>Neste momento existe incerteza quanto ao destino dos dois bispos.<\/strong> No dia 23 de abril difundiu-se nos meios de comunica\u00e7\u00e3o a not\u00edcia de que haviam sido libertados, mas, em Aleppo, procura-se entender a veracidade dos fatos. Ao entardecer do dia 23 um grande grupo de pessoas se reuniu diante da sede do Arcebispado daquela cidade, mas, depois, retornaram a casa. Todos aguardam o desenrolar dos acontecimentos nas pr\u00f3ximas horas. Fi\u00e9is no mundo inteiro rezam para que os dois bispos sejam liberados.<\/p>\n<p><a href=\"http:\/\/cittanuova.it\/c\/427746\/Incertezza_sulla_sorte_dei_due_vescovi.html\">http:\/\/cittanuova.it\/c\/427746\/Incertezza_sulla_sorte_dei_due_vescovi.html<\/a><\/p>\n<p><a href=\"http:\/\/cittanuova.it\/c\/427729\/Rapiti_due_vescovi_in_Siria.html\">http:\/\/cittanuova.it\/c\/427729\/Rapiti_due_vescovi_in_Siria.html<\/a><\/p>\n<p><a href=\"http:\/\/cittanuova.it\/c\/427611\/Diario_dalla_Siria32.html\">http:\/\/cittanuova.it\/c\/427611\/Diario_dalla_Siria32.html<\/a><\/p>\n","protected":false},"excerpt":{"rendered":"<p>O arcebispo da Igreja Ortodoxa S\u00edria de Alepo, Mor Gregorious Yohanna Ibrahim e o bispo Paul Yazigi, da Igreja Ortodoxa Grega de Alepo e Iskenderun (Turquia) foram raptados no dia 22 de abril, na periferia da cidade de Alepo. Incerteza quanto \u00e0 libera\u00e7\u00e3o.<\/p>\n","protected":false},"author":34,"featured_media":0,"comment_status":"open","ping_status":"open","sticky":false,"template":"","format":"standard","meta":{"give_campaign_id":0,"_seopress_robots_primary_cat":"","_seopress_titles_title":"","_seopress_titles_desc":"","_seopress_robots_index":"","_et_pb_use_builder":"","_et_pb_old_content":"","_et_gb_content_width":"","footnotes":""},"categories":[909],"tags":[],"class_list":["post-345710","post","type-post","status-publish","format-standard","hentry","category-focolare-worldwide-2-4"],"_links":{"self":[{"href":"https:\/\/www.focolare.org\/pt-pt\/wp-json\/wp\/v2\/posts\/345710","targetHints":{"allow":["GET"]}}],"collection":[{"href":"https:\/\/www.focolare.org\/pt-pt\/wp-json\/wp\/v2\/posts"}],"about":[{"href":"https:\/\/www.focolare.org\/pt-pt\/wp-json\/wp\/v2\/types\/post"}],"author":[{"embeddable":true,"href":"https:\/\/www.focolare.org\/pt-pt\/wp-json\/wp\/v2\/users\/34"}],"replies":[{"embeddable":true,"href":"https:\/\/www.focolare.org\/pt-pt\/wp-json\/wp\/v2\/comments?post=345710"}],"version-history":[{"count":0,"href":"https:\/\/www.focolare.org\/pt-pt\/wp-json\/wp\/v2\/posts\/345710\/revisions"}],"wp:attachment":[{"href":"https:\/\/www.focolare.org\/pt-pt\/wp-json\/wp\/v2\/media?parent=345710"}],"wp:term":[{"taxonomy":"category","embeddable":true,"href":"https:\/\/www.focolare.org\/pt-pt\/wp-json\/wp\/v2\/categories?post=345710"},{"taxonomy":"post_tag","embeddable":true,"href":"https:\/\/www.focolare.org\/pt-pt\/wp-json\/wp\/v2\/tags?post=345710"}],"curies":[{"name":"wp","href":"https:\/\/api.w.org\/{rel}","templated":true}]}}