{"id":345712,"date":"2013-04-25T06:00:31","date_gmt":"2013-04-25T04:00:31","guid":{"rendered":"https:\/\/www.focolare.org\/uma-celula-viva-na-humanidade\/"},"modified":"2024-06-06T12:20:59","modified_gmt":"2024-06-06T10:20:59","slug":"uma-celula-viva-na-humanidade","status":"publish","type":"post","link":"https:\/\/www.focolare.org\/pt-pt\/uma-celula-viva-na-humanidade\/","title":{"rendered":"Uma c\u00e9lula viva na humanidade"},"content":{"rendered":"<p><a href=\"http:\/\/vimeo.com\/8776179#at=0\"><img alt=\"\" alt=\"\" loading=\"lazy\" decoding=\"async\" class=\"size-full wp-image-84089 alignright\" style=\"margin-left: 10px\" src=\"https:\/\/www.focolare.org\/wp-content\/uploads\/2013\/04\/20130425-01.jpg\" alt=\"\" width=\"250\" height=\"186\" \/><\/a>\u00abO nosso Movimento &#8211; como sabemos &#8211; surgiu, porque um pequeno n\u00famero de pessoas, uma c\u00e9lula da humanidade se deparou com uma nascente, deixou-se envolver por um manancial de \u00e1gua viva: uma nova e mais profunda compreens\u00e3o da Boa Nova: Deus \u00e9 Amor! Deus nos ama! Deus ama todos os homens. Na nossa vida, na rotina do dia a dia, com os seus problemas e projetos, com os seus sofrimentos e as suas alegrias, n\u00e3o estamos s\u00f3s. Se a quisermos, se a acolhermos, pode entrar em jogo esta presen\u00e7a superior e extraordin\u00e1ria, capaz de ajudar de maneira imprevis\u00edvel, de enriquecer e sublimar a nossa vida quotidiana em todas as suas manifesta\u00e7\u00f5es.<\/p>\n<p><strong>Um Pai, uma Provid\u00eancia divina est\u00e1 acima de n\u00f3s e nos acompanha. <\/strong>Com certeza, esta f\u00e9 no amor de Deus n\u00e3o est\u00e1 ausente nem mesmo hoje do cora\u00e7\u00e3o de muitos. Todavia, nem sempre tiramos disso todas as consequ\u00eancias, e conduzimos a pr\u00f3pria vida,\u00a0 constru\u00edmos a cidade terrena, pretendemos renovar o mundo como se tiv\u00e9ssemos que fazer tudo sozinhos. (\u2026) Uma das maiores convic\u00e7\u00f5es que o nosso Movimento adquiriu ao longo desses quarenta anos de vida, convic\u00e7\u00e3o confirmada pela experi\u00eancia quotidiana \u00e9 esta: viver segundo a Boa Nova, desencadear no mundo a revolu\u00e7\u00e3o evang\u00e9lica \u00e9 sin\u00f4nimo de desencadear tamb\u00e9m a mais potente revolu\u00e7\u00e3o social.<\/p>\n<p><strong>Hoje no mundo existem desn\u00edveis sociais? Os ricos e os pobres vivem ainda em margens opostas?<\/strong> N\u00f3s acreditamos, como Maria &#8211; e gra\u00e7as a Deus o vimos atuar-se em v\u00e1rios pontos do nosso planeta -, que a lei do Evangelho, colocada em pr\u00e1tica, sabe efetivamente cobrir de bens os famintos e \u201cdespedir os ricos de m\u00e3os vazias\u201d. (Lc 1,53). N\u00f3s testemunhamos que a bem-aventuran\u00e7a da pobreza (Lc 6,20) e a advert\u00eancia de Jesus \u201cai de v\u00f3s, ricos\u201d (Lc 6,24), levadas a s\u00e9rio, podem dar um not\u00e1vel impulso ao restabelecimento do equil\u00edbrio social.<\/p>\n<p><strong>Existe hoje o problema do desemprego,<\/strong> dos idosos, dos marginalizados, dos diversamente h\u00e1beis, da fome, os m\u00faltiplos problemas do Terceiro Mundo? N\u00e3o nos ensina toda a hist\u00f3ria crist\u00e3 que a p\u00e1gina do Evangelho, relativa ao exame final de cada crist\u00e3o &#8211; \u201ctive fome e me deste de comer&#8230;\u201d &#8211; (Mt 25,35 ss), ofereceu extraordin\u00e1rias solu\u00e7\u00f5es? E n\u00e3o experimentamos tamb\u00e9m n\u00f3s que, colocadas em pr\u00e1tica com empenho quotidiano, segundo as exig\u00eancias atuais e com m\u00e9todos adequados ao nosso tempo, podem resolver muitos destes problemas?<\/p>\n<p><strong>E o \u201cdar\u201d que o Evangelho requer<\/strong> (\u2018Dai e vos ser\u00e1 dado\u2019), que garante a promessa de \u201cuma boa medida cheia, calcada e trasbordante\u201d (Lc 6,38), que o nosso Movimento muitas vezes constatou, n\u00e3o ser\u00e1 tamb\u00e9m uma atitude concreta que pode aliviar quem est\u00e1 na mis\u00e9ria, na fome, na solid\u00e3o, carente de tudo?<\/p>\n<p><strong>\u00c9 tamb\u00e9m uma experi\u00eancia quotidiana que, \u201cpedindo\u201d como o Evangelho nos ensina, se obt\u00e9m<\/strong> (Lc 11, 10); que \u2018o resto\u2019 (\u2018o resto\u2019 que pode ser para uns a sa\u00fade, para outros o emprego, para outros ainda a casa ou um filho ou quanto necessita) o resto vem por acr\u00e9scimo (Mt 6, 33).<\/p>\n<p><strong>Vimos muitas vezes com os nossos pr\u00f3prios olhos<\/strong>, para a gl\u00f3ria de Deus, o \u2018c\u00eantuplo\u2019 que Cristo prometeu a quantos se desapegam de tudo por Ele. (Mt 19, 23). (\u2026) E se a provid\u00eancia chega aqui, pelo pouco que, com a gra\u00e7a de Deus, se faz e pelo pouco que se ama, porque n\u00e3o poder\u00e1 chegar em todos os lugares?\u00bb.<\/p>\n<p><em>Mensagem de <a href=\"https:\/\/www.focolare.org\/pt\/chiara-lubich\/chi-e-chiara\/\" target=\"_blank\" rel=\"noopener\">Chiara Lubich<\/a> na Jornada do <a href=\"https:\/\/www.focolare.org\/pt\/movimento-dei-focolari\/un-popolo\/umanita-nuova\/\" target=\"_blank\" rel=\"noopener\">Movimento Humanidade Nova<\/a><\/em><\/p>\n<p><em>Roma, 20 de mar\u00e7o de 1983<\/em> &#8211; Fonte: <a href=\"http:\/\/www.centrochiaralubich.org\/pt\/documentos\/videos\/504-rumo-a-uma-nova-humanidade.html\" target=\"_blank\" rel=\"noopener\">Centro Chiara Lubich<\/a><\/p>\n","protected":false},"excerpt":{"rendered":"<p>Chiara Lubich \u00e0s 15 mil pessoas reunidas no Palaeur de Roma, em mar\u00e7o de 1983, numa jornada decisiva para o Movimento Humanidade Nova. Ap\u00f3s 30 anos, em Chicago, uma Exp\u00f4 apresenta a\u00e7\u00f5es sociais e mudan\u00e7as em ato na Am\u00e9rica do Norte, \u00e0 luz daquelas orienta\u00e7\u00f5es.<\/p>\n","protected":false},"author":34,"featured_media":0,"comment_status":"open","ping_status":"open","sticky":false,"template":"","format":"standard","meta":{"give_campaign_id":0,"_seopress_robots_primary_cat":"","_seopress_titles_title":"","_seopress_titles_desc":"","_seopress_robots_index":"","_et_pb_use_builder":"","_et_pb_old_content":"","_et_gb_content_width":"","footnotes":""},"categories":[909],"tags":[],"class_list":["post-345712","post","type-post","status-publish","format-standard","hentry","category-focolare-worldwide-2-4"],"_links":{"self":[{"href":"https:\/\/www.focolare.org\/pt-pt\/wp-json\/wp\/v2\/posts\/345712","targetHints":{"allow":["GET"]}}],"collection":[{"href":"https:\/\/www.focolare.org\/pt-pt\/wp-json\/wp\/v2\/posts"}],"about":[{"href":"https:\/\/www.focolare.org\/pt-pt\/wp-json\/wp\/v2\/types\/post"}],"author":[{"embeddable":true,"href":"https:\/\/www.focolare.org\/pt-pt\/wp-json\/wp\/v2\/users\/34"}],"replies":[{"embeddable":true,"href":"https:\/\/www.focolare.org\/pt-pt\/wp-json\/wp\/v2\/comments?post=345712"}],"version-history":[{"count":0,"href":"https:\/\/www.focolare.org\/pt-pt\/wp-json\/wp\/v2\/posts\/345712\/revisions"}],"wp:attachment":[{"href":"https:\/\/www.focolare.org\/pt-pt\/wp-json\/wp\/v2\/media?parent=345712"}],"wp:term":[{"taxonomy":"category","embeddable":true,"href":"https:\/\/www.focolare.org\/pt-pt\/wp-json\/wp\/v2\/categories?post=345712"},{"taxonomy":"post_tag","embeddable":true,"href":"https:\/\/www.focolare.org\/pt-pt\/wp-json\/wp\/v2\/tags?post=345712"}],"curies":[{"name":"wp","href":"https:\/\/api.w.org\/{rel}","templated":true}]}}