{"id":345766,"date":"2013-05-14T04:30:33","date_gmt":"2013-05-14T02:30:33","guid":{"rendered":"https:\/\/www.focolare.org\/nas-asas-do-espirito\/"},"modified":"2024-06-06T12:21:09","modified_gmt":"2024-06-06T10:21:09","slug":"nas-asas-do-espirito","status":"publish","type":"post","link":"https:\/\/www.focolare.org\/pt-pt\/nas-asas-do-espirito\/","title":{"rendered":"\u201cNas asas do Esp\u00edrito\u201d"},"content":{"rendered":"<p>Video \u201cNas asas do Esp\u00edrito\u201d  <a href=\"http:\/\/vimeo.com\/65824582\" target=\"_blank\" rel=\"noopener\">http:\/\/vimeo.com\/65824582<\/a>  \u00a9 Centro S. Chiara Audiovisivi  O grande abra\u00e7o das colunas de Bernini n\u00e3o consegue conter os numerosos membros de 56 novas comunidades e movimentos eclesiais; uma min\u00fascula representa\u00e7\u00e3o dos cerca de 80 milh\u00f5es de cat\u00f3licos, em grande maioria leigos, que fazem parte deste exterminado povo.  <strong>\u00c9 a primeira vez que eles se encontram juntos com o papa.<\/strong>  Um imenso jardim multicor: foi assim que algu\u00e9m definiu a Pra\u00e7a de S\u00e3o Pedro na ensolarada tarde de 30 de maio. A presen\u00e7a dos membros dos v\u00e1rios movimentos que com os seus carismas espec\u00edficos contribuem para dar \u00e0 Igreja beleza, vivacidade, credibilidade, dava realmente um surpreendente espet\u00e1culo de unidade na diversidade.  Uma realidade testemunhada pelos fundadores de 4 dos mais difundidos movimentos, Chiara Lubich, Kiko Arg\u00fcello, Jean Vanier, Luigi Giussani: os seus carismas prov\u00eam do mesmo Esp\u00edrito; mas \u00e9 uma unidade que n\u00e3o anula as suas diferen\u00e7as, evidenciando como a vida crist\u00e3 tem origem no mist\u00e9rio trinit\u00e1rio.  <strong>\u00abNos momentos mais importantes da vida da Igreja nascem sempre numerosos carismas.<\/strong> Penso no Conc\u00edlio de Trento. (&#8230;) Eu diria que hoje se v\u00ea que o Esp\u00edrito Santo, (&#8230;) soprando na mesma dire\u00e7\u00e3o, oferece, doa diferentes acentua\u00e7\u00f5es, porque a vida da Igreja \u00e9 uma sinfonia, \u00e9 um grande concerto e s\u00e3o necess\u00e1rios muitos instrumentos e o maior n\u00famero poss\u00edvel de vozes\u00bb. (Mons. Piero Coda)  <img alt=\"\" alt=\"\" loading=\"lazy\" decoding=\"async\" class=\" wp-image-85336 alignright\" style=\"margin-left: 10px\" src=\"https:\/\/www.focolare.org\/wp-content\/uploads\/2013\/05\/20130514-02.jpg\" alt=\"\" width=\"356\" height=\"238\" \/><strong>Uma grande variedade de carismas<\/strong>, portanto, \u00e0 raiz de muitos novos movimentos eclesiais, amparados e encorajados pelo papa como a resposta providencial do Esp\u00edrito Santo aos desafios do fim de mil\u00eanio.  No seu discurso Jo\u00e3o Paulo II n\u00e3o hesitou em afirmar que o que aconteceu no Cen\u00e1culo em Jerusal\u00e9m h\u00e1 2 mil anos, se renova esta tarde na Pra\u00e7a de S\u00e3o Pedro hoje.  \u00ab\u00c0 Igreja (&#8230;) o Consolador concedeu recentemente, atrav\u00e9s do Conc\u00edlio Ecum\u00eanico Vaticano II, um renovado Pentecostes, suscitando um dinamismo novo e imprevisto. (&#8230;) Voc\u00eas, aqui presentes, s\u00e3o a prova tang\u00edvel desta &#8220;efus\u00e3o&#8221; do Esp\u00edrito\u00bb. (Jo\u00e3o Paulo II).  <strong>Jo\u00e3o Paulo II reconhecendo o percurso feito at\u00e9 aqui pelos movimentos<\/strong>, os v\u00ea encaminhados rumo a uma nova etapa da maturidade eclesial na qual o seu forte e comum an\u00fancio oferecer\u00e1 uma alternativa v\u00e1lida \u00e0 cultura secularizada que proclama modelos de vida sem Deus.  \u00abIsso constitui um capital precioso para a miss\u00e3o da Igreja inteira. O seu fundador n\u00e3o disse em v\u00e3o que o testemunho de unidade \u00e9 para &#8220;que o mundo creia&#8221;. A fecundidade mission\u00e1ria dos movimentos ser\u00e1 potencializada se este testemunho de unidade na diversidade resplandecer a fim de que o mundo creia\u00bb. (Gusman Carriquiri)  Um testemunho de unidade entre todos os movimentos na perspectiva de uma nova evangeliza\u00e7\u00e3o: \u00e9 a exig\u00eancia de que Chiara se fez porta-voz junto do papa.  <strong>\u00abSabemos que a Igreja e o senhor desejam a plena comunh\u00e3o entre os Movimentos<\/strong>, a sua unidade que, de resto, j\u00e1 est\u00e1 se verificando. Mas n\u00f3s queremos garantir a Vossa Santidade que, por ser a unidade o nosso carisma espec\u00edfico, nos empenharemos com todas as nossas for\u00e7as para contribuir a realiz\u00e1-la plenamente\u00bb. (<a href=\"https:\/\/www.focolare.org\/pt\/chiara-lubich\/spiritualita-dellunita\/gesu-abbandonato\/\">Chiara Lubich<\/a>)  <a href=\"https:\/\/www.focolare.org\/wp-content\/uploads\/2013\/05\/20130514-03.jpg\"><img alt=\"\" alt=\"\" loading=\"lazy\" decoding=\"async\" class=\"alignleft  wp-image-85339\" style=\"margin-right: 10px\" src=\"https:\/\/www.focolare.org\/wp-content\/uploads\/2013\/05\/20130514-03.jpg\" alt=\"\" width=\"360\" height=\"242\" \/><\/a>Chiara assumiu esse compromisso que responde \u00e0s aspira\u00e7\u00f5es de todos os outros l\u00edderes dos movimentos.  \u00ab\u00c9 importante que criemos entre n\u00f3s oportunidades de di\u00e1logo, assim como constru\u00edmos com pessoas de outras confiss\u00f5es crist\u00e3s ou a n\u00edvel inter-religioso. Todos fazemos parte de algo muito maior do que os movimentos em si. Trata-se simplesmente que cada um encontre o seu lugar e saiba estar com os outros\u00bb. (Jean Vanier)  \u00abSe cada um de n\u00f3s compreendesse que com a contribui\u00e7\u00e3o de cada um que nasce, como eu espero, de um caminho que nos faz olhar para certos objetivos bem precisos, como muitos rios que concorrem para alimentar um mar, certamente n\u00f3s poderemos invadir muitos outros \u00e2mbitos da cultura, muitos \u00e2mbitos da ci\u00eancia, da promo\u00e7\u00e3o humana que muitas vezes delegamos a quem n\u00e3o possu\u00eda propostas convincentes para o homem e para entreg\u00e1-lo a Cristo Jesus\u00bb. (Salvatore Martinez)  \u00ab\u00c9 preciso que cres\u00e7a a amizade entre os diversos movimentos. Que os movimentos se conhe\u00e7am, se estimem, se amem, etc. mas naturalmente, tudo isso n\u00e3o se faz, n\u00e3o \u00e9 um fato de pol\u00edtica e de alian\u00e7a (&#8230;). A minha expectativa \u00e9 que o entrosamento entre os movimentos cres\u00e7a e crescer\u00e1 na medida em que os diferentes carismas ser\u00e3o envolvidos sempre mais na evangeliza\u00e7\u00e3o. N\u00e3o se trata de coordena\u00e7\u00e3o, mas de um Esp\u00edrito, de um Esp\u00edrito que deve amadurecer, deve entrar, de um Esp\u00edrito que se enxerta nas hist\u00f3rias, nas pessoas e nos movimentos diferentes\u00bb. (Andrea Riccardi)  Parece mesmo que esta atitude seja a melhor para responder \u00e0s expectativas da Igreja e aderir eficazmente ao convite dirigido pelo papa na conclus\u00e3o do hist\u00f3rico encontro no dia 30 de maio.  \u00abHoje, desta Pra\u00e7a, Cristo repete a cada um de voc\u00eas: &#8220;Ide por todo o mundo, e pregai o evangelho a toda criatura&#8221; (Mc 16, 15). Ele conta com cada um de voc\u00eas, a Igreja conta com voc\u00eas\u00bb. (Jo\u00e3o Paulo II)  <em>Extra\u00eddo do document\u00e1rio \u201cNas asas do Esp\u00edrito\u201d. Os momentos eclesiais primavera da Igreja\u201d. Produzido por ocasi\u00e3o de Pentecostes 1998 \u00a9Centro S. Chiara Audiovisivi Soc. Coop. a.r.l. Todos os direitos s\u00e3o reservados<\/em><\/p>\n","protected":false},"excerpt":{"rendered":"<p>Os Movimentos Eclesiais e as novas comunidades foram convocadas pela primeira vez no dia 30 de maio de 1998 por Jo\u00e3o Paulo II. Um encontro hist\u00f3rico e aqui propomos uma s\u00edntese num v\u00eddeo, como prepara\u00e7\u00e3o para o pr\u00f3ximo encontro com Papa Francisco.<\/p>\n","protected":false},"author":33,"featured_media":0,"comment_status":"open","ping_status":"open","sticky":false,"template":"","format":"standard","meta":{"give_campaign_id":0,"_seopress_robots_primary_cat":"","_seopress_titles_title":"","_seopress_titles_desc":"","_seopress_robots_index":"","_et_pb_use_builder":"","_et_pb_old_content":"","_et_gb_content_width":"","footnotes":""},"categories":[909],"tags":[],"class_list":["post-345766","post","type-post","status-publish","format-standard","hentry","category-focolare-worldwide-2-4"],"_links":{"self":[{"href":"https:\/\/www.focolare.org\/pt-pt\/wp-json\/wp\/v2\/posts\/345766","targetHints":{"allow":["GET"]}}],"collection":[{"href":"https:\/\/www.focolare.org\/pt-pt\/wp-json\/wp\/v2\/posts"}],"about":[{"href":"https:\/\/www.focolare.org\/pt-pt\/wp-json\/wp\/v2\/types\/post"}],"author":[{"embeddable":true,"href":"https:\/\/www.focolare.org\/pt-pt\/wp-json\/wp\/v2\/users\/33"}],"replies":[{"embeddable":true,"href":"https:\/\/www.focolare.org\/pt-pt\/wp-json\/wp\/v2\/comments?post=345766"}],"version-history":[{"count":0,"href":"https:\/\/www.focolare.org\/pt-pt\/wp-json\/wp\/v2\/posts\/345766\/revisions"}],"wp:attachment":[{"href":"https:\/\/www.focolare.org\/pt-pt\/wp-json\/wp\/v2\/media?parent=345766"}],"wp:term":[{"taxonomy":"category","embeddable":true,"href":"https:\/\/www.focolare.org\/pt-pt\/wp-json\/wp\/v2\/categories?post=345766"},{"taxonomy":"post_tag","embeddable":true,"href":"https:\/\/www.focolare.org\/pt-pt\/wp-json\/wp\/v2\/tags?post=345766"}],"curies":[{"name":"wp","href":"https:\/\/api.w.org\/{rel}","templated":true}]}}