{"id":345774,"date":"2013-05-16T05:50:02","date_gmt":"2013-05-16T03:50:02","guid":{"rendered":"https:\/\/www.focolare.org\/a-pessoa-na-africa-subsaariana\/"},"modified":"2024-06-06T12:21:11","modified_gmt":"2024-06-06T10:21:11","slug":"a-pessoa-na-africa-subsaariana","status":"publish","type":"post","link":"https:\/\/www.focolare.org\/pt-pt\/a-pessoa-na-africa-subsaariana\/","title":{"rendered":"A \u201cPessoa\u201d na \u00c1frica Subsaariana"},"content":{"rendered":"<p><strong><img alt=\"\" alt=\"\" loading=\"lazy\" decoding=\"async\" class=\"wp-image-85503 alignright\" style=\"margin-left: 10px\" src=\"https:\/\/www.focolare.org\/wp-content\/uploads\/2013\/05\/20130515-03.jpg\" alt=\"\" width=\"338\" height=\"254\" \/>A \u00c1frica ao sul do Saara, unificada no pensamento de seus povos<\/strong>: \u00abUm terreno onde construir um futuro melhor \u2013 afirma Gis\u00e8le Moulatsa, do Gab\u00e3o \u2013 n\u00e3o para ficar fechados no nosso pequeno mundo, mas para abrir-nos cada vez mais \u00e0 fam\u00edlia universal\u00bb. Uma afirma\u00e7\u00e3o cheia de significado, na conclus\u00e3o de um encontro que reuniu participantes das v\u00e1rias na\u00e7\u00f5es africanas.  <strong>O que \u00e9 a escola para a incultura\u00e7\u00e3o?<\/strong> Na Exorta\u00e7\u00e3o Apost\u00f3lica <a href=\"http:\/\/www.vatican.va\/holy_father\/paul_vi\/apost_exhortations\/documents\/hf_p-vi_exh_19751208_evangelii-nuntiandi_po.html\" target=\"_blank\" rel=\"noopener\">Evangelii nuntiandi<\/a>, Paulo VI exprimiu a preocupa\u00e7\u00e3o pela fratura entre Evangelho e cultura, vendo nela o drama do nosso tempo. Auspiciava que esse vazio fosse preenchido <strong>abordando as v\u00e1rias culturas com mais interesse e aten\u00e7\u00e3o<\/strong>. A evangeliza\u00e7\u00e3o das culturas, como salientou tamb\u00e9m Jo\u00e3o Paulo II, \u00e9 a forma mais profunda e completa para que a mensagem de Cristo penetre nas consci\u00eancias e nos costumes das pessoas, em suas atividades, nas suas institui\u00e7\u00f5es e estruturas. Em sintonia com o pensamento dos Papas, em maio de 1992, durante uma viagem a Nairobi (Qu\u00eania),<a href=\"https:\/\/www.focolare.org\/pt\/chiara-lubich\/chi-e-chiara\/\" target=\"_blank\" rel=\"noopener\"> Chiara Lubich<\/a> fundou a Escola para a incultura\u00e7\u00e3o, inspirada no <a href=\"https:\/\/www.focolare.org\/pt\/chiara-lubich\/spiritualita-dellunita\/\" target=\"_blank\" rel=\"noopener\">carisma da unidade<\/a>. Naquela ocasi\u00e3o definiu o seu objetivo: encontrar o modo de dialogar com as culturas e os valores africanos, para favorecer a evangeliza\u00e7\u00e3o entre os povos do continente.  <strong><img alt=\"\" alt=\"\" loading=\"lazy\" decoding=\"async\" class=\"alignleft  wp-image-85506\" style=\"margin-right: 10px\" src=\"https:\/\/www.focolare.org\/wp-content\/uploads\/2013\/05\/20130515-05.jpg\" alt=\"\" width=\"338\" height=\"253\" \/>Este ano foi aprofundado o tema \u201cA pessoa na \u00c1frica Subsaariana\u201d<\/strong>, examinado sob a perspectiva da antropologia africana na sua raiz comunit\u00e1ria e segundo as especificidades das regi\u00f5es geogr\u00e1ficas do continente, na perspectiva b\u00edblico-sem\u00edtica e dos escritos do Novo Testamento, dos documentos do Conc\u00edlio Vaticano II e da contribui\u00e7\u00e3o da espiritualidade da unidade. Os participantes puderam ainda partilhar numerosas experi\u00eancias, enriquecendo de viv\u00eancia os trabalhos de reflex\u00e3o acad\u00eamica.  <strong>\u00abA an\u00e1lise de alguns aspectos da nossa cultura \u00e0 luz do Evangelho<\/strong> coloca-nos diante de valores divergentes, Jesus \u00e9 exigente\u00bb, explica Vital Muhindo, do Congo. \u00abOs desafios existem: n\u00e3o \u00e9 o Evangelho que deve entrar nas nossas culturas, mas as nossas culturas na l\u00f3gica do Evangelho\u00bb. Neste contexto Victorien Kone<strong> recordou o momento da morte de sua filha, Jo\u00eblle<\/strong>, aos seis anos de idade. Segundo a sua cultura a menina n\u00e3o podia ser sepultada porque estava ainda na expectativa de tornar-se pessoa. \u00abMas como n\u00e3o dar a ela um funeral digno? \u2013 contou o pai -. Mesmo sendo ainda pequena, espiritualmente Jo\u00eblle era muito grande! Tinha um relacionamento profundo com Chiara Lubich, era amada por todos, crian\u00e7as e adultos. O funeral aconteceu, com a participa\u00e7\u00e3o de muitas pessoas, um grande exemplo de vida. Este modo de agir surpreendeu, mas foi um testemunho que influenciou a mentalidade comum\u00bb.  Esta edi\u00e7\u00e3o da Escola para a Incultura\u00e7\u00e3o contou com um grupo de jovens do Movimento dos Focolares de v\u00e1rias partes do mundo, que participaram dela para o lan\u00e7amento de <a href=\"https:\/\/www.focolare.org\/pt\/news\/2013\/03\/05\/ubuntu-io-sono-perche-noi-siamo\/\" target=\"_blank\" rel=\"noopener\">\u201cCompartilhando com a \u00c1frica\u201d<\/a>, uma etapa do mais vasto <a href=\"https:\/\/www.focolare.org\/pt\/news\/2012\/10\/27\/united-world-project-2\/\" target=\"_blank\" rel=\"noopener\">Projeto Mundo Unido<\/a> (UWP), ao mesmo tempo em que no Burkina Faso, com a <a href=\"https:\/\/www.focolare.org\/pt\/news\/2013\/05\/04\/cantiere-fraternita-il-coraggio-del-primo-passo\/\" target=\"_blank\" rel=\"noopener\">Semana Mundo Unido 2013<\/a>, realizava-se uma atividade no departamento de pediatria de um hospital; na Nig\u00e9ria um Genfest com mil jovens \u2013 crist\u00e3os e mu\u00e7ulmanos \u2013 e na Costa do Marfim o <a href=\"http:\/\/www.unitedworldproject.org\/en\/\" target=\"_blank\" rel=\"noopener\">Projeto Mundo Unido<\/a> era apresentado \u00e0 Comiss\u00e3o Nacional da Unesco.<\/p>\n","protected":false},"excerpt":{"rendered":"<p>Concluiu-se na Mari\u00e1polis Piero (Nairobi, Qu\u00eania), a 10\u00aa Escola para a incultura\u00e7\u00e3o. Participaram 287 pessoas: jovens, sacerdotes e leigos, de todas as regi\u00f5es do continente africano.<\/p>\n","protected":false},"author":34,"featured_media":0,"comment_status":"open","ping_status":"open","sticky":false,"template":"","format":"standard","meta":{"give_campaign_id":0,"_seopress_robots_primary_cat":"","_seopress_titles_title":"","_seopress_titles_desc":"","_seopress_robots_index":"","_et_pb_use_builder":"","_et_pb_old_content":"","_et_gb_content_width":"","footnotes":""},"categories":[909],"tags":[],"class_list":["post-345774","post","type-post","status-publish","format-standard","hentry","category-focolare-worldwide-2-4"],"_links":{"self":[{"href":"https:\/\/www.focolare.org\/pt-pt\/wp-json\/wp\/v2\/posts\/345774","targetHints":{"allow":["GET"]}}],"collection":[{"href":"https:\/\/www.focolare.org\/pt-pt\/wp-json\/wp\/v2\/posts"}],"about":[{"href":"https:\/\/www.focolare.org\/pt-pt\/wp-json\/wp\/v2\/types\/post"}],"author":[{"embeddable":true,"href":"https:\/\/www.focolare.org\/pt-pt\/wp-json\/wp\/v2\/users\/34"}],"replies":[{"embeddable":true,"href":"https:\/\/www.focolare.org\/pt-pt\/wp-json\/wp\/v2\/comments?post=345774"}],"version-history":[{"count":0,"href":"https:\/\/www.focolare.org\/pt-pt\/wp-json\/wp\/v2\/posts\/345774\/revisions"}],"wp:attachment":[{"href":"https:\/\/www.focolare.org\/pt-pt\/wp-json\/wp\/v2\/media?parent=345774"}],"wp:term":[{"taxonomy":"category","embeddable":true,"href":"https:\/\/www.focolare.org\/pt-pt\/wp-json\/wp\/v2\/categories?post=345774"},{"taxonomy":"post_tag","embeddable":true,"href":"https:\/\/www.focolare.org\/pt-pt\/wp-json\/wp\/v2\/tags?post=345774"}],"curies":[{"name":"wp","href":"https:\/\/api.w.org\/{rel}","templated":true}]}}