{"id":345798,"date":"2013-05-23T06:30:46","date_gmt":"2013-05-23T04:30:46","guid":{"rendered":"https:\/\/www.focolare.org\/gen-rosso-no-brasil-o-inicio-e-na-fazenda-da-esperanca\/"},"modified":"2024-06-06T12:21:15","modified_gmt":"2024-06-06T10:21:15","slug":"gen-rosso-no-brasil-o-inicio-e-na-fazenda-da-esperanca","status":"publish","type":"post","link":"https:\/\/www.focolare.org\/pt-pt\/gen-rosso-no-brasil-o-inicio-e-na-fazenda-da-esperanca\/","title":{"rendered":"Gen Rosso no Brasil: o in\u00edcio \u00e9 na Fazenda da Esperan\u00e7a"},"content":{"rendered":"<p><img alt=\"\" alt=\"\" loading=\"lazy\" decoding=\"async\" class=\"wp-image-85852 alignleft\" style=\"margin-right: 10px\" src=\"https:\/\/www.focolare.org\/wp-content\/uploads\/2013\/05\/GenRosso_Brazil_03.jpg\" alt=\"\" width=\"320\" height=\"240\" \/><strong>\u00abAntes de come\u00e7ar a grande tourn\u00e9e (de 16 de maio a 27 de julho) no Brasil<\/strong> \u2013 escrevem os amigos do<strong> Gen Rosso<\/strong>&#8211; tivemos o t\u00e3o esperado encontro com os fundadores da <strong>Fazenda da Esperan\u00e7a<\/strong>, comunidade na qual vivem jovens com muitas dificuldades, fundada no estilo de vida evang\u00e9lica. O encontro com <strong>Frei Hans Stapel<\/strong>, franciscano da Alemanha e com <strong>N\u00e9lson Giovaneli<\/strong>, brasileiro, realizou-se na sede central das Fazendas, em Guaratinguet\u00e1, pr\u00f3ximo a S\u00e3o Paulo. De fato, t\u00ednhamos a percep\u00e7\u00e3o de que, para esta viagem com muitos compromissos, era necess\u00e1rio um momento de \u201cintimidade\u201d com Deus e com outras pessoas que, junto conosco, decidiram encaminhar-se em uma aventura profundamente enraizada no Evangelho\u00bb.<\/p>\n<p>A visita \u00e0 Fazenda iniciou-se na pequena capela, onde recordaram <strong>Chiara Lubich<\/strong>: a sua espiritualidade, de fato, inspirou a vida da Fazenda da Esperan\u00e7a, desde o in\u00edcio. No ano de 2010, quando houve o reconhecimento oficial da Fazenda, por parte do Conselho Pontif\u00edcio dos Leigos, Frei Hans e os seus colaboradores fizeram quest\u00e3o de ir ao Centro Internacional dos Focolares, para \u201cagradecer\u201d a Chiara, prestando-lhe uma homenagem na capela onde est\u00e1 sepultada.<\/p>\n<p>Os amigos do Gen Rosso perguntaram ao Frei Hans qual era o seu desejo mais \u00edntimo, tendo em vista a grande viagem que se iniciava pelo Brasil. Ele respondeu: \u00abDevemos mirar o in\u00edcio do Movimento dos Focolares, em Trento: \u00e0 mesa do primeiro focolare estavam uma focolarina e um pobre, uma focolarina e um pobre&#8230; Existia a realidade espiritual unida \u00e0 realidade social. Este \u00e9 o nosso grande desafio, especialmente aqui na Am\u00e9rica do Sul, mas, penso que seja tamb\u00e9m no mundo inteiro. Quando existe a dimens\u00e3o espiritual sem a encarna\u00e7\u00e3o no social, falta alguma coisa. Quando, vice-versa, existe o empenho social sem as ra\u00edzes em Deus, todo esfor\u00e7o \u00e9 em v\u00e3o. O desafio est\u00e1 na unidade destas duas dimens\u00f5es\u00bb.<img alt=\"\" alt=\"\" loading=\"lazy\" decoding=\"async\" class=\"size-full wp-image-85853 alignright\" style=\"margin-left: 10px\" src=\"https:\/\/www.focolare.org\/wp-content\/uploads\/2013\/05\/GenRosso_Brazil_04.jpg\" alt=\"\" width=\"274\" height=\"206\" \/><\/p>\n<p>Desta forma foi concebida tamb\u00e9m <strong>a tourn\u00e9e do Gen Rosso, que iniciou no dia 16 de maio como o musical Streetlight<\/strong>, com a participa\u00e7\u00e3o de 200 jovens da Fazenda da Esperan\u00e7a e que <strong>se concluir\u00e1 com a participa\u00e7\u00e3o na Jornada Mundial da Juventude<\/strong>, no Rio de Janeiro, no dia 27 de julho. Os tr\u00eas primeiros espet\u00e1culos contaram com um p\u00fablico de 5000 pessoas. \u201cProcuramos aprofundar, a cada dia, as ra\u00edzes em Deus \u2013 escrevem ainda os membros do Gen Rosso \u2013 por meio da reflex\u00e3o e da vida na Palavra e do amor rec\u00edproco entre todos, que gera a presen\u00e7a espiritual de Jesus em meio a n\u00f3s (cf. Mt 18,20). Com a for\u00e7a que prov\u00e9m dele procuramos amar todos os jovens e as jovens com os quais levamos adiante o Projeto<strong> \u201cFortes sem viol\u00eancia\u201d<\/strong>. Jovens que, muitas vezes, viveram experi\u00eancias de abandono e sofrimentos indescrit\u00edveis, que encontraram um ref\u00fagio nas drogas: \u201cQueremos doar a eles uma alegria que n\u00e3o \u00e9 transit\u00f3ria \u2013 escrevem ainda \u2013 porque Jesus abre as portas de acesso ao Eterno, mesmo em meio aos muitos sofrimentos nossos e do mundo.\u201d<\/p>\n<p>E ainda: \u00abEsta \u00e9 a mensagem que queremos transmitir, de modo muito incisivo, \u00e0 sociedade brasileira por meios dos espet\u00e1culos e dos multiplicadores da m\u00eddia: existe algo que n\u00e3o passa, Deus, que nos ama imensamente. \u00c9 Ele que pode nos tornar \u201cfortes sem viol\u00eancia!\u201d \u00bb.<\/p>\n<p>_____________________________________________________________________<\/p>\n<p><a href=\"http:\/\/www.youtube.com\/watch?feature=player_embedded&amp;v=xz6N7Wznj58\" target=\"_blank\" rel=\"noopener\">&#8220;Fortes sem viol\u00eancia&#8221;<\/a> &#8211; Video on YouTube: 11&#8217;30&#8221;<\/p>\n","protected":false},"excerpt":{"rendered":"<p>Dois meses de tourn\u00e9e no \u201ccontinente\u201d Brasil com o Projeto \u201cFortes sem viol\u00eancia\u201d. Inicia-se pela comunh\u00e3o: um encontro fraterno com a Fazenda da Esperan\u00e7a. A conclus\u00e3o ser\u00e1 com a JMJ, no Rio.<\/p>\n","protected":false},"author":34,"featured_media":0,"comment_status":"open","ping_status":"open","sticky":false,"template":"","format":"standard","meta":{"give_campaign_id":0,"_seopress_robots_primary_cat":"","_seopress_titles_title":"","_seopress_titles_desc":"","_seopress_robots_index":"","_et_pb_use_builder":"","_et_pb_old_content":"","_et_gb_content_width":"","footnotes":""},"categories":[909],"tags":[],"class_list":["post-345798","post","type-post","status-publish","format-standard","hentry","category-focolare-worldwide-2-4"],"_links":{"self":[{"href":"https:\/\/www.focolare.org\/pt-pt\/wp-json\/wp\/v2\/posts\/345798","targetHints":{"allow":["GET"]}}],"collection":[{"href":"https:\/\/www.focolare.org\/pt-pt\/wp-json\/wp\/v2\/posts"}],"about":[{"href":"https:\/\/www.focolare.org\/pt-pt\/wp-json\/wp\/v2\/types\/post"}],"author":[{"embeddable":true,"href":"https:\/\/www.focolare.org\/pt-pt\/wp-json\/wp\/v2\/users\/34"}],"replies":[{"embeddable":true,"href":"https:\/\/www.focolare.org\/pt-pt\/wp-json\/wp\/v2\/comments?post=345798"}],"version-history":[{"count":0,"href":"https:\/\/www.focolare.org\/pt-pt\/wp-json\/wp\/v2\/posts\/345798\/revisions"}],"wp:attachment":[{"href":"https:\/\/www.focolare.org\/pt-pt\/wp-json\/wp\/v2\/media?parent=345798"}],"wp:term":[{"taxonomy":"category","embeddable":true,"href":"https:\/\/www.focolare.org\/pt-pt\/wp-json\/wp\/v2\/categories?post=345798"},{"taxonomy":"post_tag","embeddable":true,"href":"https:\/\/www.focolare.org\/pt-pt\/wp-json\/wp\/v2\/tags?post=345798"}],"curies":[{"name":"wp","href":"https:\/\/api.w.org\/{rel}","templated":true}]}}