{"id":345800,"date":"2013-05-24T04:30:26","date_gmt":"2013-05-24T02:30:26","guid":{"rendered":"https:\/\/www.focolare.org\/economia-civil-a-centralidade-da-pessoa\/"},"modified":"2024-06-06T12:21:15","modified_gmt":"2024-06-06T10:21:15","slug":"economia-civil-a-centralidade-da-pessoa","status":"publish","type":"post","link":"https:\/\/www.focolare.org\/pt-pt\/economia-civil-a-centralidade-da-pessoa\/","title":{"rendered":"Economia civil: a centralidade da pessoa"},"content":{"rendered":"<p><img alt=\"\" alt=\"\" loading=\"lazy\" decoding=\"async\" class=\"size-full wp-image-85930 alignright\" style=\"margin-left: 10px\" src=\"https:\/\/www.focolare.org\/wp-content\/uploads\/2013\/05\/20130523-01.jpg\" alt=\"\" width=\"300\" height=\"159\" \/><strong>Denomina-se EEC, Escola de Economia Civil<\/strong> e, entre os seus fundadores est\u00e3o alguns dos mais importantes entes da sociedade italiana: Associa\u00e7\u00e3o dos Crist\u00e3os Trabalhadores Italianos (Associazione cristiani lavoratori italiani, ACLI), Banco Popular \u00c9tico (Banca Popolare Etica), Coopera\u00e7\u00e3o Trentina (Cooperazione Trentina), <a href=\"http:\/\/www.espri.com.br\/v2\/index.php\" target=\"_blank\" rel=\"noopener\">Economia de Comunh\u00e3o<\/a> (Economia di Comunione), Federa\u00e7\u00e3o dos Bancos de Cr\u00e9dito Cooperativo (Federazione delle Banche di credito cooperativo (Federcasse), che, junto ao<a href=\"http:\/\/www.iu-sophia.org\/en-US\/\" target=\"_blank\" rel=\"noopener\"> Instituto Universit\u00e1rio Sophia<\/a> (IUS) e ao <a href=\"http:\/\/www.pololionellobonfanti.it\/\" target=\"_blank\" rel=\"noopener\">P\u00f3lo Lionello Bonfanti<\/a>, a constitu\u00edram oficialmente, no dia 19 de maio passado.<\/p>\n<p><strong>Silvia Vacca, jovem empres\u00e1ria do Norte da It\u00e1lia<\/strong>, que durante estes meses desempenhou um papel fundamental na realiza\u00e7\u00e3o executiva da EEC e se prepara para ser a presidente do CDA, em uma entrevista no site da Economia de Comunh\u00e3o, assim define as suas perspectivas: \u201cTrata-se de uma escola que \u00e9 tamb\u00e9m um projeto de pesquisa que tem a inten\u00e7\u00e3o de promover a realiza\u00e7\u00e3o de um mercado civil e civilizador que coloca a pessoa no centro do agir econ\u00f4mico. A pessoa com as suas necessidades, as suas aspira\u00e7\u00f5es e a realiza\u00e7\u00e3o delas; um mercado no qual os agentes interajam com m\u00fatua vantagem e no interesse do bem comum, em contraposi\u00e7\u00e3o com as l\u00f3gicas utilitaristas que visam somente \u00e0 maximiza\u00e7\u00e3o do lucro, que se afirmaram em escala mundial e que nos conduziram a este tempo de crise.\u201d<\/p>\n<p>Portanto, um centro de estudos no qual se d\u00e1 origem \u00e0 pesquisa de um caminho inovador, redefinindo a rela\u00e7\u00e3o do homem com o mercado, sobre as cinzas do capitalismo individualista cujos sinais de crise j\u00e1 sa\u00edram dos \u00e2mbitos universit\u00e1rios para tornar-se vida cotidiana de muitos.<\/p>\n<p>A orienta\u00e7\u00e3o e os crit\u00e9rios culturais s\u00e3o confiados a <strong>Stefano Zamagni, Luigino Bruni e Renato Ruffini<\/strong> que, da Economia Civil, s\u00e3o promotores, h\u00e1 anos, coadjuvados por uma comunidade docente da qual fazem parte pessoas conhecidas e que trabalham nas mais importantes universidades italianas.<strong><img alt=\"\" alt=\"\" loading=\"lazy\" decoding=\"async\" class=\"size-full wp-image-85929 alignleft\" style=\"margin-right: 10px\" src=\"https:\/\/www.focolare.org\/wp-content\/uploads\/2013\/05\/Logo_SEC_rid.png\" alt=\"\" width=\"280\" height=\"117\" \/><\/strong><\/p>\n<p>A proposta da EEC nasce da necessidade de conscientizar-se acerca de alguns princ\u00edpios econ\u00f4micos \u2013 em particular aqueles que se referem \u00e0 centralidade da pessoa e ao bem comum \u2013 naqueles ambientes que, pela pr\u00f3pria forma jur\u00eddica ou pela sensibilidade a esses princ\u00edpios, s\u00e3o j\u00e1 afins. E assim promove uma forma\u00e7\u00e3o destinada primeiramente \u00e0 classe dirigente de institui\u00e7\u00f5es, associa\u00e7\u00f5es, empresas que j\u00e1 exercem esta fun\u00e7\u00e3o ou que desejam exerc\u00ea-la. A EEC vai mirar tamb\u00e9m as escolas, criando cursos que possam formar dirigentes de escolas e professores.<\/p>\n<p><strong>Os cursos ter\u00e3o in\u00edcio no outono de 2013,<\/strong> depois do lan\u00e7amento oficial da EEC, que acontecer\u00e1 no pr\u00f3ximo dia 20 de setembro, por ocasi\u00e3o da grande Expo \u201c<a href=\"http:\/\/www.pololionellobonfanti.it\/wp-content\/uploads\/2013\/05\/invito-Loppiano-web.pdf\" target=\"_blank\" rel=\"noopener\">LoppianoLab<\/a>\u201d que se realiza anualmente no P\u00f3lo Lionello (Floren\u00e7a), pr\u00f3ximo \u00e0 cidadezinha de<a href=\"http:\/\/www.loppiano.it\/\" target=\"_blank\" rel=\"noopener\"> Loppiano<\/a>, onde ser\u00e1 constitu\u00edda a sede da Escola.<\/p>\n","protected":false},"excerpt":{"rendered":"<p>Constitu\u00edda no dia 19 de maio, na cidadezinha internacional dos Focolares, a Escola de Economia Civil: uma sinergia de associa\u00e7\u00f5es e entes econ\u00f4micos-civis que est\u00e3o entre os mais eminentes da It\u00e1lia.<\/p>\n","protected":false},"author":34,"featured_media":0,"comment_status":"open","ping_status":"open","sticky":false,"template":"","format":"standard","meta":{"give_campaign_id":0,"_seopress_robots_primary_cat":"","_seopress_titles_title":"","_seopress_titles_desc":"","_seopress_robots_index":"","_et_pb_use_builder":"","_et_pb_old_content":"","_et_gb_content_width":"","footnotes":""},"categories":[909],"tags":[],"class_list":["post-345800","post","type-post","status-publish","format-standard","hentry","category-focolare-worldwide-2-4"],"_links":{"self":[{"href":"https:\/\/www.focolare.org\/pt-pt\/wp-json\/wp\/v2\/posts\/345800","targetHints":{"allow":["GET"]}}],"collection":[{"href":"https:\/\/www.focolare.org\/pt-pt\/wp-json\/wp\/v2\/posts"}],"about":[{"href":"https:\/\/www.focolare.org\/pt-pt\/wp-json\/wp\/v2\/types\/post"}],"author":[{"embeddable":true,"href":"https:\/\/www.focolare.org\/pt-pt\/wp-json\/wp\/v2\/users\/34"}],"replies":[{"embeddable":true,"href":"https:\/\/www.focolare.org\/pt-pt\/wp-json\/wp\/v2\/comments?post=345800"}],"version-history":[{"count":0,"href":"https:\/\/www.focolare.org\/pt-pt\/wp-json\/wp\/v2\/posts\/345800\/revisions"}],"wp:attachment":[{"href":"https:\/\/www.focolare.org\/pt-pt\/wp-json\/wp\/v2\/media?parent=345800"}],"wp:term":[{"taxonomy":"category","embeddable":true,"href":"https:\/\/www.focolare.org\/pt-pt\/wp-json\/wp\/v2\/categories?post=345800"},{"taxonomy":"post_tag","embeddable":true,"href":"https:\/\/www.focolare.org\/pt-pt\/wp-json\/wp\/v2\/tags?post=345800"}],"curies":[{"name":"wp","href":"https:\/\/api.w.org\/{rel}","templated":true}]}}