{"id":345814,"date":"2013-05-29T06:20:27","date_gmt":"2013-05-29T04:20:27","guid":{"rendered":"https:\/\/www.focolare.org\/em-florenca-igino-giordani-as-virtudes-e-a-politica\/"},"modified":"2024-06-06T12:21:18","modified_gmt":"2024-06-06T10:21:18","slug":"em-florenca-igino-giordani-as-virtudes-e-a-politica","status":"publish","type":"post","link":"https:\/\/www.focolare.org\/pt-pt\/em-florenca-igino-giordani-as-virtudes-e-a-politica\/","title":{"rendered":"Em Floren\u00e7a: Igino Giordani, as virtudes e a pol\u00edtica"},"content":{"rendered":"<p><img alt=\"\" alt=\"\" loading=\"lazy\" decoding=\"async\" class=\"alignleft wp-image-86312\" style=\"margin-right: 10px\" src=\"https:\/\/www.focolare.org\/wp-content\/uploads\/2013\/05\/20130529-01_LaPira.jpg\" alt=\"\" width=\"384\" height=\"256\" \/>O empenho na <strong>Assembleia Constituinte<\/strong> que decidiu o destino da It\u00e1lia do p\u00f3s-guerra, o empenho pela paz e a ajuda aos mais necessitados, o empenho pelo ecumenismo: s\u00e3o algumas das afinidades entre duas figuras profundamente ligadas pela sintonia e a amizade, <a href=\"https:\/\/www.focolare.org\/pt\/chiara-lubich\/chi-e-chiara\/igino-giordani\/\">Giordan<\/a>i e <a href=\"http:\/\/www.giorgiolapira.org\/\" target=\"_blank\" rel=\"noopener\">La Pira<\/a>, evidenciadas no congresso \u201cIgino Giordani e Giorgio La Pira: as virtudes e a pol\u00edtica\u201d, realizado no dia 25 de maio, em Floren\u00e7a. Estiveram presentes cerca de 250 pessoas, entre as quais familiares de Giordani e muitos estudantes de proveni\u00eancia internacional do <a href=\"https:\/\/www.focolare.org\/it\/news\/2013\/01\/13\/centro-internazionale-giorgio-la-pira\/\">Centro La Pira<\/a>, dedicado ao pol\u00edtico que governou Floren\u00e7a de 1951 a 1964. O centro foi fundado pelo Cardeal Benelli e, desde ent\u00e3o, est\u00e1 confiado aos Focolares. \u00c9 um ponto importante para o di\u00e1logo e a fraternidade na capital toscana.  <strong>Giordani esteve entre os mais importantes pol\u00edticos e intelectuais do p\u00f3s-guerra italiano<\/strong>, mas tamb\u00e9m foi \u201ccofundador\u201d do Movimento dos Focolares, onde era conhecido com o nome de \u201cFoco\u201d. Dedicou-se na promo\u00e7\u00e3o de uma pol\u00edtica baseada no servi\u00e7o \u00e0 coletividade e no di\u00e1logo fraterno. \u00abUma iniciativa que hoje pode parecer audaciosa\u00bb, afirmou no seu discurso Alberto Lo Presti, presidente do Centro Igino Giordani. \u00abPor\u00e9m \u2013 prosseguiu \u2013 \u00e9 claro que n\u00e3o era menos durante a experi\u00eancia parlamentar de Giordani, em plena guerra fria. Foi impulsionado a esta aventura pelo encontro com o <a href=\"https:\/\/www.focolare.org\/pt\/chiara-lubich\/spiritualita-dellunita\/\" target=\"_blank\" rel=\"noopener\">Ideal da unidade<\/a>, de <a href=\"https:\/\/www.focolare.org\/pt\/chiara-lubich\/chi-e-chiara\/\" target=\"_blank\" rel=\"noopener\">Chiara Lubich<\/a>, no dia 17 de setembro de 1948; um Ideal que a Lubich deu ao mundo e que Giordani soube transmitir tamb\u00e9m na pol\u00edtica\u00bb.  <strong><img alt=\"\" alt=\"\" loading=\"lazy\" decoding=\"async\" class=\" wp-image-86307 alignright\" src=\"https:\/\/www.focolare.org\/wp-content\/uploads\/2013\/05\/20130529-02_LaPira.jpg\" alt=\"\" width=\"384\" height=\"256\" \/>A promo\u00e7\u00e3o da paz e da integra\u00e7\u00e3o europeia<\/strong> est\u00e3o entre os pontos fundamentais da carreira parlamentar de Giordani, analisados pela Professora Bagnato, docente de Hist\u00f3ria das Rela\u00e7\u00f5es Internacionais na <a href=\"http:\/\/www.unifi.it\" target=\"_blank\" rel=\"noopener\">Universidade de Floren\u00e7a<\/a>: \u00abA ess\u00eancia do seu pacifismo \u2013 recorda \u2013 est\u00e1 na sua voca\u00e7\u00e3o para o di\u00e1logo no plano internacional, bem como no plano interno e das rela\u00e7\u00f5es\u00bb. Uma voca\u00e7\u00e3o que levou o deputado Giordani a ser promotor de numerosas iniciativas (como a primeira proposta de lei para a obje\u00e7\u00e3o de consci\u00eancia e de um acordo parlamentar pela defesa da paz), colaborando tanto com exponentes do seu partido, como com aqueles que eram frontalmente opostos.  O evento contou com a ades\u00e3o do <a href=\"http:\/\/www.quirinale.it\/\" target=\"_blank\" rel=\"noopener\">Presidente da Rep\u00fablica italiana<\/a> Giorgio Napolitano. Ap\u00f3s a abertura feita pelo Arcebispo de Floren\u00e7a, Cardeal Betori, houve contributos de v\u00e1rios estudiosos &#8211; como o professor Luppi, docente de Hist\u00f3ria Contempor\u00e2nea no <a href=\"http:\/\/www.iu-sophia.org\" target=\"_blank\" rel=\"noopener\">Instituto Universit\u00e1rio Sophia<\/a>, e o professor\u00a0Monticone, hist\u00f3rico e ex-presidente nacional da A\u00e7\u00e3o Cat\u00f3lica. Esteve presente a <em>Orchestra del maggio musicale fiorentino<\/em>.  Na conclus\u00e3o uma das estudantes presentes afirmou: \u00abHoje como nunca, considero muito atual e necess\u00e1ria a esperan\u00e7a que caracterizou o modo de entender a pol\u00edtica de Giordani:<strong> &#8216;o Parlamento precisa de santos!&#8217;<\/strong>\u00bb.<\/p>\n","protected":false},"excerpt":{"rendered":"<p>Na Sala das Armas do Pal\u00e1cio Velho, 250 pessoas participaram na apresenta\u00e7\u00e3o de Igino Giordani e de Giorgio La Pira, importante prefeito de Floren\u00e7a: a pol\u00edtica como amor pela cidade, um anseio comum.<\/p>\n","protected":false},"author":34,"featured_media":0,"comment_status":"open","ping_status":"open","sticky":false,"template":"","format":"standard","meta":{"give_campaign_id":0,"_seopress_robots_primary_cat":"","_seopress_titles_title":"","_seopress_titles_desc":"","_seopress_robots_index":"","_et_pb_use_builder":"","_et_pb_old_content":"","_et_gb_content_width":"","footnotes":""},"categories":[909],"tags":[],"class_list":["post-345814","post","type-post","status-publish","format-standard","hentry","category-focolare-worldwide-2-4"],"_links":{"self":[{"href":"https:\/\/www.focolare.org\/pt-pt\/wp-json\/wp\/v2\/posts\/345814","targetHints":{"allow":["GET"]}}],"collection":[{"href":"https:\/\/www.focolare.org\/pt-pt\/wp-json\/wp\/v2\/posts"}],"about":[{"href":"https:\/\/www.focolare.org\/pt-pt\/wp-json\/wp\/v2\/types\/post"}],"author":[{"embeddable":true,"href":"https:\/\/www.focolare.org\/pt-pt\/wp-json\/wp\/v2\/users\/34"}],"replies":[{"embeddable":true,"href":"https:\/\/www.focolare.org\/pt-pt\/wp-json\/wp\/v2\/comments?post=345814"}],"version-history":[{"count":0,"href":"https:\/\/www.focolare.org\/pt-pt\/wp-json\/wp\/v2\/posts\/345814\/revisions"}],"wp:attachment":[{"href":"https:\/\/www.focolare.org\/pt-pt\/wp-json\/wp\/v2\/media?parent=345814"}],"wp:term":[{"taxonomy":"category","embeddable":true,"href":"https:\/\/www.focolare.org\/pt-pt\/wp-json\/wp\/v2\/categories?post=345814"},{"taxonomy":"post_tag","embeddable":true,"href":"https:\/\/www.focolare.org\/pt-pt\/wp-json\/wp\/v2\/tags?post=345814"}],"curies":[{"name":"wp","href":"https:\/\/api.w.org\/{rel}","templated":true}]}}