{"id":345818,"date":"2013-05-31T05:00:49","date_gmt":"2013-05-31T03:00:49","guid":{"rendered":"https:\/\/www.focolare.org\/empresas-da-economia-de-comunhao-a-ecie\/"},"modified":"2024-06-06T12:21:19","modified_gmt":"2024-06-06T10:21:19","slug":"empresas-da-economia-de-comunhao-a-ecie","status":"publish","type":"post","link":"https:\/\/www.focolare.org\/pt-pt\/empresas-da-economia-de-comunhao-a-ecie\/","title":{"rendered":"Empresas da Economia de Comunh\u00e3o: a ECIE"},"content":{"rendered":"<p><img alt=\"\" alt=\"\" loading=\"lazy\" decoding=\"async\" class=\"alignleft  wp-image-86361\" style=\"margin-right: 10px\" src=\"https:\/\/www.focolare.org\/wp-content\/uploads\/2013\/05\/20130531-01.jpg\" alt=\"\" width=\"320\" height=\"273\" \/>Era o m\u00eas de julho de 1991. Durante uma viagem ao Brasil, tocada pela \u201ccoroa de espinhos\u201d que circunda as metr\u00f3poles que havia visitado e pelas condi\u00e7\u00f5es em que vivem os pobres nas favelas, <a href=\"https:\/\/www.focolare.org\/pt\/chiara-lubich\/chi-e-chiara\/\" target=\"_blank\" rel=\"noopener\">Chiara Lubich<\/a> lan\u00e7ou o projeto de uma <a href=\"https:\/\/www.focolare.org\/pt\/in-dialogo\/cultura\/economia\/\" target=\"_blank\" rel=\"noopener\">Economia de Comunh\u00e3o<\/a>. Retornando \u00e0 It\u00e1lia comunicou esta inspira\u00e7\u00e3o a diversos expoentes do mundo empresarial. Com as suas palavras \u2013 recorda <strong>Luigi Delfi<\/strong>, presente no encontro \u2013 \u201cquestionou os empres\u00e1rios, propondo-lhes de abra\u00e7ar a filosofia da partilha de um ter\u00e7o dos lucros com quem \u00e9 pobre. Para mim a sua foi uma intui\u00e7\u00e3o perturbadora\u201d.<\/p>\n<p><strong>Luigi possu\u00eda uma experi\u00eancia de trinta anos<\/strong> como desenhista em uma empresa produtora de lumin\u00e1rias, nas quais via escondida uma \u201charmonia secreta\u201d, porque \u201cpara ter uma boa luz \u00e9 necess\u00e1rio um conjunto harm\u00f4nico de prismas, distintos, mas firmemente unidos\u201d.<\/p>\n<p>Na proposta de Chiara Lubich ele percebeu <strong>um chamado pessoal<\/strong>: \u201cFiquei logo conquistado, porque venho de uma fam\u00edlia que conhece o valor do sacrif\u00edcio\u201d. Luigi tornou-se um dos fundadores da <a href=\"http:\/\/www.ecie.it\/ita_default.asp\" target=\"_blank\" rel=\"noopener\">ECIE<\/a>, primeira empresa italiana a aderir aos princ\u00edpios da Economia de Comunh\u00e3o.<\/p>\n<p><strong>Estabeleceu com Chiara uma amizade \u00e0 dist\u00e2ncia<\/strong>, feita de cartas com pedidos de conselhos e respostas imediatas para que prosseguisse. \u201cCada passo que eu dava para a nova empresa \u2013 confidenciou \u2013 o fazia confrontando com ela\u201d; Chiara ensinou-o a n\u00e3o deixar morrer no ego\u00edsmo o pequeno vulc\u00e3o de luz que o caracterizava, e a doar-se aos outros, continuando a produzir frutos.<\/p>\n<p><img alt=\"\" alt=\"\" loading=\"lazy\" decoding=\"async\" class=\"size-full wp-image-86363 alignright\" style=\"margin-left: 10px\" src=\"https:\/\/www.focolare.org\/wp-content\/uploads\/2013\/05\/20130531-02.jpg\" alt=\"\" width=\"254\" height=\"168\" \/>Produzindo far\u00f3is, a empresa tornou-se, com o tempo, fornecedora das mais importantes <strong>f\u00e1bricas motocicl\u00edsticas do mundo<\/strong>, do Jap\u00e3o aos Estados Unidos, e em seu grupo de trabalho Luigi passou a ter ao seu lado a sua esposa e a filha, Erika.<\/p>\n<p>Um desafio ainda aberto, especialmente em tempo de crise. \u201cPor este motivo \u2013 conclui Luigi \u2013 atualmente a Economia de Comunh\u00e3o proposta por Chiara torna-se cada vez mais uma necessidade a qual apelar, antes de tudo enquanto pessoas, porque abre possibilidades para dar a pr\u00f3pria contribui\u00e7\u00e3o no agir econ\u00f4mico\u201d.<\/p>\n<p>Fonte: <em>De uma centelha, um vulc\u00e3o de luz<\/em>, de Maria Grazia Baroni, Revista <em>Citt\u00e0 Nuova<\/em>, maio de 2013.<\/p>\n","protected":false},"excerpt":{"rendered":"<p>A hist\u00f3ria da primeira empresa italiana que aderiu aos princ\u00edpios da Economia de Comunh\u00e3o, uma ind\u00fastria de lumin\u00e1rias presente h\u00e1 anos na Asia, onde continua a sua a experi\u00eancia de trabalho \u00e0 medida da pessoa humana.<\/p>\n","protected":false},"author":34,"featured_media":0,"comment_status":"open","ping_status":"open","sticky":false,"template":"","format":"standard","meta":{"give_campaign_id":0,"_seopress_robots_primary_cat":"","_seopress_titles_title":"","_seopress_titles_desc":"","_seopress_robots_index":"","_et_pb_use_builder":"","_et_pb_old_content":"","_et_gb_content_width":"","footnotes":""},"categories":[909],"tags":[],"class_list":["post-345818","post","type-post","status-publish","format-standard","hentry","category-focolare-worldwide-2-4"],"_links":{"self":[{"href":"https:\/\/www.focolare.org\/pt-pt\/wp-json\/wp\/v2\/posts\/345818","targetHints":{"allow":["GET"]}}],"collection":[{"href":"https:\/\/www.focolare.org\/pt-pt\/wp-json\/wp\/v2\/posts"}],"about":[{"href":"https:\/\/www.focolare.org\/pt-pt\/wp-json\/wp\/v2\/types\/post"}],"author":[{"embeddable":true,"href":"https:\/\/www.focolare.org\/pt-pt\/wp-json\/wp\/v2\/users\/34"}],"replies":[{"embeddable":true,"href":"https:\/\/www.focolare.org\/pt-pt\/wp-json\/wp\/v2\/comments?post=345818"}],"version-history":[{"count":0,"href":"https:\/\/www.focolare.org\/pt-pt\/wp-json\/wp\/v2\/posts\/345818\/revisions"}],"wp:attachment":[{"href":"https:\/\/www.focolare.org\/pt-pt\/wp-json\/wp\/v2\/media?parent=345818"}],"wp:term":[{"taxonomy":"category","embeddable":true,"href":"https:\/\/www.focolare.org\/pt-pt\/wp-json\/wp\/v2\/categories?post=345818"},{"taxonomy":"post_tag","embeddable":true,"href":"https:\/\/www.focolare.org\/pt-pt\/wp-json\/wp\/v2\/tags?post=345818"}],"curies":[{"name":"wp","href":"https:\/\/api.w.org\/{rel}","templated":true}]}}