{"id":345820,"date":"2013-05-31T20:10:03","date_gmt":"2013-05-31T18:10:03","guid":{"rendered":"https:\/\/www.focolare.org\/junho-2013\/"},"modified":"2024-06-06T12:21:19","modified_gmt":"2024-06-06T10:21:19","slug":"junho-2013","status":"publish","type":"post","link":"https:\/\/www.focolare.org\/pt-pt\/junho-2013\/","title":{"rendered":"Junho 2013"},"content":{"rendered":"<p style=\"text-align: left\" align=\"center\"><strong><em>\u201cSe, fazendo o bem, sois pacientes no sofrimento, isto vos tornar\u00e1 agrad\u00e1veis diante de Deus.<\/em><\/strong>\u201d<\/p>\n<p> \u00a0A estas pessoas, o ap\u00f3stolo recomenda n\u00e3o ceder \u00e0 rea\u00e7\u00e3o instintiva que poderia se manifestar nestas situa\u00e7\u00f5es, mas imitar o comportamento de Jesus. Exorta-os antes a responder com amor, vendo tamb\u00e9m nestas dificuldades e incompreens\u00f5es uma gra\u00e7a, ou seja, uma ocasi\u00e3o permitida por Deus para dar mostras do verdadeiro esp\u00edrito crist\u00e3o. Al\u00e9m de tudo, deste modo poder\u00e3o conduzir a Cristo, por meio do amor, tamb\u00e9m aquele que n\u00e3o os compreende. <\/p>\n<p style=\"text-align: left\" align=\"center\"><strong><em>\u201cSe, fazendo o bem, sois pacientes no sofrimento, isto vos tornar\u00e1 agrad\u00e1veis diante de Deus.<\/em><\/strong>\u201d<\/p>\n<p> Sempre existem aqueles que, partindo destas palavras ou de outras semelhantes, pretendem acusar o cristianismo de favorecer uma atitude de excessiva submiss\u00e3o, capaz de entorpecer as consci\u00eancias, tornando-as menos ativas contra as injusti\u00e7as.  Mas n\u00e3o \u00e9 isto que acontece. Se Jesus nos pede que amemos at\u00e9 mesmo aqueles que n\u00e3o nos entendem e nos maltratam, isto n\u00e3o significa que deseja nos tornar insens\u00edveis diante das injusti\u00e7as. Pelo contr\u00e1rio! Ele quer nos mostrar como \u00e9 que se constr\u00f3i uma sociedade verdadeiramente justa. Isto se torna poss\u00edvel quando difundimos o esp\u00edrito do verdadeiro amor, come\u00e7ando n\u00f3s a dar o primeiro passo no amor. <\/p>\n<p style=\"text-align: left\" align=\"center\"><strong><em>\u201cSe, fazendo o bem, sois pacientes no sofrimento, isto vos tornar\u00e1 agrad\u00e1veis diante de Deus.<\/em><\/strong>\u201d<\/p>\n<p> \u00a0Como podemos viver, ent\u00e3o, a Palavra de Vida deste m\u00eas?  S\u00e3o muitos os modos pelos quais tamb\u00e9m n\u00f3s, atualmente, podemos ser incompreendidos e maltratados: v\u00e3o desde as faltas de delicadeza e grosserias \u00e0s cr\u00edticas maliciosas, \u00e0s ingratid\u00f5es e ofensas, chegando at\u00e9 a verdadeiras injusti\u00e7as.  Pois bem, tamb\u00e9m em todas essas incompreens\u00f5es devemos testemunhar o amor que Jesus trouxe \u00e0 Terra, amor que se dirige a todos e portanto at\u00e9 mesmo a quem nos trata mal.  A Palavra deste m\u00eas ensina que, mesmo na defesa leg\u00edtima da justi\u00e7a e da verdade, nunca devemos nos esquecer que nosso primeiro dever, como crist\u00e3os, \u00e9 amar o outro, isto \u00e9, ter em rela\u00e7\u00e3o a ele aquela atitude nova, feita de compreens\u00e3o, de acolhimento e de miseric\u00f3rdia que Jesus teve em rela\u00e7\u00e3o a n\u00f3s. Deste modo, mesmo quando defendemos nossas raz\u00f5es, jamais romperemos o relacionamento, jamais cederemos \u00e0 tenta\u00e7\u00e3o do ressentimento ou da vingan\u00e7a.  E agindo assim, como instrumentos do amor de Jesus, n\u00f3s tamb\u00e9m estaremos em condi\u00e7\u00f5es de conduzir o nosso pr\u00f3ximo a Deus.  Chiara Lubich<\/p>\n","protected":false},"excerpt":{"rendered":"<p>\u201cSe, fazendo o bem, sois pacientes no sofrimento, isto vos tornar\u00e1 agrad\u00e1veis diante de Deus.\u201d \t (1Pd 2, 20)<\/p>\n","protected":false},"author":33,"featured_media":0,"comment_status":"open","ping_status":"open","sticky":false,"template":"","format":"standard","meta":{"give_campaign_id":0,"_seopress_robots_primary_cat":"","_seopress_titles_title":"","_seopress_titles_desc":"","_seopress_robots_index":"","_et_pb_use_builder":"","_et_pb_old_content":"","_et_gb_content_width":"","footnotes":""},"categories":[3160,129],"tags":[],"class_list":["post-345820","post","type-post","status-publish","format-standard","hentry","category-palavra-de-vida-pt-pt","category-sem-categoria"],"_links":{"self":[{"href":"https:\/\/www.focolare.org\/pt-pt\/wp-json\/wp\/v2\/posts\/345820","targetHints":{"allow":["GET"]}}],"collection":[{"href":"https:\/\/www.focolare.org\/pt-pt\/wp-json\/wp\/v2\/posts"}],"about":[{"href":"https:\/\/www.focolare.org\/pt-pt\/wp-json\/wp\/v2\/types\/post"}],"author":[{"embeddable":true,"href":"https:\/\/www.focolare.org\/pt-pt\/wp-json\/wp\/v2\/users\/33"}],"replies":[{"embeddable":true,"href":"https:\/\/www.focolare.org\/pt-pt\/wp-json\/wp\/v2\/comments?post=345820"}],"version-history":[{"count":0,"href":"https:\/\/www.focolare.org\/pt-pt\/wp-json\/wp\/v2\/posts\/345820\/revisions"}],"wp:attachment":[{"href":"https:\/\/www.focolare.org\/pt-pt\/wp-json\/wp\/v2\/media?parent=345820"}],"wp:term":[{"taxonomy":"category","embeddable":true,"href":"https:\/\/www.focolare.org\/pt-pt\/wp-json\/wp\/v2\/categories?post=345820"},{"taxonomy":"post_tag","embeddable":true,"href":"https:\/\/www.focolare.org\/pt-pt\/wp-json\/wp\/v2\/tags?post=345820"}],"curies":[{"name":"wp","href":"https:\/\/api.w.org\/{rel}","templated":true}]}}