{"id":345822,"date":"2013-06-01T05:30:47","date_gmt":"2013-06-01T03:30:47","guid":{"rendered":"https:\/\/www.focolare.org\/escolinha-arco-iris-fazendo-o-bem-na-periferia-venezuelana\/"},"modified":"2024-06-06T12:21:19","modified_gmt":"2024-06-06T10:21:19","slug":"escolinha-arco-iris-fazendo-o-bem-na-periferia-venezuelana","status":"publish","type":"post","link":"https:\/\/www.focolare.org\/pt-pt\/escolinha-arco-iris-fazendo-o-bem-na-periferia-venezuelana\/","title":{"rendered":"Escolinha Arco-\u00edris, \u201cfazendo o bem\u201d na periferia venezuelana"},"content":{"rendered":"<p><strong><img alt=\"\" alt=\"\" loading=\"lazy\" decoding=\"async\" class=\"alignleft  wp-image-86469\" style=\"margin-right: 10px\" src=\"https:\/\/www.focolare.org\/wp-content\/uploads\/2013\/06\/20130601-01.jpg\" alt=\"\" width=\"269\" height=\"358\" \/>Nas Colinas de Guacamaya, bairro degradado de Valencia<\/strong>, uma importante cidade industrial da <a href=\"https:\/\/www.focolare.org\/pt\/focolare-worldwide\/america-sud\/venezuela\/\" target=\"_blank\" rel=\"noopener\">Venezuela<\/a>, muitos pais n\u00e3o t\u00eam onde deixar os filhos enquanto est\u00e3o no trabalho, assim como acontece em muitos outros lugares.<\/p>\n<p><strong>H\u00e1 muitos anos Ofelia, uma volunt\u00e1ria do Movimento dos Focolares, fundou uma creche<\/strong>, <em>Arco-\u00edris<\/em>, que est\u00e1 instalada no jardim da sua casa. Ali as crian\u00e7as recebem uma aten\u00e7\u00e3o personalizada e as no\u00e7\u00f5es fundamentais para poderem frequentar com \u00eaxito a escola elementar.<\/p>\n<p>Atualmente, frequentam a creche 40 crian\u00e7as dos quatro anos aos&#8230; catorze. Como h\u00e1 muitas crian\u00e7as que, por v\u00e1rios motivos independente da pr\u00f3pria vontade, n\u00e3o podem frequentar a escola regular, decidiu-se oferecer-lhes a possibilidade de continuarem de algum modo os estudos nas estruturas da creche.<\/p>\n<p><strong>H\u00e1 um tempo atr\u00e1s houve um tiroteio entre a pol\u00edcia e a <em>gang<\/em> que controla o bairro<\/strong>. N\u00e3o foi a primeira vez e j\u00e1 tinham morrido seis pessoas. Mas desta vez aconteceu perto da creche.<\/p>\n<p>Ofelia conta: <em>&#8220;Para evitar que as crian\u00e7as se assustassem colocamo-las a cantar. Depois, quando as m\u00e3es desesperadas chegaram para buscar os seus filhos, falei com cada uma, procurando acalm\u00e1-las e explicando que deviam se controlar para bem de seus filhos. Convidei-as para rezar pelo fim da viol\u00eancia&#8221;.<\/em><\/p>\n<p><img alt=\"\" alt=\"\" loading=\"lazy\" decoding=\"async\" class=\"size-full wp-image-86471 alignright\" style=\"margin-left: 10px\" src=\"https:\/\/www.focolare.org\/wp-content\/uploads\/2013\/06\/20130601-02.jpg\" alt=\"\" width=\"235\" height=\"314\" \/>E continua: <em>&#8220;No dia seguinte, juntamente com as crian\u00e7as, jogamos o <a href=\"http:\/\/gen4.focolare.org\/pt\/em-acao\/dado-do-amor.html\" target=\"_blank\" rel=\"noopener\">\u2018dado do amo<\/a>r\u2019 e quando saiu \u2018amar a todos\u2019, elas perguntaram: \u2018mas tamb\u00e9m os bandidos?\u2019; e depois, \u2018e tamb\u00e9m os policiais?\u2019. N\u00f3s, professoras, respondemos: \u2018Sim! Sabem o que podemos fazer? <\/em><em>Podemos rezar por eles\u2019. <\/em><em>Ent\u00e3o, convidamos as crian\u00e7as a fazerem ora\u00e7\u00f5es espont\u00e2neas, que foram muito bonitas na sua inoc\u00eancia. Uma menina de quatro anos pediu a Deus que n\u00e3o existissem mais armas no mundo, e um outro menino pediu que Deus o ajudasse a amar mais e que mudasse o cora\u00e7\u00e3o dos bandidos&#8221;.<\/em><\/p>\n<p>Uma outra atividade da escolinha <em>Arco-\u00edris<\/em> \u00e9 o acompanhamento dos pais. O trabalho \u00e9 muito importante, porque as crian\u00e7as ficam na creche s\u00f3 alguns anos e, portanto, a experi\u00eancia que fazem, mesmo sendo muito positiva e cheia de valores, \u00e9 tempor\u00e1ria; enquanto com os pais o relacionamento continua durante o tempo necess\u00e1rio para a sua forma\u00e7\u00e3o como pessoas.<\/p>\n<p>O tema aprofundado este ano foi &#8220;Como comunicar-se com os nossos filhos&#8221;. As muitas atividades do <em>workshop<\/em> foram desenvolvidas pelas pr\u00f3prias professoras, que aceitaram generosamente passar um domingo inteiro com os pais, conscientes que, desde modo, estariam verdadeiramente investindo no futuro dos seus pequenos alunos.<\/p>\n<p>Escolinha <em>Arco-\u00edris<\/em>: uma pequena semente de esperan\u00e7a na violenta periferia venezuelana.<\/p>\n","protected":false},"excerpt":{"rendered":"<p>Um jardim-de-inf\u00e2ncia para responder \u00e0s exig\u00eancias das m\u00e3es que trabalham. Um modo de \u201cfazer o bem\u201d num bairro de periferia, na Venezuela, para ilustrar a Palavra de Vida deste m\u00eas.<\/p>\n","protected":false},"author":34,"featured_media":0,"comment_status":"open","ping_status":"open","sticky":false,"template":"","format":"standard","meta":{"give_campaign_id":0,"_seopress_robots_primary_cat":"","_seopress_titles_title":"","_seopress_titles_desc":"","_seopress_robots_index":"","_et_pb_use_builder":"","_et_pb_old_content":"","_et_gb_content_width":"","footnotes":""},"categories":[909],"tags":[],"class_list":["post-345822","post","type-post","status-publish","format-standard","hentry","category-focolare-worldwide-2-4"],"_links":{"self":[{"href":"https:\/\/www.focolare.org\/pt-pt\/wp-json\/wp\/v2\/posts\/345822","targetHints":{"allow":["GET"]}}],"collection":[{"href":"https:\/\/www.focolare.org\/pt-pt\/wp-json\/wp\/v2\/posts"}],"about":[{"href":"https:\/\/www.focolare.org\/pt-pt\/wp-json\/wp\/v2\/types\/post"}],"author":[{"embeddable":true,"href":"https:\/\/www.focolare.org\/pt-pt\/wp-json\/wp\/v2\/users\/34"}],"replies":[{"embeddable":true,"href":"https:\/\/www.focolare.org\/pt-pt\/wp-json\/wp\/v2\/comments?post=345822"}],"version-history":[{"count":0,"href":"https:\/\/www.focolare.org\/pt-pt\/wp-json\/wp\/v2\/posts\/345822\/revisions"}],"wp:attachment":[{"href":"https:\/\/www.focolare.org\/pt-pt\/wp-json\/wp\/v2\/media?parent=345822"}],"wp:term":[{"taxonomy":"category","embeddable":true,"href":"https:\/\/www.focolare.org\/pt-pt\/wp-json\/wp\/v2\/categories?post=345822"},{"taxonomy":"post_tag","embeddable":true,"href":"https:\/\/www.focolare.org\/pt-pt\/wp-json\/wp\/v2\/tags?post=345822"}],"curies":[{"name":"wp","href":"https:\/\/api.w.org\/{rel}","templated":true}]}}