{"id":345868,"date":"2013-06-20T04:00:40","date_gmt":"2013-06-20T02:00:40","guid":{"rendered":"https:\/\/www.focolare.org\/coreia-um-laboratorio-entre-os-bispos\/"},"modified":"2024-06-06T12:21:29","modified_gmt":"2024-06-06T10:21:29","slug":"coreia-um-laboratorio-entre-os-bispos","status":"publish","type":"post","link":"https:\/\/www.focolare.org\/pt-pt\/coreia-um-laboratorio-entre-os-bispos\/","title":{"rendered":"Coreia, um \u201claborat\u00f3rio\u201d entre os bispos"},"content":{"rendered":"<p><img alt=\"\" alt=\"\" loading=\"lazy\" decoding=\"async\" class=\" wp-image-87838 alignright\" style=\"margin-left: 10px\" src=\"https:\/\/www.focolare.org\/wp-content\/uploads\/2013\/06\/20130620-011.jpg\" alt=\"\" width=\"384\" height=\"255\" \/>Seguindo o constate convite do Papa Francisco a deixar-se surpreender pelo amor sempre novo de Deus, 32 <a href=\"https:\/\/www.focolare.org\/pt\/movimento-dei-focolari\/scelte-e-impegno\/vescovi\/\" target=\"_blank\" rel=\"noopener\">bispos amigos dos Focolares<\/a>, provenientes da Coreia, Mong\u00f3lia, Filipinas, Tail\u00e2ndia, Mianmar, \u00cdndia, Paquist\u00e3o, Jap\u00e3o, Taiwan e Sri Lanka, reuniram-se em Seul de 22 a 25 de maio, para confrontar-se e aprofundar a viva realidade da \u201cIgreja-comunh\u00e3o\u201d.<\/p>\n<p><strong>As na\u00e7\u00f5es que comp\u00f5em o continente asi\u00e1tico diferenciam-se pela l\u00edngua, etnia, religi\u00e3o, tradi\u00e7\u00f5es<\/strong>, e tamb\u00e9m as situa\u00e7\u00f5es vividas pela Igreja s\u00e3o muito variadas. Os bispos viram nesta multiplicidade uma oportunidade de enriquecimento rec\u00edproco. \u201cDemos amplo espa\u00e7o \u00e0 comunh\u00e3o espiritual e ao conhecimento m\u00fatuo \u2013 escreveram -. Assim descobrimos uma enorme riqueza de vida, traduzida em experi\u00eancias muito concretas que brotam do Evangelho vivido nos v\u00e1rios ambientes: semin\u00e1rios, par\u00f3quias, entre pessoas marginalizadas por condi\u00e7\u00f5es de desabilidade ou car\u00eancia material. O <a href=\"https:\/\/www.focolare.org\/pt\/chiara-lubich\/spiritualita-dellunita\/amore-al-fratello\/\" target=\"_blank\" rel=\"noopener\">amor a Jesus no irm\u00e3o<\/a> foi o que nos impulsionou a aproximarmo-nos dos nossos pr\u00f3ximos e procurar sanar, por quanto \u00e9 poss\u00edvel, as suas chagas\u201d.<\/p>\n<p><strong>Tamb\u00e9m a Nova Evangeliza\u00e7\u00e3o foi objeto de reflex\u00e3o<\/strong>. Ela exige uma convers\u00e3o pessoal e um novo an\u00fancio do amor de Deus \u00e0s popula\u00e7\u00f5es asi\u00e1ticas, atrav\u00e9s do di\u00e1logo com as muitas tradi\u00e7\u00f5es religiosas e a abertura radical para com aqueles que sofrem.<\/p>\n<p><img alt=\"\" alt=\"\" loading=\"lazy\" decoding=\"async\" class=\"alignleft  wp-image-87834\" style=\"margin-right: 10px\" src=\"https:\/\/www.focolare.org\/wp-content\/uploads\/2013\/06\/20130620-02.jpg\" alt=\"\" width=\"358\" height=\"238\" \/>A Santa Missa conclusiva terminou com o solene pacto de amor rec\u00edproco e o compromisso em amar a diocese do outro como a pr\u00f3pria, o que confirmou a partilha que se havia experimentado. Para manter vivos e alimentar os relacionamentos constru\u00eddos, muitos dos presentes decidiram desfrutar melhor os meios mais r\u00e1pidos de comunica\u00e7\u00e3o, como skype e confer\u00eancias em v\u00eddeo.<\/p>\n<p>O <strong>arcebispo de Bancoc, Francis Xavier Kriengsak Kovithavanij<\/strong>, moderador dos encontros dos bispos amigos do Movimento dos Focolares, explicou que a partilha das v\u00e1rias experi\u00eancias feitas nas conquistas e nas dificuldades da vida, criou relacionamentos fraternos de profunda comunh\u00e3o entre os participantes, fazendo com que experimentassem a presen\u00e7a de Cristo Ressuscitado entre todos. Essa presen\u00e7a doou nova for\u00e7a e alegria para retomar o servi\u00e7o nas respectivas dioceses, com o amor de pastores pr\u00f3ximos ao pr\u00f3prio rebanho, seguindo o exemplo do Papa Francisco.<\/p>\n","protected":false},"excerpt":{"rendered":"<p>Em Seul, de 22 a 25 de maio passado, 32 bispos da \u00c1sia aprofundaram a realidade da \u201cIgreja-comunh\u00e3o\u201d, \u00e0 luz da espiritualidade da unidade.<\/p>\n","protected":false},"author":34,"featured_media":0,"comment_status":"open","ping_status":"open","sticky":false,"template":"","format":"standard","meta":{"give_campaign_id":0,"_seopress_robots_primary_cat":"","_seopress_titles_title":"","_seopress_titles_desc":"","_seopress_robots_index":"","_et_pb_use_builder":"","_et_pb_old_content":"","_et_gb_content_width":"","footnotes":""},"categories":[909],"tags":[],"class_list":["post-345868","post","type-post","status-publish","format-standard","hentry","category-focolare-worldwide-2-4"],"_links":{"self":[{"href":"https:\/\/www.focolare.org\/pt-pt\/wp-json\/wp\/v2\/posts\/345868","targetHints":{"allow":["GET"]}}],"collection":[{"href":"https:\/\/www.focolare.org\/pt-pt\/wp-json\/wp\/v2\/posts"}],"about":[{"href":"https:\/\/www.focolare.org\/pt-pt\/wp-json\/wp\/v2\/types\/post"}],"author":[{"embeddable":true,"href":"https:\/\/www.focolare.org\/pt-pt\/wp-json\/wp\/v2\/users\/34"}],"replies":[{"embeddable":true,"href":"https:\/\/www.focolare.org\/pt-pt\/wp-json\/wp\/v2\/comments?post=345868"}],"version-history":[{"count":0,"href":"https:\/\/www.focolare.org\/pt-pt\/wp-json\/wp\/v2\/posts\/345868\/revisions"}],"wp:attachment":[{"href":"https:\/\/www.focolare.org\/pt-pt\/wp-json\/wp\/v2\/media?parent=345868"}],"wp:term":[{"taxonomy":"category","embeddable":true,"href":"https:\/\/www.focolare.org\/pt-pt\/wp-json\/wp\/v2\/categories?post=345868"},{"taxonomy":"post_tag","embeddable":true,"href":"https:\/\/www.focolare.org\/pt-pt\/wp-json\/wp\/v2\/tags?post=345868"}],"curies":[{"name":"wp","href":"https:\/\/api.w.org\/{rel}","templated":true}]}}