{"id":345872,"date":"2013-06-22T04:35:42","date_gmt":"2013-06-22T02:35:42","guid":{"rendered":"https:\/\/www.focolare.org\/siria-na-noite-do-sofrimento-o-milagre-da-solidariedade\/"},"modified":"2024-06-06T12:21:29","modified_gmt":"2024-06-06T10:21:29","slug":"siria-na-noite-do-sofrimento-o-milagre-da-solidariedade","status":"publish","type":"post","link":"https:\/\/www.focolare.org\/pt-pt\/siria-na-noite-do-sofrimento-o-milagre-da-solidariedade\/","title":{"rendered":"S\u00edria: na &#8220;noite&#8221; do sofrimento, o milagre da solidariedade"},"content":{"rendered":"<p><img alt=\"\" alt=\"\" loading=\"lazy\" decoding=\"async\" class=\"alignleft  wp-image-87869\" style=\"margin-right: 10px\" src=\"https:\/\/www.focolare.org\/wp-content\/uploads\/2013\/06\/20130621-01.jpg\" alt=\"\" width=\"325\" height=\"211\" \/><\/p>\n<p><strong>\u00ab<\/strong><strong>Estamos bem<\/strong>. Todos de Damasco e Alepo, sa\u00fadam voc\u00eas. Neste momento, algumas pessoas\u00a0 do Movimento est\u00e3o se encontrando com um grupo de jovens de uma par\u00f3quia. H\u00e1 dois meses fazemos regularmente esse encontro porque desejam conhecer o Ideal da unidade.<\/p>\n<p><strong>A \u201cnoite\u201d no pa\u00eds se torna sempre mais escura<\/strong> e n\u00e3o sabemos at\u00e9 quando poderemos resistir, por causa da tens\u00e3o e da situa\u00e7\u00e3o econ\u00f4mica. O valor das coisas \u00e9 alt\u00edssimo e a maioria das pessoas quer garantir o alimento porque todo o resto tornou-se sup\u00e9rfluo. Isso, para pessoas habituadas a trabalhar, \u00e9 uma coisa dura e com esta guerra, se sentem aniquiladas na pr\u00f3pria dignidade.<\/p>\n<p><strong>Em muitos lugares e bairros convive-se com o risco<\/strong> e quando se sai de casa n\u00e3o se sabe se \u00e9 poss\u00edvel voltar. Foram raptados dois bispos e dois sacerdotes e n\u00e3o se sabe nada deles. Reza-se incessantemente por eles e por todas as pessoas raptadas.<\/p>\n<p>Mas podemos garantir a voc\u00eas que nessa \u201cnoite\u201d <strong>existe uma luz muito forte<\/strong> e s\u00e3o as palavras de Jesus, os ensinamentos de<a href=\"https:\/\/www.focolare.org\/pt\/chiara-lubich\/\"> Chiara Lubich<\/a>, que nos impulsionam a viver o momento presente, a amar e manter viva a presen\u00e7a espiritual de Jesus entre n\u00f3s.<\/p>\n<p><strong>E acontece o milagre que sempre causa admira\u00e7\u00e3o<\/strong>: vivemos \u201cfora de n\u00f3s\u201d, pelos outros, pensando somente em amar, cancelando constantemente o ressentimento ou a raiva que podemos experimentar; aprimorando os relacionamentos entre n\u00f3s e com todos. Isso nos faz experimentar uma certa normalidade, nos d\u00e1 paz e muitos entre n\u00f3s sentem que o nosso lugar \u00e9 aqui porque podemos levar a unidade e a serenidade, e as pessoas t\u00eam sede disso.<\/p>\n<p><strong>Um jovem que faz o servi\u00e7o militar e trabalha num dos escrit\u00f3rios<\/strong>, um lugar que sofre cont\u00ednuos ataques, nos contou que enquanto escapava para o ref\u00fagio com os colegas, percebeu que um deles tinha sido atingido e estava ca\u00eddo no ch\u00e3o. Por um momento teve uma d\u00favida: \u201cVolto para ajudar este irm\u00e3o ou fujo?\u201d E no cora\u00e7\u00e3o, de modo claro, uma voz lhe dizia: \u201cN\u00e3o tenha medo, Eu estou com voc\u00ea\u201d. Voltou, tirou a camisa para estancar o sangue que sa\u00eda da perna do colega e esperou, debaixo dos ataques, que a ambul\u00e2ncia chegasse.<\/p>\n<p><strong>Neste momento em que estamos unidos a todos voc\u00eas,<\/strong> quero agradecer pela ajuda que chega de v\u00e1rios modos e que sempre nos comovem. S\u00e3o um sinal da realidade de fam\u00edlia que sempre nos acompanha. S\u00e3o precios\u00edssimas e permitem que Jesus no irm\u00e3o possa sentir o amor que voc\u00eas t\u00eam por Ele, consolando-o e dando for\u00e7as para resistir e n\u00e3o desesperar.<\/p>\n<p><strong>Se estamos aqui \u00e9 porque voc\u00eas, e muitos outros, existem. <\/strong>Muito obrigada! E uma sauda\u00e7\u00e3o especial de todos n\u00f3s da <a href=\"https:\/\/www.focolare.org\/pt\/focolare-worldwide\/asia\/siria\/\">S\u00edria<\/a>\u00bb.<\/p>\n<p><a href=\"https:\/\/www.focolare.org\/pt\/news\/2011\/01\/20\/maria-voce\/\">Maria Voce<\/a>, em nome de milhares de pessoas conectadas via internet, responde: \u00abTamb\u00e9m n\u00f3s estamos aqui porque voc\u00eas existem! Continuamos juntos, levando tudo para frente, rezando e ajudando voc\u00eas em tudo o que for poss\u00edvel!<\/p>\n<p><strong>Lembramos que podem enviar ajuda \u00e0 S\u00edria <\/strong>atrav\u00e9s da AMU (Associa\u00e7\u00e3o Mundo Unido). Informa\u00e7\u00f5es sobre a conta banc\u00e1ria no site<strong> <\/strong><a href=\"http:\/\/www.amu-it.eu\/2012\/11\/15\/emergenza-siria\/\" target=\"_blank\" rel=\"noopener\">AMU-Emergenza Siria<\/a>.<\/p>\n","protected":false},"excerpt":{"rendered":"<p>Um telefonema mundial comovente com os membros do Movimento dos Focolares num pa\u00eds que se encontra numa situa\u00e7\u00e3o extrema, focaliza a aten\u00e7\u00e3o na for\u00e7a da ora\u00e7\u00e3o e na ajuda concreta.<\/p>\n","protected":false},"author":34,"featured_media":0,"comment_status":"open","ping_status":"open","sticky":false,"template":"","format":"standard","meta":{"give_campaign_id":0,"_seopress_robots_primary_cat":"","_seopress_titles_title":"","_seopress_titles_desc":"","_seopress_robots_index":"","_et_pb_use_builder":"","_et_pb_old_content":"","_et_gb_content_width":"","footnotes":""},"categories":[129],"tags":[],"class_list":["post-345872","post","type-post","status-publish","format-standard","hentry","category-sem-categoria"],"_links":{"self":[{"href":"https:\/\/www.focolare.org\/pt-pt\/wp-json\/wp\/v2\/posts\/345872","targetHints":{"allow":["GET"]}}],"collection":[{"href":"https:\/\/www.focolare.org\/pt-pt\/wp-json\/wp\/v2\/posts"}],"about":[{"href":"https:\/\/www.focolare.org\/pt-pt\/wp-json\/wp\/v2\/types\/post"}],"author":[{"embeddable":true,"href":"https:\/\/www.focolare.org\/pt-pt\/wp-json\/wp\/v2\/users\/34"}],"replies":[{"embeddable":true,"href":"https:\/\/www.focolare.org\/pt-pt\/wp-json\/wp\/v2\/comments?post=345872"}],"version-history":[{"count":0,"href":"https:\/\/www.focolare.org\/pt-pt\/wp-json\/wp\/v2\/posts\/345872\/revisions"}],"wp:attachment":[{"href":"https:\/\/www.focolare.org\/pt-pt\/wp-json\/wp\/v2\/media?parent=345872"}],"wp:term":[{"taxonomy":"category","embeddable":true,"href":"https:\/\/www.focolare.org\/pt-pt\/wp-json\/wp\/v2\/categories?post=345872"},{"taxonomy":"post_tag","embeddable":true,"href":"https:\/\/www.focolare.org\/pt-pt\/wp-json\/wp\/v2\/tags?post=345872"}],"curies":[{"name":"wp","href":"https:\/\/api.w.org\/{rel}","templated":true}]}}