{"id":345942,"date":"2013-07-29T06:56:42","date_gmt":"2013-07-29T04:56:42","guid":{"rendered":"https:\/\/www.focolare.org\/papa-francisco-aos-jovens-no-rio-ide-sem-medo-para-servir\/"},"modified":"2024-06-06T12:21:42","modified_gmt":"2024-06-06T10:21:42","slug":"papa-francisco-aos-jovens-no-rio-ide-sem-medo-para-servir","status":"publish","type":"post","link":"https:\/\/www.focolare.org\/pt-pt\/papa-francisco-aos-jovens-no-rio-ide-sem-medo-para-servir\/","title":{"rendered":"Papa Francisco aos jovens, no Rio: \u201cIde, sem medo, para servir.\u201d"},"content":{"rendered":"<p><strong>\u201c<em>Cristo tem confian\u00e7a nos jovens e confia a eles o futuro da sua pr\u00f3pria miss\u00e3o<\/em>.\u201d<\/strong> Foram as primeiras palavras do Papa Francisco chegando ao Brasil, diante das autoridades civis e religiosas que o receberam. \u201c<em>Jesus lhe chama a ser disc\u00edpulo em miss\u00e3o! O que o Senhor nos diz hoje? Tr\u00eas palavras: Ide, sem medo, para servir<\/em>.\u201d Foi o apelo do Papa na homilia da Santa Missa diante de tr\u00eas milh\u00f5es de jovens que lotaram a praia de Copacabana para a cerim\u00f4nia de conclus\u00e3o da JMJ.  <img alt=\"\" alt=\"\" loading=\"lazy\" decoding=\"async\" class=\" wp-image-89568 alignleft\" style=\"margin-right: 10px\" src=\"https:\/\/www.focolare.org\/wp-content\/uploads\/2013\/07\/WYD_03.jpg\" alt=\"\" width=\"238\" height=\"188\" \/>Palavras simples, sempre antigas e sempre novas; mas, que conquistam. Como muitas outras palavras ditas, ouvidas e assumidas como pr\u00f3prias durante a semana vivida no Rio de Janeiro. Os jovens agora retornam \u00e0s pr\u00f3prias cidades e na\u00e7\u00f5es, \u00e0s pr\u00f3prias fam\u00edlias, grupos, associa\u00e7\u00f5es e congrega\u00e7\u00f5es, tendo recebido o convite do Papa \u201c<em>Fa\u00e7am barulho<\/em>\u201d, convite a mover as \u00e1guas, a tomar em considera\u00e7\u00e3o o outro, tanto o coet\u00e2neo quanto o adulto, a cultivar e a viver a pr\u00f3pria f\u00e9 por completo. Passemos a palavra aos jovens:  <strong><\/strong><strong>Donna, do L\u00edbano<\/strong>, afirma que \u201c<em>o Papa fala de maneira simples e direta, mais condizente ao nosso tempo!<\/em>\u201d  <strong>Na opini\u00e3o de Joaquim, argentino<\/strong>, que seguiu a transmiss\u00e3o da JMJ, \u201c<em>fazer barulho<\/em>\u201d, neste caso, significa a for\u00e7a que move a sociedade. \u201c<em>Eu me senti efetivamente parte da equa\u00e7\u00e3o de Francisco: jovens \u2013 idosos \u2013 adultos. Hoje eu sou jovem e, portanto, toca a mim esta parte. <\/em><em>Gostei muito desta vis\u00e3o mais global, \u00e9 justa!<\/em>\u201d  <strong><\/strong><strong>Daniela, italiana<\/strong>: \u201c<em>esta \u2018reciprocidade entre gera\u00e7\u00f5es\u2019 \u00e0 qual o Papa solicita insistentemente pode ser realmente uma for\u00e7a explosiva, uma ajuda rec\u00edproca. O que permanece no meu cora\u00e7\u00e3o, depois desta JMJ \u00e9 a vontade, o desejo de viver de maneira ainda mais radical a minha vida e, todos os dias, \u2018sair\u2019 para ser uma janela na vida cotidiana, pela qual possa entrar o futuro no mundo!\u201d<\/em>  <strong>Iggy, <strong>neozeland\u00eas<\/strong><\/strong>: \u201c<em>esta JMJ \u00e9 um impulso a fazer uma revolu\u00e7\u00e3o, a \u2018conquistar\u2019 outros jovens \u00e0 vida que vivemos durante estes dias! Especialmente porque, no meu pa\u00eds, na Nova Zel\u00e2ndia, muitas pessoas n\u00e3o acreditam em Deus.<\/em>\u201d  Os jovens do <strong>Rio de Janeiro<\/strong> que participaram do grupo do <strong>di\u00e1logo interreligioso<\/strong>:  <strong>Fuminoro (cat\u00f3lico)<\/strong>: \u201c<em>A JMJ \u00e9 a comprova\u00e7\u00e3o daquilo que est\u00e1 acontecendo no Rio entre cat\u00f3licos, metodistas, batistas e outros. Pessoas n\u00e3o cat\u00f3licas ajudaram nesta Jornada hospedando jovens nas pr\u00f3prias casas com uma fraterna cordialidade!<\/em>\u201d  <strong>Carlos (presbiteriano)<\/strong>: \u201c<em>A JMJ trouxe um esp\u00edrito novo \u00e0 cidade. tem m\u00fasica, festa e uma tonalidade de voz que vai al\u00e9m das institui\u00e7\u00f5es. Eles s\u00e3o jovens de Cristo! Eles trazem uma nova forma de identifica\u00e7\u00e3o religiosa e ultrapassa os muros institucionais.<\/em>\u201d  <strong>Fernando (mu\u00e7ulmano)<\/strong>: \u201c<em>Eu vejo a JMJ como um evento muito positivo porque permite o encontro de jovens de diversas proveni\u00eancias para aprofundar valores e princ\u00edpios important\u00edssimos para todos. Trata-se tamb\u00e9m de um encontro com Deus e isso traz consigo, sempre, resultados maravilhosos para a renova\u00e7\u00e3o da f\u00e9 pessoal, de todos.<\/em>\u201d  <a href=\"https:\/\/www.focolare.org\/wp-content\/uploads\/2013\/07\/WYD_ChiaraLuce.jpg\"><img alt=\"\" alt=\"\" loading=\"lazy\" decoding=\"async\" class=\"alignright  wp-image-89567\" style=\"margin-left: 10px\" src=\"https:\/\/www.focolare.org\/wp-content\/uploads\/2013\/07\/WYD_ChiaraLuce.jpg\" alt=\"\" width=\"358\" height=\"202\" \/><\/a>Entre os jovens que conclu\u00edram a pr\u00f3pria caminhada na fidelidade ao chamado de Deus, est\u00e1 tamb\u00e9m ela: a bem-aventurada Chiara Luce Badano. Maria Teresa, sua m\u00e3e, respondendo \u00e0 pergunta se <strong>notou transforma\u00e7\u00f5es na vida dos jovens<\/strong> que conheceram a experi\u00eancia da sua filha, disse: \u201c<em>Tamb\u00e9m aqueles que somente ouviram falar ou viram a sua fotografia, n\u00e3o se limitam a observ\u00e1-la naquela bela foto; mas, sentem-se marcados pela mensagem que ela quer transmitir atrav\u00e9s daquele olhar, daquela sua beleza interior, daquele fogo que ela conservava no seu \u00edntimo. Ontem eu disse: com estes jovens, Deus, certamente, quer realizar o des\u00edgnio que ele tem para cada um deles. E, portanto, confiemos todos eles a Chiara Luce!<\/em>\u201d  Recentemente Maria Voce enviou uma carta a todos os membros dos Focolares na qual, entre outras coisas, faz um convite: \u201c<em>Periferia existencial \u00e9 todo e qualquer lugar onde o homem n\u00e3o encontra mais a pr\u00f3pria refer\u00eancia central porque n\u00e3o encontra mais Deus. E todos n\u00f3s que, por pura gra\u00e7a, a encontramos somos chamados a estar presente nestes lugares, a imergir-nos nesta humanidade desorientada para reconduzi-la ao pr\u00f3prio centro.<\/em>\u201d E, referindo-se a um texto de Chiara Lubich, acrescenta: \u201c<em>Creio que Chiara mesma n\u00e3o deseja outra coisa porque, desde sempre, ela via \u2018a grande atra\u00e7\u00e3o\u2019 do \u2018perder-se no meio da multid\u00e3o, para impregn\u00e1-la do divino<\/em><a title=\"\" href=\"\/DOCUME~1\/MARIAC~2.DEL\/IMPOST~1\/Temp\/WEB%20S%20Finale%20GMG%2020130729GMG_Finale%20(1)%20Port.doc#_ftn1\">[1]<\/a><em>\u2019<\/em>.\u201d  Depois dos dias vividos no Rio abriu-se um caminho a ser percorrido por todos, juntos.  <strong>Despedimo-nos e nos veremos em Crac\u00f3via<\/strong>! <\/p>\n<div>  <a href=\"https:\/\/www.focolare.org\/area-press-focus\/files\/2013\/07\/SIF20130728_CS_Il-chiasso-di-Rio_PT.pdf\" target=\"_blank\" rel=\"noopener\">Comunicado<\/a>  <a href=\"https:\/\/www.focolare.org\/area-press-focus\/pt\/news\/2013\/07\/25\/protagonisti-i-giovani\/\" target=\"_blank\" rel=\"noopener\">Focus:\u00a0Os protagonistas s\u00e3o os jovens<\/a>  <a href=\"https:\/\/www.focolare.org\/area-press-focus\/pt\/news\/2013\/07\/22\/incontro-interreligioso-da-il-via-alla-settimana-della-gioventu\/\" target=\"_blank\" rel=\"noopener\">Focus:\u00a0Encontro interreligioso inaugura a Semana da Juventude<\/a>  <a href=\"https:\/\/www.focolare.org\/area-press-focus\/pt\/news\/2013\/07\/20\/gmg-2013-festa-dei-giovani-a-rio-de-janeiro\/\" target=\"_blank\" rel=\"noopener\">Focus: JMJ 2013: festa dos jovens no Rio de Janeiro<\/a>  <\/p>\n<hr align=\"left\" size=\"1\" width=\"33%\" \/>\n<div>  <a title=\"\" href=\"\/DOCUME~1\/MARIAC~2.DEL\/IMPOST~1\/Temp\/WEB%20S%20Finale%20GMG%2020130729GMG_Finale%20(1)%20Port.doc#_ftnref1\">[1]<\/a> <strong>Lubich C<\/strong>. Ideal e Luz, \u201c<em>A atra\u00e7\u00e3o do tempo moderno<\/em>\u201d, Ed. Cidade Nova, S\u00e3o Paulo, 2003, p. 168.  <\/div>\n<\/p><\/div>\n","protected":false},"excerpt":{"rendered":"<p>Na conclus\u00e3o do \u201cbarulho\u201d no Rio de Janeiro, impress\u00f5es e prop\u00f3sitos de alguns jovens do Focolare e de Maria Teresa e Ruggero Badano, pais de Chiara Luce, uma das intercessoras da JMJ.<\/p>\n","protected":false},"author":34,"featured_media":0,"comment_status":"open","ping_status":"open","sticky":false,"template":"","format":"standard","meta":{"give_campaign_id":0,"_seopress_robots_primary_cat":"","_seopress_titles_title":"","_seopress_titles_desc":"","_seopress_robots_index":"","_et_pb_use_builder":"","_et_pb_old_content":"","_et_gb_content_width":"","footnotes":""},"categories":[909],"tags":[],"class_list":["post-345942","post","type-post","status-publish","format-standard","hentry","category-focolare-worldwide-2-4"],"_links":{"self":[{"href":"https:\/\/www.focolare.org\/pt-pt\/wp-json\/wp\/v2\/posts\/345942","targetHints":{"allow":["GET"]}}],"collection":[{"href":"https:\/\/www.focolare.org\/pt-pt\/wp-json\/wp\/v2\/posts"}],"about":[{"href":"https:\/\/www.focolare.org\/pt-pt\/wp-json\/wp\/v2\/types\/post"}],"author":[{"embeddable":true,"href":"https:\/\/www.focolare.org\/pt-pt\/wp-json\/wp\/v2\/users\/34"}],"replies":[{"embeddable":true,"href":"https:\/\/www.focolare.org\/pt-pt\/wp-json\/wp\/v2\/comments?post=345942"}],"version-history":[{"count":0,"href":"https:\/\/www.focolare.org\/pt-pt\/wp-json\/wp\/v2\/posts\/345942\/revisions"}],"wp:attachment":[{"href":"https:\/\/www.focolare.org\/pt-pt\/wp-json\/wp\/v2\/media?parent=345942"}],"wp:term":[{"taxonomy":"category","embeddable":true,"href":"https:\/\/www.focolare.org\/pt-pt\/wp-json\/wp\/v2\/categories?post=345942"},{"taxonomy":"post_tag","embeddable":true,"href":"https:\/\/www.focolare.org\/pt-pt\/wp-json\/wp\/v2\/tags?post=345942"}],"curies":[{"name":"wp","href":"https:\/\/api.w.org\/{rel}","templated":true}]}}