{"id":345954,"date":"2013-08-05T04:00:23","date_gmt":"2013-08-05T02:00:23","guid":{"rendered":"https:\/\/www.focolare.org\/adolescentes-desde-sempre-no-coracao-dos-focolares\/"},"modified":"2024-06-06T12:21:44","modified_gmt":"2024-06-06T10:21:44","slug":"adolescentes-desde-sempre-no-coracao-dos-focolares","status":"publish","type":"post","link":"https:\/\/www.focolare.org\/pt-pt\/adolescentes-desde-sempre-no-coracao-dos-focolares\/","title":{"rendered":"Adolescentes: desde sempre no cora\u00e7\u00e3o dos Focolares"},"content":{"rendered":"<p><img alt=\"\" alt=\"\" loading=\"lazy\" decoding=\"async\" class=\"alignright size-full wp-image-89664\" src=\"https:\/\/www.focolare.org\/wp-content\/uploads\/2013\/08\/2013_08_02_012.jpg\" alt=\"\" width=\"398\" height=\"313\" \/><\/p>\n<p>\u201cPopetti\u201d, assim Chiara os chamava, isto \u00e9, \u201ccrian\u00e7as\u201d no seu origin\u00e1rio dialeto trentino: eram as crian\u00e7as e adolescentes que, no in\u00edcio da d\u00e9cada de cinquenta, tiveram contato com o Movimento dos Focolares que nascia naquela \u00e9poca. Eles se inseriram na primeira comunidade, seguiram de perto todos os acontecimentos, compartilhando tamb\u00e9m como protagonistas das alegrias e dos sofrimentos. Estavam presentes tamb\u00e9m nos momentos importantes como as Mari\u00e1polis, durante o ver\u00e3o nas montanhas Dolomitas ao redor do primeiro grupo de focolarinos e focolarinas.<\/p>\n<p>Luigi Liberati, romano, conheceu a espiritualidade da Unidade no fim de 1953 e afirma: \u201cCada pessoa que recebeu a d\u00e1diva de estar pr\u00f3ximo a Chiara, traz consigo a certeza de que ela a amou de maneira exclusiva; tenho sempre na mente e na alma a profunda experi\u00eancia de sentir-me sempre amado e colocado em primeiro lugar.\u201d A sua narrativa oferece um quadro tanto in\u00e9dito e vivaz quanto intenso e profundo: \u201cNo m\u00eas de agosto de 1954 eu participei pela primeira vez a uma Mari\u00e1polis e \u00e9ramos poucos, o que facilitava ter contato muito pr\u00f3ximo com Chiara.\u201d Luigi lembra-se de um fato pitoresco: \u201cDurante a Missa, lemos no Evangelho \u2018Quem acolhe um destes pequeninos&#8230;\u2019 e, assim que terminou a Missa, Chiara nos disse: \u2018Popetti\u2019, venham comigo, vamos passear e comer morangos com chantili.\u2019 Corremos e, imediatamente, j\u00e1 est\u00e1vamos todos no Fiat 103, bem espremidos. Chiara tinha no colo os menorzinhos e assim fomos a um local, pr\u00f3ximo a um campo, e foi uma festa: muitos morangos com chantili!\u201d<\/p>\n<p><img alt=\"\" alt=\"\" loading=\"lazy\" decoding=\"async\" class=\"alignleft  wp-image-89661\" src=\"https:\/\/www.focolare.org\/wp-content\/uploads\/2013\/08\/2013_08_02_05.jpg\" alt=\"\" width=\"402\" height=\"379\" \/>Durante aquelas primeiras Mari\u00e1polis Chiara confiou o grupo de adolescentes, que aumentava sempre mais, a Vincenzo Folonari, familiarmente chamado Eletto: \u201cNaquela ocasi\u00e3o compreendeu-se a grande estatura espiritual de Eletto. Com ele eu experimentei gra\u00e7as nunca antes recebidas: ele estabeleceu conosco um di\u00e1logo que nos conduzia a Chiara, ela nos amava, nos educava e ensinava, e Eletto nos ajudava a colocar em pr\u00e1tica todos estes ensinamentos.\u201d Com o passar do tempo o grupo de adolescentes cresceu sempre mais e Chiara teve a id\u00e9ia de fundar um pequeno Centro que tivesse a fun\u00e7\u00e3o de mant\u00ea-los em contato: \u201cQuase todos os dias, depois de escola, alguns de n\u00f3s nos encontr\u00e1vamos no Centro e mant\u00ednhamos em dia a correspond\u00eancia com v\u00e1rios outros que moravam em v\u00e1rias regi\u00f5es da It\u00e1lia. Chiara vinha encontrar-nos frequentemente, nos aconselhava e nos encorajava.\u201d<\/p>\n<p>O relacionamento com ela era direto e filial: \u201cQuando, em 1957, ela sofreu um acidente automobil\u00edstico que lhe causou um problema na coluna, quase todos os dias, com Paolo Carta \u00edamos ao hospital onde ela estava internada, \u00edamos ao estacionamento e deix\u00e1vamos um bilhete no seu carro para que, desta forma, ela recebesse o nosso grande amor!\u201d<\/p>\n<p>A certa altura sentimos a necessidade de organizar um encontro nacional, porque \u00e9ramos muitos e, naquele dia, n\u00f3s compreendemos a nossa responsabilidade: sent\u00edamos em tudo e para tudo, iguais aos adultos e viv\u00edamos tudo isso com sacralidade. Lan\u00e7ava-se, desta forma, os fundamentos da difus\u00e3o da espiritualidade da Unidade entre as novas gera\u00e7\u00f5es: \u201cCom todos esses acontecimentos \u2013 conclui Luigi \u2013 Deus estava nos preparando para o que aconteceu mais tarde, de maneira explosiva, com o nascimento dos \u201cGen\u201d, no dec\u00eanio seguinte.\u201d Mas, este \u00e9 outro cap\u00edtulo!<\/p>\n<p><a href=\"https:\/\/www.focolare.org\/wp-content\/uploads\/2013\/08\/2013_08_02_06.jpg\"><img alt=\"\" alt=\"\" loading=\"lazy\" decoding=\"async\" class=\"alignleft size-full wp-image-89666\" src=\"https:\/\/www.focolare.org\/wp-content\/uploads\/2013\/08\/2013_08_02_06.jpg\" alt=\"\" width=\"576\" height=\"311\" \/><\/a><\/p>\n","protected":false},"excerpt":{"rendered":"<p>As palavras de uma testemunha direta nos oferecem uma descri\u00e7\u00e3o in\u00e9dita dos albores do Movimento dos Focolares: a presen\u00e7a das crian\u00e7as e dos adolescentes nas primeiras comunidades e o relacionamento deles com Chiara Lubich.<\/p>\n","protected":false},"author":34,"featured_media":0,"comment_status":"open","ping_status":"open","sticky":false,"template":"","format":"standard","meta":{"give_campaign_id":0,"_seopress_robots_primary_cat":"","_seopress_titles_title":"","_seopress_titles_desc":"","_seopress_robots_index":"","_et_pb_use_builder":"","_et_pb_old_content":"","_et_gb_content_width":"","footnotes":""},"categories":[129],"tags":[],"class_list":["post-345954","post","type-post","status-publish","format-standard","hentry","category-sem-categoria"],"_links":{"self":[{"href":"https:\/\/www.focolare.org\/pt-pt\/wp-json\/wp\/v2\/posts\/345954","targetHints":{"allow":["GET"]}}],"collection":[{"href":"https:\/\/www.focolare.org\/pt-pt\/wp-json\/wp\/v2\/posts"}],"about":[{"href":"https:\/\/www.focolare.org\/pt-pt\/wp-json\/wp\/v2\/types\/post"}],"author":[{"embeddable":true,"href":"https:\/\/www.focolare.org\/pt-pt\/wp-json\/wp\/v2\/users\/34"}],"replies":[{"embeddable":true,"href":"https:\/\/www.focolare.org\/pt-pt\/wp-json\/wp\/v2\/comments?post=345954"}],"version-history":[{"count":0,"href":"https:\/\/www.focolare.org\/pt-pt\/wp-json\/wp\/v2\/posts\/345954\/revisions"}],"wp:attachment":[{"href":"https:\/\/www.focolare.org\/pt-pt\/wp-json\/wp\/v2\/media?parent=345954"}],"wp:term":[{"taxonomy":"category","embeddable":true,"href":"https:\/\/www.focolare.org\/pt-pt\/wp-json\/wp\/v2\/categories?post=345954"},{"taxonomy":"post_tag","embeddable":true,"href":"https:\/\/www.focolare.org\/pt-pt\/wp-json\/wp\/v2\/tags?post=345954"}],"curies":[{"name":"wp","href":"https:\/\/api.w.org\/{rel}","templated":true}]}}