{"id":345962,"date":"2013-08-08T03:00:14","date_gmt":"2013-08-08T01:00:14","guid":{"rendered":"https:\/\/www.focolare.org\/uma-clara-proposta-para-a-america-latina-e-para-o-mundo-1\/"},"modified":"2024-06-06T12:21:45","modified_gmt":"2024-06-06T10:21:45","slug":"uma-clara-proposta-para-a-america-latina-e-para-o-mundo-1","status":"publish","type":"post","link":"https:\/\/www.focolare.org\/pt-pt\/uma-clara-proposta-para-a-america-latina-e-para-o-mundo-1\/","title":{"rendered":"Uma clara proposta para a Am\u00e9rica Latina e para o mundo\/1"},"content":{"rendered":"<p><div id=\"attachment_89799\" style=\"width: 368px\" class=\"wp-caption alignleft\"><img alt=\"\" alt=\"\" loading=\"lazy\" decoding=\"async\" aria-describedby=\"caption-attachment-89799\" class=\"wp-image-89799     \" style=\"border: 0px none;margin: 5px\" src=\"https:\/\/www.focolare.org\/wp-content\/uploads\/2013\/08\/20130808-01.jpg\" alt=\"\" width=\"358\" height=\"202\" \/><p id=\"caption-attachment-89799\" class=\"wp-caption-text\">A Dra. Susana Nuin Nu\u00f1ez<\/p><\/div>  A Dra. Susana fez parte da equipe de Comunica\u00e7\u00e3o no evento em Aparecida, em 2007, que teve como presidente da Comiss\u00e3o para a elabora\u00e7\u00e3o final do Documento o Cardeal Jorge M\u00e1rio Bergoglio; ela participou tamb\u00e9m dos trabalhos de Coordena\u00e7\u00e3o da Confer\u00eancia Episcopal da Am\u00e9rica Latina (CELAM) que se realizou recentemente no Rio, de 29 de julho a 2 de agosto de 2013.  <strong>Durante a JMJ o <a href=\"http:\/\/www.paulinas.org.br\/pub\/familia_crista\/cantinho_da_crianca\/julho2011\/documento_de_aparecida.pdf\" target=\"_blank\" rel=\"noopener\">Documento de Aparecida<\/a> foi citado diversas vezes. Em sua opini\u00e3o qual aspecto do Documento foi particularmente colocado em evid\u00eancia?<\/strong>  O evento realizado em Aparecida tem um grande valor para o Papa porque representa a maneira de dialogar com a Igreja, como foi proposto no Vaticano II, partindo do ponto de vista dos povos do continente sul americano, tendo como fundamento aquilo que eles vivem. Foi evidenciada, especialmente, a proposta dos \u201c<em>disc\u00edpulos mission\u00e1rios<\/em>\u201d. \u00a0Estas duas caracter\u00edsticas que caminham juntas exigem uma mudan\u00e7a de vida, exige uma convers\u00e3o pastoral de todos. O que quer dizer isto? Quer dizer ter a disposi\u00e7\u00e3o de seguir Jesus n\u00e3o obstante o fato de sentirmo-nos fracos, fr\u00e1geis&#8230; Mas, \u201c<em>na caminhada<\/em>\u201d rumo \u00e0 convers\u00e3o.  <strong>O Papa repete alguns conceitos, tais como: \u201c<em>cultura do encontro<\/em>\u201d, \u201c<em>di\u00e1logo<\/em>\u201d, \u201c<em>relacionamento entre as gera\u00e7\u00f5es<\/em>\u201d.\u00a0 Eles est\u00e3o fundamentados no Documento?<\/strong>  Sim, creio que sim. O Papa se fundamenta na eclesiologia do Vaticano II, uma eclesiologia do di\u00e1logo em todas as suas dimens\u00f5es: com as outras Igrejas, com as outras religi\u00f5es, com as pessoas que n\u00e3o professam nenhuma f\u00e9, e, tamb\u00e9m, o di\u00e1logo no interior da Igreja Cat\u00f3lica e di\u00e1logo com a cultura, com a pol\u00edtica. Tamb\u00e9m sob este aspecto alguns presidentes da Am\u00e9rica do Sul participaram da Jornada Mundial da Juventude.  Portanto, eu creio que o Papa tenha promovido uma coisa muito interessante: unir o mundo juvenil ao mundo dos idosos. Tive a impress\u00e3o de que seja uma coisa totalmente revolucion\u00e1ria: mais do que procurar as diferen\u00e7as entre as gera\u00e7\u00f5es ele evidenciou o potencial e a realidade tal qual se apresenta. Ele foi muito claro: os jovens, nas nossas sociedades s\u00e3o exclu\u00eddos e, igualmente, os idosos; e, assim eles podem ser totalmente solid\u00e1rios, podem compartilhar esta viv\u00eancia e se enriquecerem uns com os outros, de maneira muito profunda. Pareceu-me revolucion\u00e1rio que, no contexto de uma Jornada Mundial da Juventude, o Papa tenha falado do valor e da experi\u00eancia dos idosos.  <strong>Lemos uma sua recente entrevista na qual fala de \u201c<em>centelhas do Esp\u00edrito<\/em>\u201d, referindo-se \u00e0 contribui\u00e7\u00e3o que pode nascer da proposta de Aparecida tamb\u00e9m para os Estados Unidos. Poder-se-ia supor que isto seja v\u00e1lido para o mundo inteiro?<\/strong>  Eu creio que cada continente expressa uma cultura: Aparecida expressa a cultura da Am\u00e9rica Latina e do Caribe. Direi que o Documento de Aparecida pode ser um testemunho v\u00e1lido para estimular os outros continentes a reunirem-se em comunh\u00e3o e colegialidade para poder criar as pr\u00f3prias inst\u00e2ncias de comunh\u00e3o. Parece-me que a coisa mais importante \u00e9 motivar a igreja continental \u2013 como est\u00e1 acontecendo j\u00e1 na \u00c1frica e em outras partes do mundo \u2013 a reunir-se e compreender o que significa anunciar o Evangelho aos povos no nosso tempo. (continua)  * Dra. Susana Nuin N\u00fa\u00f1ez, uruguaia, membro do Movimento dos Focolares, Consultora do Conselho Pontifico para as Comunica\u00e7\u00f5es Sociais, secret\u00e1ria executiva do Departamento de Comunica\u00e7\u00e3o e Imprensa do CELAM.<\/p>\n","protected":false},"excerpt":{"rendered":"<p>Entrevista exclusiva a Susana Nuim N\u00fa\u00f1ez*, Consultora do Conselho Pontif\u00edcio para as Comunica\u00e7\u00f5es Sociais, as suas impress\u00f5es em rela\u00e7\u00e3o aos pronunciamentos do Papa na JMJ no Rio e ao sucessivo encontro com o CELAM (Primeira parte).<\/p>\n","protected":false},"author":34,"featured_media":0,"comment_status":"open","ping_status":"open","sticky":false,"template":"","format":"standard","meta":{"give_campaign_id":0,"_seopress_robots_primary_cat":"","_seopress_titles_title":"","_seopress_titles_desc":"","_seopress_robots_index":"","_et_pb_use_builder":"","_et_pb_old_content":"","_et_gb_content_width":"","footnotes":""},"categories":[129],"tags":[],"class_list":["post-345962","post","type-post","status-publish","format-standard","hentry","category-sem-categoria"],"_links":{"self":[{"href":"https:\/\/www.focolare.org\/pt-pt\/wp-json\/wp\/v2\/posts\/345962","targetHints":{"allow":["GET"]}}],"collection":[{"href":"https:\/\/www.focolare.org\/pt-pt\/wp-json\/wp\/v2\/posts"}],"about":[{"href":"https:\/\/www.focolare.org\/pt-pt\/wp-json\/wp\/v2\/types\/post"}],"author":[{"embeddable":true,"href":"https:\/\/www.focolare.org\/pt-pt\/wp-json\/wp\/v2\/users\/34"}],"replies":[{"embeddable":true,"href":"https:\/\/www.focolare.org\/pt-pt\/wp-json\/wp\/v2\/comments?post=345962"}],"version-history":[{"count":0,"href":"https:\/\/www.focolare.org\/pt-pt\/wp-json\/wp\/v2\/posts\/345962\/revisions"}],"wp:attachment":[{"href":"https:\/\/www.focolare.org\/pt-pt\/wp-json\/wp\/v2\/media?parent=345962"}],"wp:term":[{"taxonomy":"category","embeddable":true,"href":"https:\/\/www.focolare.org\/pt-pt\/wp-json\/wp\/v2\/categories?post=345962"},{"taxonomy":"post_tag","embeddable":true,"href":"https:\/\/www.focolare.org\/pt-pt\/wp-json\/wp\/v2\/tags?post=345962"}],"curies":[{"name":"wp","href":"https:\/\/api.w.org\/{rel}","templated":true}]}}