{"id":345978,"date":"2013-08-15T03:00:24","date_gmt":"2013-08-15T01:00:24","guid":{"rendered":"https:\/\/www.focolare.org\/loppianolab-2013-cuidar-da-italia-gerar-juntos-o-futuro\/"},"modified":"2024-06-06T12:21:49","modified_gmt":"2024-06-06T10:21:49","slug":"loppianolab-2013-cuidar-da-italia-gerar-juntos-o-futuro","status":"publish","type":"post","link":"https:\/\/www.focolare.org\/pt-pt\/loppianolab-2013-cuidar-da-italia-gerar-juntos-o-futuro\/","title":{"rendered":"LoppianoLab 2013: Cuidar da It\u00e1lia, gerar juntos o futuro"},"content":{"rendered":"<p><strong><img alt=\"\" alt=\"\" loading=\"lazy\" decoding=\"async\" class=\"alignleft  wp-image-90004\" style=\"margin-right: 10px\" src=\"https:\/\/www.focolare.org\/wp-content\/uploads\/2013\/08\/20130815-02.jpg\" alt=\"\" width=\"314\" height=\"209\" \/>Gerar, encontrar-se, empreender e cuidar: s\u00e3o os quatro verbos de LoppianoLab 2013<\/strong>, que abrir\u00e1 as portas de 20 a 22 de setembro pr\u00f3ximo em Loppiano, nos arredores de Floren\u00e7a. Prosseguem os trabalhos do laborat\u00f3rio para a <a href=\"https:\/\/www.focolare.org\/pt\/focolare-worldwide\/europa\/italia\/\" target=\"_blank\" rel=\"noopener\">It\u00e1lia <\/a>que, desde 2009, envolveu mais de dez mil cidad\u00e3os, do norte ao sul do pa\u00eds, promovendo iniciativas e ocasi\u00f5es de confronto entre sociedade civil, mundo econ\u00f4mico e do trabalho, jovens, cultura e forma\u00e7\u00e3o. Durante o ano inteiro as propostas feitas tornaram-se a\u00e7\u00f5es civis e, com a contribui\u00e7\u00e3o dos cidad\u00e3os, foram elaborados projetos e propostas para as emerg\u00eancias desse pa\u00eds: legalidade, trabalho, di\u00e1logo inter-religioso e emerg\u00eancia educativa.<\/p>\n<p><strong>\u00ab\u00c9 inevit\u00e1vel que sejam centrais na programa\u00e7\u00e3o deste ano temas candentes, como o do trabalho e da legalidade<\/strong> \u2013 explica Paolo Loriga, redator-chefe da revista Citt\u00e0 Nuova -. Os quatro promotores do evento, o Polo Lionello Bonfanti, o <a href=\"https:\/\/www.focolare.org\/pt\/all-opera\/media\/riviste-ed-editrici\/\" target=\"_blank\" rel=\"noopener\">Grupo editorial Citt\u00e0 Nuova<\/a>, o <a href=\"https:\/\/www.focolare.org\/pt\/all-opera\/studio-e-formazione\/istituto-universitario-sophia\/\" target=\"_blank\" rel=\"noopener\">Instituto Universit\u00e1rio Sophia<\/a> e o <a href=\"http:\/\/www.loppiano.it\/\" target=\"_blank\" rel=\"noopener\">Centro Internacional dos Focolares em Loppiano<\/a>, dar\u00e3o a pr\u00f3pria contribui\u00e7\u00e3o espec\u00edfica e procurar\u00e3o tra\u00e7ar um mapa de caminhos, de novas pistas de esperan\u00e7a e de futuro para a It\u00e1lia. Al\u00e9m disso, haver\u00e1 a colheita dos resultados dos variados tipos de colabora\u00e7\u00e3o desenvolvidos entre muitas pessoas (jovens, formadores e empres\u00e1rios) durante o \u00faltimo ano. Estar\u00e3o presentes as duas escolas, de Economia Civil e de Comunh\u00e3o, os grupos de empresas que geraram trabalho e inova\u00e7\u00e3o, as oficinas de forma\u00e7\u00e3o c\u00edvica. E ser\u00e3o apresentadas v\u00e1rias a\u00e7\u00f5es de legalidade realizadas em rede com muitos cidad\u00e3os e associa\u00e7\u00f5es locais, em Mil\u00e3o, N\u00e1poles, na Sic\u00edlia\u00bb.<\/p>\n<p>O t\u00edtulo da manifesta\u00e7\u00e3o, <strong>\u201cCuidar da It\u00e1lia, gerar juntos o futuro\u201d<\/strong>, exprime a urg\u00eancia de assumir o cuidado com o pa\u00eds, sem fechamentos em rela\u00e7\u00e3o \u00e0 Europa e \u00e0 \u00e1rea mediterr\u00e2nea, mas, ao contr\u00e1rio, evidenciando as redes de interdepend\u00eancia que ligam a renova\u00e7\u00e3o de um territ\u00f3rio e de um setor \u00e0s pessoas e comunidades que nele vivem e atuam.<\/p>\n<p>Ainda este ano o Polo Lionello Bonfanti receber\u00e1 uma feira de exposi\u00e7\u00e3o das empresas ligadas ao projeto da <a href=\"http:\/\/www.edc-online.org\/br\/\" target=\"_blank\" rel=\"noopener\"><strong>Economia de Comunh\u00e3o<\/strong><\/a>, com espa\u00e7os dedicados inclusive a empresas privadas e sem fins lucrativos que atuam no campo da sustentabilidade e da economia respons\u00e1vel. A Conven\u00e7\u00e3o anual ter\u00e1 como tema \u201cA Economia de Comunh\u00e3o no tempo da crise: esperar e recome\u00e7ar, entre experi\u00eancias e ideias\u201d.<\/p>\n","protected":false},"excerpt":{"rendered":"<p>Trabalho e legalidade, os temas da quarta edi\u00e7\u00e3o do \u201claborat\u00f3rio\u201d promovido por Polo Lionello Bonfanti, Grupo editorial Citt\u00e0 Nuova, Instituto Universit\u00e1rio Sophia e Centro Internacional do Movimento dos Focolares em Loppiano (Floren\u00e7a &#8211; It\u00e1lia), de 20 a 22 de setembro de 2013.<\/p>\n","protected":false},"author":34,"featured_media":0,"comment_status":"open","ping_status":"open","sticky":false,"template":"","format":"standard","meta":{"give_campaign_id":0,"_seopress_robots_primary_cat":"","_seopress_titles_title":"","_seopress_titles_desc":"","_seopress_robots_index":"","_et_pb_use_builder":"","_et_pb_old_content":"","_et_gb_content_width":"","footnotes":""},"categories":[909,910],"tags":[],"class_list":["post-345978","post","type-post","status-publish","format-standard","hentry","category-focolare-worldwide-2-4","category-senza-categoria-2-4"],"_links":{"self":[{"href":"https:\/\/www.focolare.org\/pt-pt\/wp-json\/wp\/v2\/posts\/345978","targetHints":{"allow":["GET"]}}],"collection":[{"href":"https:\/\/www.focolare.org\/pt-pt\/wp-json\/wp\/v2\/posts"}],"about":[{"href":"https:\/\/www.focolare.org\/pt-pt\/wp-json\/wp\/v2\/types\/post"}],"author":[{"embeddable":true,"href":"https:\/\/www.focolare.org\/pt-pt\/wp-json\/wp\/v2\/users\/34"}],"replies":[{"embeddable":true,"href":"https:\/\/www.focolare.org\/pt-pt\/wp-json\/wp\/v2\/comments?post=345978"}],"version-history":[{"count":0,"href":"https:\/\/www.focolare.org\/pt-pt\/wp-json\/wp\/v2\/posts\/345978\/revisions"}],"wp:attachment":[{"href":"https:\/\/www.focolare.org\/pt-pt\/wp-json\/wp\/v2\/media?parent=345978"}],"wp:term":[{"taxonomy":"category","embeddable":true,"href":"https:\/\/www.focolare.org\/pt-pt\/wp-json\/wp\/v2\/categories?post=345978"},{"taxonomy":"post_tag","embeddable":true,"href":"https:\/\/www.focolare.org\/pt-pt\/wp-json\/wp\/v2\/tags?post=345978"}],"curies":[{"name":"wp","href":"https:\/\/api.w.org\/{rel}","templated":true}]}}