{"id":345980,"date":"2013-08-16T03:00:29","date_gmt":"2013-08-16T01:00:29","guid":{"rendered":"https:\/\/www.focolare.org\/a-goiabeira\/"},"modified":"2024-06-06T12:21:49","modified_gmt":"2024-06-06T10:21:49","slug":"a-goiabeira","status":"publish","type":"post","link":"https:\/\/www.focolare.org\/pt-pt\/a-goiabeira\/","title":{"rendered":"A goiabeira"},"content":{"rendered":"<p><img alt=\"\" alt=\"\" loading=\"lazy\" decoding=\"async\" class=\"alignleft size-full wp-image-89932\" style=\"margin-right: 10px\" src=\"https:\/\/www.focolare.org\/wp-content\/uploads\/2013\/08\/20130813-a.gif\" alt=\"\" width=\"210\" height=\"128\" \/>  <strong>A goiabeira<\/strong>  Bem em frente a minha casa, h\u00e1 anos, cresce uma goiabeira, mas, eu nunca havia saboreado uma goiaba madura porque, ainda quando os frutos estavam pequenos, algu\u00e9m os derrubava! Isso me incomodava muito!  Outra coisa que me irritava muito era o fato de que, desde muitos anos, eu me empenho em dar comida para os meninos de rua que batem \u00e0 minha porta. Eu ofere\u00e7o as refei\u00e7\u00f5es em pratos descart\u00e1veis que, com os restos, todos os dias, eles jogavam na cal\u00e7ada, em cima do meu carro ou deixavam espalhados pela redondeza. Um dia, depois de ter dado o jantar a eles, lembrei-me das palavras da Escritura: \u201cPois toda a lei encontra o seu cumprimento nesta \u00fanica palavra: Amar\u00e1s o teu pr\u00f3ximo como a ti mesmo.\u201d (Ga 5, 14) e pensei: \u201cMas como \u00e9 que, durante muitos anos, eu ofereci comida a esses meninos e n\u00e3o sei nem sequer o nome deles?\u201d Imediatamente eu fui procur\u00e1-los e comecei a conversar com eles: perguntei o nome de cada um, demonstrando interesse pelas preocupa\u00e7\u00f5es deles e, desta forma, me confidenciaram os graves problemas que as fam\u00edlias deles devem enfrentar todos os dias.  Eu me senti melhor depois de t\u00ea-los escutado e, creio que tamb\u00e9m eles perceberam a minha atitude de interessar-me por eles. Desde aquela ocasi\u00e3o aqueles meninos n\u00e3o jogam mais o resto da comida em qualquer lugar, mas, colocam na lixeira.  E, retomando o assunto da goiabeira da qual eu gosto muito, ningu\u00e9m mais derruba os frutos, tanto que, agora, s\u00e3o tantas as goiabas maduras que posso at\u00e9 mesmo distribu\u00ed-las aos vizinhos e aos amigos. O milagre do amor rec\u00edproco envolve todos n\u00f3s e \u00e9 uma ben\u00e7\u00e3o para todo ser vivente! (S. D. \u2013 Honduras).  <strong>Era clandestino<\/strong>  <img alt=\"\" alt=\"\" loading=\"lazy\" decoding=\"async\" class=\"alignright  wp-image-90031\" style=\"margin-left: 10px\" src=\"https:\/\/www.focolare.org\/wp-content\/uploads\/2013\/08\/20130816-01.jpg\" alt=\"\" width=\"211\" height=\"128\" \/>Eu havia contratado Dominique, proveniente do Marrocos que, por quatro anos estava clandestinamente na It\u00e1lia. O trabalho lhe permitiria obter o documento de perman\u00eancia legal no pa\u00eds e, desta forma, regularizar a pr\u00f3pria situa\u00e7\u00e3o. Enquanto aguard\u00e1vamos um local definitivo para a moradia n\u00f3s decidimos, de comum acordo com os nossos filhos, que ele fosse morar temporariamente conosco. A presen\u00e7a dele na nossa casa nos abriu novos horizontes: ele nos contava sobre o seu povo, as suas tradi\u00e7\u00f5es, a sua casa, as plan\u00edcies intermin\u00e1veis, os seus cavalos&#8230; Convers\u00e1vamos tamb\u00e9m sobre Al\u00e1 e sobre todo o bem e justi\u00e7a comum a todos os homens. \u00c9 uma grande verdade que o conhecimento profundo e a sincera acolhida derrubam barreiras de medo e suspeitas que duraram s\u00e9culos. (C. A. \u2013 It\u00e1lia).  <img alt=\"\" alt=\"\" loading=\"lazy\" decoding=\"async\" class=\"size-full wp-image-90033 alignleft\" style=\"margin-right: 10px\" src=\"https:\/\/www.focolare.org\/wp-content\/uploads\/2013\/08\/20130816-02.jpg\" alt=\"\" width=\"210\" height=\"128\" \/><strong>O anivers\u00e1rio<\/strong>  Para a festa de anivers\u00e1rio da nossa filha t\u00ednhamos convidado algumas amiguinhas dela. Por causa da situa\u00e7\u00e3o econ\u00f4mica n\u00e3o pod\u00edamos oferecer lembrancinhas a todas e assim, preparamos um \u00fanico cesto cheio de bombons e brinquedos. Eu havia feito duas tortas e os meus filhos encheram os bal\u00f5es e prepararam guirlandas coloridas. Quando terminou a festa uma das tortas, a mais bonita, ainda estava inteira. Quando Mabel\u00e9n foi dormir eu notei que ela estava meio triste: no dia anterior tinha sido o anivers\u00e1rio de uma menina da sua mesma idade, mas, ela n\u00e3o podia fazer uma festa. Quando eu propus oferec\u00ea-la a torta que ainda t\u00ednhamos, Mabel\u00e9n iluminou-se e disse: \u201cA torta e tamb\u00e9m os bal\u00f5es e as guirlandas!\u201d e ficou muito feliz porque assim a amiguinha, Consuelo, poderia tamb\u00e9m festejar o anivers\u00e1rio dela! (D. Y. \u2013 Argentina).<\/p>\n","protected":false},"excerpt":{"rendered":"<p>Tr\u00eas breves testemunhos sobre a frase do Evangelho que nos \u00e9 proposta para ser vivida durante o m\u00eas de agosto. Amar, ser atenciosos, tamb\u00e9m com aqueles que n\u00e3o fazem parte do nosso c\u00edrculo.<\/p>\n","protected":false},"author":34,"featured_media":0,"comment_status":"open","ping_status":"open","sticky":false,"template":"","format":"standard","meta":{"give_campaign_id":0,"_seopress_robots_primary_cat":"","_seopress_titles_title":"","_seopress_titles_desc":"","_seopress_robots_index":"","_et_pb_use_builder":"","_et_pb_old_content":"","_et_gb_content_width":"","footnotes":""},"categories":[910],"tags":[],"class_list":["post-345980","post","type-post","status-publish","format-standard","hentry","category-senza-categoria-2-4"],"_links":{"self":[{"href":"https:\/\/www.focolare.org\/pt-pt\/wp-json\/wp\/v2\/posts\/345980","targetHints":{"allow":["GET"]}}],"collection":[{"href":"https:\/\/www.focolare.org\/pt-pt\/wp-json\/wp\/v2\/posts"}],"about":[{"href":"https:\/\/www.focolare.org\/pt-pt\/wp-json\/wp\/v2\/types\/post"}],"author":[{"embeddable":true,"href":"https:\/\/www.focolare.org\/pt-pt\/wp-json\/wp\/v2\/users\/34"}],"replies":[{"embeddable":true,"href":"https:\/\/www.focolare.org\/pt-pt\/wp-json\/wp\/v2\/comments?post=345980"}],"version-history":[{"count":0,"href":"https:\/\/www.focolare.org\/pt-pt\/wp-json\/wp\/v2\/posts\/345980\/revisions"}],"wp:attachment":[{"href":"https:\/\/www.focolare.org\/pt-pt\/wp-json\/wp\/v2\/media?parent=345980"}],"wp:term":[{"taxonomy":"category","embeddable":true,"href":"https:\/\/www.focolare.org\/pt-pt\/wp-json\/wp\/v2\/categories?post=345980"},{"taxonomy":"post_tag","embeddable":true,"href":"https:\/\/www.focolare.org\/pt-pt\/wp-json\/wp\/v2\/tags?post=345980"}],"curies":[{"name":"wp","href":"https:\/\/api.w.org\/{rel}","templated":true}]}}