{"id":346006,"date":"2013-08-27T05:30:12","date_gmt":"2013-08-27T03:30:12","guid":{"rendered":"https:\/\/www.focolare.org\/17-anos-de-encontros-entre-judeus-e-cristaos\/"},"modified":"2024-06-06T12:21:55","modified_gmt":"2024-06-06T10:21:55","slug":"17-anos-de-encontros-entre-judeus-e-cristaos","status":"publish","type":"post","link":"https:\/\/www.focolare.org\/pt-pt\/17-anos-de-encontros-entre-judeus-e-cristaos\/","title":{"rendered":"17 anos de encontros entre judeus e crist\u00e3os"},"content":{"rendered":"<p><img alt=\"\" alt=\"\" loading=\"lazy\" decoding=\"async\" class=\"alignleft  wp-image-90495\" style=\"margin-right: 10px\" src=\"https:\/\/www.focolare.org\/wp-content\/uploads\/2013\/08\/20130823-01.jpg\" alt=\"\" width=\"332\" height=\"210\" \/>Na Mari\u00e1polis permanente da <a href=\"https:\/\/www.focolare.org\/pt\/focolare-worldwide\/america-sud\/argentina\/\" target=\"_blank\" rel=\"noopener\">Argentina<\/a>, 70 pessoas, entre judeus e crist\u00e3os, viveram dois dias intensos, de estudo e de di\u00e1logo, por ocasi\u00e3o da XVII Jornada da Paz.<\/p>\n<p>O tema deste ano foi \u201cO amor ao pr\u00f3ximo na tradi\u00e7\u00e3o judaica e na tradi\u00e7\u00e3o crist\u00e3\u201d. Os trabalhos foram abertos com os depoimentos de seis judeus e tr\u00eas crist\u00e3os que em maio passado participaram de um <a href=\"https:\/\/www.focolare.org\/pt\/in-dialogo\/grandi-religioni\/\" target=\"_blank\" rel=\"noopener\">encontro inter-religioso<\/a> organizado pelo <a href=\"https:\/\/www.focolare.org\/pt\/movimento-dei-focolari\/\" target=\"_blank\" rel=\"noopener\">Movimento dos Focolares <\/a>em Castelgandolfo (Roma \u2013 It\u00e1lia). As experi\u00eancias deles salientaram os importantes passos dados na dire\u00e7\u00e3o de uma maior compreens\u00e3o rec\u00edproca.<\/p>\n<p><img alt=\"\" alt=\"\" loading=\"lazy\" decoding=\"async\" class=\"wp-image-90496 alignright\" style=\"margin-left: 10px\" src=\"https:\/\/www.focolare.org\/wp-content\/uploads\/2013\/08\/20130823-02.jpg\" alt=\"\" width=\"332\" height=\"210\" \/>Qual o segredo do sucesso e da continuidade dessas Jornadas da Paz? Segundo os pr\u00f3prios participantes \u00e9 \u201co espa\u00e7o de intera\u00e7\u00e3o sincera que se cria, onde reinam o afeto e o respeito rec\u00edproco, onde temos a certeza da confian\u00e7a, da escuta e da acolhida dos outros\u201d.<\/p>\n<p>Muitos foram os momentos de destaque. Antes de tudo a lembran\u00e7a do encontro que tiveram com o Papa Francisco, que suscitou uma grande emo\u00e7\u00e3o.<\/p>\n<p>Lidia Erbetta, focolarina te\u00f3loga, e a rabina Silvina Chemen, da comunidade Bet El, propuseram o estudo de um texto retirado do cap\u00edtulo quarto do Livro do G\u00eanesis. Trata-se da conhecida hist\u00f3ria de Caim e Abel, e da fat\u00eddica pergunta: \u201cOnde est\u00e1 o teu irm\u00e3o?\u201d. A proposta de Erbetta e Chemen foi a de uma din\u00e2mica de grupo no estilo da \u201c<em>hevruta<\/em>\u201d, isto \u00e9, o estudo entre iguais, segundo a tradi\u00e7\u00e3o da escola talm\u00fadica para a an\u00e1lise dos textos b\u00edblicos. Uma \u201c<em>hevruta<\/em>\u201d que, dessa vez, n\u00e3o aconteceu entre duas pessoas, mas entre os seis membros de cada grupo, um estudo feito em comunh\u00e3o, exposto em seguida com uma reflex\u00e3o conclusiva muito interessante.<\/p>\n<p><img alt=\"\" alt=\"\" loading=\"lazy\" decoding=\"async\" class=\"alignleft  wp-image-90497\" style=\"margin-right: 10px\" src=\"https:\/\/www.focolare.org\/wp-content\/uploads\/2013\/08\/20130823-03.jpg\" alt=\"\" width=\"332\" height=\"210\" \/>O esquema foi repetido no dia seguinte, com Francesco Canzani, dos Focolares, e o rabi Ernesto Yattah, sobre o texto do Evangelho de Marcos 12, 28-33, onde Jesus recorda que o que mais conta \u00e9 amar a Deus e ao pr\u00f3ximo.<\/p>\n<p>A Jornada concluiu-se com a ben\u00e7\u00e3o ao redor da oliveira, trazida de Nazar\u00e9 15 anos atr\u00e1s por um amigo judeu, Ignazio Salzberg. Esta \u00e1rvore tornou-se um s\u00edmbolo do di\u00e1logo judaico-crist\u00e3o dentro da Mari\u00e1polis Lia.<\/p>\n<p>Ainda este ano, como muitos afirmaram, criou-se o mesmo entusiasmo, fruto de um di\u00e1logo respeitoso que traz como consequ\u00eancia o prop\u00f3sito de reviv\u00ea-lo no contexto social onde cada um atua cotidianamente.<\/p>\n","protected":false},"excerpt":{"rendered":"<p>\u00daltima edi\u00e7\u00e3o da Jornada da Paz, dias 18 e 19 de agosto, Mari\u00e1polis Lia, Argentina. O segredo de um caminho que come\u00e7ou 17 anos atr\u00e1s e continua com o mesmo entusiasmo.<\/p>\n","protected":false},"author":34,"featured_media":0,"comment_status":"open","ping_status":"open","sticky":false,"template":"","format":"standard","meta":{"give_campaign_id":0,"_seopress_robots_primary_cat":"","_seopress_titles_title":"","_seopress_titles_desc":"","_seopress_robots_index":"","_et_pb_use_builder":"","_et_pb_old_content":"","_et_gb_content_width":"","footnotes":""},"categories":[909],"tags":[],"class_list":["post-346006","post","type-post","status-publish","format-standard","hentry","category-focolare-worldwide-2-4"],"_links":{"self":[{"href":"https:\/\/www.focolare.org\/pt-pt\/wp-json\/wp\/v2\/posts\/346006","targetHints":{"allow":["GET"]}}],"collection":[{"href":"https:\/\/www.focolare.org\/pt-pt\/wp-json\/wp\/v2\/posts"}],"about":[{"href":"https:\/\/www.focolare.org\/pt-pt\/wp-json\/wp\/v2\/types\/post"}],"author":[{"embeddable":true,"href":"https:\/\/www.focolare.org\/pt-pt\/wp-json\/wp\/v2\/users\/34"}],"replies":[{"embeddable":true,"href":"https:\/\/www.focolare.org\/pt-pt\/wp-json\/wp\/v2\/comments?post=346006"}],"version-history":[{"count":0,"href":"https:\/\/www.focolare.org\/pt-pt\/wp-json\/wp\/v2\/posts\/346006\/revisions"}],"wp:attachment":[{"href":"https:\/\/www.focolare.org\/pt-pt\/wp-json\/wp\/v2\/media?parent=346006"}],"wp:term":[{"taxonomy":"category","embeddable":true,"href":"https:\/\/www.focolare.org\/pt-pt\/wp-json\/wp\/v2\/categories?post=346006"},{"taxonomy":"post_tag","embeddable":true,"href":"https:\/\/www.focolare.org\/pt-pt\/wp-json\/wp\/v2\/tags?post=346006"}],"curies":[{"name":"wp","href":"https:\/\/api.w.org\/{rel}","templated":true}]}}