{"id":346032,"date":"2013-09-04T12:47:14","date_gmt":"2013-09-04T10:47:14","guid":{"rendered":"https:\/\/www.focolare.org\/maria-voce-e-giancarlo-faletti-foram-recebidos-pelo-rei-abdullah-da-jordania\/"},"modified":"2024-06-06T12:21:59","modified_gmt":"2024-06-06T10:21:59","slug":"maria-voce-e-giancarlo-faletti-foram-recebidos-pelo-rei-abdullah-da-jordania","status":"publish","type":"post","link":"https:\/\/www.focolare.org\/pt-pt\/maria-voce-e-giancarlo-faletti-foram-recebidos-pelo-rei-abdullah-da-jordania\/","title":{"rendered":"Maria Voce e Giancarlo Faletti foram recebidos pelo Rei Abdullah da Jord\u00e2nia"},"content":{"rendered":"<p><a href=\"https:\/\/www.focolare.org\/wp-content\/uploads\/2013\/09\/0130905-02.jpg\"><img alt=\"\" alt=\"\" loading=\"lazy\" decoding=\"async\" class=\"alignright  wp-image-91327\" style=\"margin-left: 10px\" src=\"https:\/\/www.focolare.org\/wp-content\/uploads\/2013\/09\/0130905-02.jpg\" alt=\"\" width=\"358\" height=\"238\" \/><\/a><\/p>\n<p>A not\u00edcia, quase inesperada, que confirmava a audi\u00eancia, chegou na tarde de ontem e trouxe grande satisfa\u00e7\u00e3o aos membros do Movimento dos Focolares que estavam de partida para os pr\u00f3prios pa\u00edses, tendo sido conclu\u00eddos os <a href=\"https:\/\/www.focolare.org\/pt\/news\/2013\/09\/02\/in-medio-oriente-al-servizio-della-pace\/\" target=\"_blank\" rel=\"noopener\">v\u00e1rios eventos<\/a> aos quais haviam participado nos dias passados.<\/p>\n<p>Eis os primeiros coment\u00e1rios de Maria Voce, ap\u00f3s a audi\u00eancia.<\/p>\n<p><em><strong>Maria Voce, suas primeiras impress\u00f5es&#8230;<\/strong><\/em><\/p>\n<p>\u00abSua Majestade recebeu-nos de forma muito calorosa, dizendo-se honrado por esta visita, e desejou saber como havia transcorrido o nosso trabalho aqui na Jord\u00e2nia. Eu ent\u00e3o agradeci pela acolhida que o pa\u00eds nos reservou, salientando que o motivo da minha visita era justamente levar a ele o agradecimento, meu e de todos os membros do Movimento. Em seguida pude inform\u00e1-lo que \u00e9ramos de v\u00e1rios pa\u00edses, crist\u00e3os e mu\u00e7ulmanos, todos ligados por este esp\u00edrito de fraternidade universal. Pareceu-me particularmente importante evidenciar que uma s\u00e9rie de encontros desse tipo puderam ser feitos na Jord\u00e2nia gra\u00e7as ao esp\u00edrito de abertura e toler\u00e2ncia que caracterizam este pa\u00eds\u00bb.<\/p>\n<p><em><strong>Qual a rea\u00e7\u00e3o do Rei Abdullah II?<\/strong><\/em><\/p>\n<p>\u00abEle perguntou-me: \u201cE n\u00f3s, o que podemos fazer para continuar esse trabalho?\u201d. Exprimiu a sua preocupa\u00e7\u00e3o pela situa\u00e7\u00e3o da regi\u00e3o, pelos grandes desafios, e n\u00e3o escondeu a preocupa\u00e7\u00e3o pelas comunidades crist\u00e3s. Mais do que tudo, por\u00e9m, afirmou que devemos enfrentar juntos esta crise e estas incertezas\u00bb.<\/p>\n<p><a href=\"https:\/\/www.focolare.org\/wp-content\/uploads\/2013\/09\/0130905-01.jpg\"><img alt=\"\" alt=\"\" loading=\"lazy\" decoding=\"async\" class=\"wp-image-91326 alignleft\" style=\"margin-right: 10px\" src=\"https:\/\/www.focolare.org\/wp-content\/uploads\/2013\/09\/0130905-01.jpg\" alt=\"\" width=\"358\" height=\"240\" \/><\/a><em><strong>Foi comentada a recente <a href=\"http:\/\/pt.radiovaticana.va\/news\/2013\/08\/29\/papa_recebe_rei_da_jord%C3%A2nia:_caminho_do_dialogo_%C3%A9_%C3%BAnica_op%C3%A7%C3%A3o_para\/bra-723886\" target=\"_blank\" rel=\"noopener\">visita <\/a>do rei ao Papa Francisco?<\/strong><\/em><\/p>\n<p>\u00abFalei ao rei da nossa alegria em ver as fotos dele com o Papa nos jornais e nos v\u00e1rios meios de comunica\u00e7\u00e3o. E ele logo destacou que foi uma das visitas mais lindas que fez nestes anos. E referindo-se ao Papa disse: \u201cSentimos que somos irm\u00e3os\u201d\u00bb.<\/p>\n<p><em><strong>E a conclus\u00e3o dessa visita?<\/strong><\/em><\/p>\n<p>\u00abDa minha parte eu o agradeci porque o fato de me ter recebido deu visibilidade a esta nossa presen\u00e7a aqui. Da sua parte disse-me que em qualquer momento e por qualquer motivo podemos dirigir-nos a ele. \u201cPe\u00e7am qualquer coisa e estamos \u00e0 disposi\u00e7\u00e3o. Sou irm\u00e3o de voc\u00eas e coloco-me \u00e0 vossa disposi\u00e7\u00e3o\u201d\u00bb.<\/p>\n<p>Do enviado Roberto Catalano<\/p>\n","protected":false},"excerpt":{"rendered":"<p>A presidente e o copresidente dos Focolares tiveram hoje uma audi\u00eancia com Sua Majestade, o Rei Abdullah II da Jord\u00e2nia. As impress\u00f5es imediatas de Maria Voce.<\/p>\n","protected":false},"author":34,"featured_media":0,"comment_status":"open","ping_status":"open","sticky":false,"template":"","format":"standard","meta":{"give_campaign_id":0,"_seopress_robots_primary_cat":"","_seopress_titles_title":"","_seopress_titles_desc":"","_seopress_robots_index":"","_et_pb_use_builder":"","_et_pb_old_content":"","_et_gb_content_width":"","footnotes":""},"categories":[909],"tags":[],"class_list":["post-346032","post","type-post","status-publish","format-standard","hentry","category-focolare-worldwide-2-4"],"_links":{"self":[{"href":"https:\/\/www.focolare.org\/pt-pt\/wp-json\/wp\/v2\/posts\/346032","targetHints":{"allow":["GET"]}}],"collection":[{"href":"https:\/\/www.focolare.org\/pt-pt\/wp-json\/wp\/v2\/posts"}],"about":[{"href":"https:\/\/www.focolare.org\/pt-pt\/wp-json\/wp\/v2\/types\/post"}],"author":[{"embeddable":true,"href":"https:\/\/www.focolare.org\/pt-pt\/wp-json\/wp\/v2\/users\/34"}],"replies":[{"embeddable":true,"href":"https:\/\/www.focolare.org\/pt-pt\/wp-json\/wp\/v2\/comments?post=346032"}],"version-history":[{"count":0,"href":"https:\/\/www.focolare.org\/pt-pt\/wp-json\/wp\/v2\/posts\/346032\/revisions"}],"wp:attachment":[{"href":"https:\/\/www.focolare.org\/pt-pt\/wp-json\/wp\/v2\/media?parent=346032"}],"wp:term":[{"taxonomy":"category","embeddable":true,"href":"https:\/\/www.focolare.org\/pt-pt\/wp-json\/wp\/v2\/categories?post=346032"},{"taxonomy":"post_tag","embeddable":true,"href":"https:\/\/www.focolare.org\/pt-pt\/wp-json\/wp\/v2\/tags?post=346032"}],"curies":[{"name":"wp","href":"https:\/\/api.w.org\/{rel}","templated":true}]}}