{"id":346050,"date":"2013-09-10T04:00:28","date_gmt":"2013-09-10T02:00:28","guid":{"rendered":"https:\/\/www.focolare.org\/espiritualidade-de-comunhao-e-ano-da-fe\/"},"modified":"2024-06-06T12:22:03","modified_gmt":"2024-06-06T10:22:03","slug":"espiritualidade-de-comunhao-e-ano-da-fe","status":"publish","type":"post","link":"https:\/\/www.focolare.org\/pt-pt\/espiritualidade-de-comunhao-e-ano-da-fe\/","title":{"rendered":"Espiritualidade de comunh\u00e3o e Ano da F\u00e9"},"content":{"rendered":"<p><img alt=\"\" alt=\"\" loading=\"lazy\" decoding=\"async\" class=\"wp-image-91604 alignleft\" style=\"margin-right: 10px\" src=\"https:\/\/www.focolare.org\/wp-content\/uploads\/2013\/09\/20130910-01.jpg\" alt=\"\" width=\"384\" height=\"288\" \/>\u201c<em>Permitam-me expressar-lhes a minha alegria de estar com voc\u00eas e de agradecer-lhes pelo testemunho da presen\u00e7a crist\u00e3 que voc\u00eas oferecem estando aqui nesta regi\u00e3o. Sinto-me honrada de ser uma parte deste testemunho junto com voc\u00eas<\/em>.\u201d Esta foi a introdu\u00e7\u00e3o, imediata e espont\u00e2nea, de <a href=\"https:\/\/www.focolare.org\/pt\/news\/2011\/01\/20\/maria-voce\/\" target=\"_blank\" rel=\"noopener\">Maria Voce<\/a> ao seu discurso por ocasi\u00e3o do encontro com representantes da Igreja local, no dia 5 de setembro, no Rosary College de Am\u00e3.  Estava presente <strong>Dom Giorgio Lingua<\/strong>, N\u00fancio Apost\u00f3lico na Jord\u00e2nia e no Iraque e, tamb\u00e9m, Dom Selim Sayegh, bispo em\u00e9rito latino, Dom Yasser Ayash, bispo greco-cat\u00f3lico, e Dom Salomone Warduni, bispo auxiliar caldeu de Bagd\u00e1, al\u00e9m de alguns arquimandritas, religiosos e religiosas \u2013 entre os quais o Superior dos Irm\u00e3os Crist\u00e3os, as Superioras das Irm\u00e3s do Ros\u00e1rio e das Irm\u00e3s Dominicanas \u2013 e, especialmente, leigos da Igreja cat\u00f3lica (latina, melquita e caldeia) e das Igrejas ortodoxa, luterana e anglicana. E ainda, <strong>trezentas pessoas<\/strong> que ofereceram aos presentes um panorama da realidade eclesial daquele pa\u00eds. A programa\u00e7\u00e3o, inserida na caminhada eclesial por ocasi\u00e3o do <a href=\"http:\/\/www.vatican.va\/special\/annus_fidei\/index_po.htm\" target=\"_blank\" rel=\"noopener\"><em>Ano da F\u00e9<\/em><\/a>, foi organizada para oferecer a contribui\u00e7\u00e3o que a <a href=\"https:\/\/www.focolare.org\/pt\/chiara-lubich\/spiritualita-dellunita\/\" target=\"_blank\" rel=\"noopener\">espiritualidade de comunh\u00e3o<\/a> pode proporcionar \u00e0 f\u00e9.  Dois jovens apresentaram o <a href=\"http:\/\/www.unitedworldproject.org\/en\/\" target=\"_blank\" rel=\"noopener\">Projeto Mundo Unido<\/a>, com as \u00faltimas experi\u00eancias vividas em Am\u00e3, que miravam o envolvimento dos habitantes daquela cidade em atividades, especialmente, de car\u00e1ter ecol\u00f3gico e ambiental. Um casal testemunhou o pr\u00f3prio empenho crist\u00e3o na vida matrimonial, caracterizado, nos primeiros anos, pelo sofrimento de n\u00e3o conceber um filho e, tamb\u00e9m, pelo compromisso no setor eclesial, particularmente o da fam\u00edlia. E conclu\u00edram: \u201c<em>Depois de seis anos, durante os quais muitos outros casais rezaram juntos conosco, nasceu a nossa filha! Participando dos Focolares n\u00f3s aprendemos que todos s\u00e3o chamados \u00e0 santidade e procuramos empenhar-nos neste caminho!<\/em>\u201d  <img alt=\"\" alt=\"\" loading=\"lazy\" decoding=\"async\" class=\"alignright  wp-image-91605\" style=\"margin-left: 10px\" src=\"https:\/\/www.focolare.org\/wp-content\/uploads\/2013\/09\/20130910-02.jpg\" alt=\"\" width=\"384\" height=\"246\" \/>A s\u00e9rie de testemunhos foi conclu\u00edda por Zena, uma jovem de 18 anos que contou a experi\u00eancia de viver, j\u00e1 h\u00e1 um ano, tendo <strong>um tumor<\/strong>: \u201c<em>As pessoas ficavam com pena de mim; mas, eu me sentia agraciada por Deus que me escolheu para carregar a cruz de Jesus!<\/em>\u201d Zena reconhece que teve muito medo, mas, no hospital, procurou proporcionar alegria \u00e0s crian\u00e7as que estavam ao seu lado. E continua: \u201c<em>Eu percebi o sofrimento de muita gente e entendi o quanto era robusta a f\u00e9 de algumas delas. Um dia eu me senti muito s\u00f3. Telefonei ao Focolare e mi senti ajudada porque me fizeram lembrar que tamb\u00e9m Jesus, na cruz, sentiu-se abandonado.<\/em>\u201d Atualmente Zena est\u00e1 bem de sa\u00fade, cheia de vida, e recebeu do p\u00fablico presente um longo e caloroso aplauso, especialmente quando disse que, n\u00e3o obstante o longo e \u00e1rduo tratamento foi aprovada no vestibular com excelente resultado: 95\/100.  <strong>Foi com este fundamento que Maria Voce apresentou em seguida a sua contribui\u00e7\u00e3o<\/strong>. Ela sublinhou alguns pontos da espiritualidade para evidenciar o fato de que a espiritualidade de comunh\u00e3o permite viver profundamente o Ano da F\u00e9 e falou acerca da \u201c<em>grande resson\u00e2ncia que o <a href=\"https:\/\/www.focolare.org\/pt\/news\/2011\/10\/21\/anno-della-fede\/\" target=\"_blank\" rel=\"noopener\">convite do Papa Bento VI<\/a> encontrou em n\u00f3s: oferecer publicamente o testemunho da f\u00e9, da Palavra vivida \u2018como experi\u00eancia de um amor recebido\u2019 e comunicada como experi\u00eancia de gra\u00e7a e de alegria!<\/em>\u201d  <img alt=\"\" alt=\"\" loading=\"lazy\" decoding=\"async\" class=\"size-full wp-image-91608 alignleft\" style=\"margin-right: 10px\" src=\"https:\/\/www.focolare.org\/wp-content\/uploads\/2013\/09\/20130910-05.jpg\" alt=\"\" width=\"314\" height=\"235\" \/>A Presidente dos Focolares \u2013 na sua <a href=\"https:\/\/www.focolare.org\/pt\/?s=Cerca+in+focolare.org&amp;cat&amp;search_in=all&amp;can&amp;cats&amp;tag=giordania&amp;f_g&amp;f_m&amp;f_a&amp;t_g&amp;t_m&amp;t_a\" target=\"_blank\" rel=\"noopener\">visita \u00e0 Jord\u00e2nia<\/a> de 28 de agosto a 10 de setembro \u2013 evidenciou que alguns aspectos desta espiritualidade s\u00e3o realmente prof\u00e9ticos ao nascer no horizonte eclesial. E continuou: \u201c<em>Nos primeiros anos de vida do Movimento dos Focolares era uma novidade a comunh\u00e3o das experi\u00eancias sobre a viv\u00eancia da Palavra. Estas resultavam incontest\u00e1veis porque eram \u201cvida\u201d e fecundas, capazes de gerar o encontro profundo com Jesus, de tornar comunidade as pessoas dispersas.<\/em>\u201d<em> <\/em>  Depois, ela evidenciou a afirma\u00e7\u00e3o do Papa Francisco na sua recente enc\u00edclica <a href=\"http:\/\/www.vatican.va\/holy_father\/francesco\/encyclicals\/documents\/papa-francesco_20130629_enciclica-lumen-fidei_po.html\" target=\"_blank\" rel=\"noopener\"><em>Lumen Fidei<\/em><\/a>:<em> <\/em>\u201c<em>\u00c9 imposs\u00edvel crer sozinhos. A f\u00e9 n\u00e3o \u00e9 s\u00f3 uma op\u00e7\u00e3o individual que se realiza na interioridade do fiel, n\u00e3o \u00e9 uma rela\u00e7\u00e3o isolada entre o \u00abeu\u00bb do fiel e o \u00abTu\u00bb divino, entre o sujeito aut\u00f4nomo e Deus; mas, por sua natureza, abre-se ao \u00abn\u00f3s\u00bb, verifica-se sempre dentro da comunh\u00e3o da Igreja<\/em>\u201d (39).  \u201c<em>Gra\u00e7as a esta espiritualidade de comunh\u00e3o<\/em> \u2013 concluiu Maria Voce \u2013 <em>n\u00f3s vimos florescer a <a href=\"https:\/\/www.focolare.org\/pt\/in-dialogo\/chiesa-cattolica\/\" target=\"_blank\" rel=\"noopener\">comunh\u00e3o na Igreja<\/a> entre os v\u00e1rios Movimentos que a enriquecem; entre os v\u00e1rios carismas antigos e modernos. Al\u00e9m disso, vimos tamb\u00e9m o quanto esta espiritualidade contribui \u00e0 unidade dos crist\u00e3os e, ainda, a iniciar o di\u00e1logo com pessoas de outras religi\u00f5es, que representam uma das fronteiras que requer empenho e s\u00e3o urgentes no terceiro mil\u00eanio.<\/em>\u201d  Foi muito estimulante uma pergunta feita por um sacerdote, <strong>provocada por uma mensagem postada no <em>Facebook<\/em><\/strong>: \u201c<em>O meu cora\u00e7\u00e3o \u00e9 crist\u00e3o, mas, a minha mente n\u00e3o acredita na religi\u00e3o. N\u00e3o considerar-me ateu porque eu n\u00e3o aceito a sua avalia\u00e7\u00e3o. Quem \u00e9 voc\u00ea para avaliar-me?\u201d<\/em>. E a pergunta foi: \u201c<em>E o que dizer aos nossos jovens?\u201d<\/em>  <img alt=\"\" alt=\"\" loading=\"lazy\" decoding=\"async\" class=\"size-full wp-image-91606 alignright\" style=\"margin-left: 10px\" src=\"https:\/\/www.focolare.org\/wp-content\/uploads\/2013\/09\/20130910-03.jpg\" alt=\"\" width=\"314\" height=\"213\" \/><a href=\"https:\/\/www.focolare.org\/pt\/news\/2010\/02\/03\/biografia-di-giancarlo-faletti\/\" target=\"_blank\" rel=\"noopener\">Giancarlo Faletti<\/a>, Copresidente dos Focolares, prop\u00f4s a <em>op\u00e7\u00e3o de vida.<\/em> Ele afirmou: \u201c<em>\u00c9 significativo o que diz a jovem que postou esta frase: \u00e9 uma experi\u00eancia crist\u00e3 dividida entre cora\u00e7\u00e3o e mente. A experi\u00eancia crist\u00e3, vivida juntos nos conduz a uma presen\u00e7a: Cristo na comunidade. \u00c9 a estas alturas que podemos dizer: o meu segredo \u00e9 uma pessoa, \u00e9 Jesus que se encarnou por mim e pelos outros. Somos chamados a dar este testemunho tamb\u00e9m atrav\u00e9s dos modernos meios de comunica\u00e7\u00e3o<\/em>.\u201d  Roberto Catalano  <a href=\"https:\/\/www.focolare.org\/pt\/?s=Cerca+in+focolare.org&amp;cat&amp;search_in=all&amp;can&amp;cats&amp;tag=giordania&amp;f_g&amp;f_m&amp;f_a&amp;t_g&amp;t_m&amp;t_a\" target=\"_blank\" rel=\"noopener\">Viagem \u00e0 Jord\u00e2nia<\/a><\/p>\n","protected":false},"excerpt":{"rendered":"<p>Em um encontro com trezentos representantes da Igreja local da Jord\u00e2nia \u2013 ortodoxos, cat\u00f3licos, luteranos e reformados \u2013 Maria Voce, que se encontra em Am\u00e3 at\u00e9 o dia 10 de setembro, apresentou a experi\u00eancia do Movimento dos Focolares.<\/p>\n","protected":false},"author":34,"featured_media":0,"comment_status":"open","ping_status":"open","sticky":false,"template":"","format":"standard","meta":{"give_campaign_id":0,"_seopress_robots_primary_cat":"","_seopress_titles_title":"","_seopress_titles_desc":"","_seopress_robots_index":"","_et_pb_use_builder":"","_et_pb_old_content":"","_et_gb_content_width":"","footnotes":""},"categories":[909],"tags":[],"class_list":["post-346050","post","type-post","status-publish","format-standard","hentry","category-focolare-worldwide-2-4"],"_links":{"self":[{"href":"https:\/\/www.focolare.org\/pt-pt\/wp-json\/wp\/v2\/posts\/346050","targetHints":{"allow":["GET"]}}],"collection":[{"href":"https:\/\/www.focolare.org\/pt-pt\/wp-json\/wp\/v2\/posts"}],"about":[{"href":"https:\/\/www.focolare.org\/pt-pt\/wp-json\/wp\/v2\/types\/post"}],"author":[{"embeddable":true,"href":"https:\/\/www.focolare.org\/pt-pt\/wp-json\/wp\/v2\/users\/34"}],"replies":[{"embeddable":true,"href":"https:\/\/www.focolare.org\/pt-pt\/wp-json\/wp\/v2\/comments?post=346050"}],"version-history":[{"count":0,"href":"https:\/\/www.focolare.org\/pt-pt\/wp-json\/wp\/v2\/posts\/346050\/revisions"}],"wp:attachment":[{"href":"https:\/\/www.focolare.org\/pt-pt\/wp-json\/wp\/v2\/media?parent=346050"}],"wp:term":[{"taxonomy":"category","embeddable":true,"href":"https:\/\/www.focolare.org\/pt-pt\/wp-json\/wp\/v2\/categories?post=346050"},{"taxonomy":"post_tag","embeddable":true,"href":"https:\/\/www.focolare.org\/pt-pt\/wp-json\/wp\/v2\/tags?post=346050"}],"curies":[{"name":"wp","href":"https:\/\/api.w.org\/{rel}","templated":true}]}}