{"id":346060,"date":"2013-09-12T03:00:01","date_gmt":"2013-09-12T01:00:01","guid":{"rendered":"https:\/\/www.focolare.org\/panama-uma-aventura-sem-igual\/"},"modified":"2024-06-06T12:22:04","modified_gmt":"2024-06-06T10:22:04","slug":"panama-uma-aventura-sem-igual","status":"publish","type":"post","link":"https:\/\/www.focolare.org\/pt-pt\/panama-uma-aventura-sem-igual\/","title":{"rendered":"Panam\u00e1: uma aventura sem igual"},"content":{"rendered":"<p><img alt=\"\" alt=\"\" loading=\"lazy\" decoding=\"async\" class=\"alignleft size-full wp-image-91892\" style=\"margin-right: 10px\" src=\"https:\/\/www.focolare.org\/wp-content\/uploads\/2013\/09\/20130912-01.jpg\" alt=\"\" width=\"314\" height=\"207\" \/>Banhada por dois oceanos, o Pac\u00edfico e o Atl\u00e2ntico, a Rep\u00fablica do <a href=\"https:\/\/www.focolare.org\/pt\/focolare-worldwide\/america-nord-e-centrale\/panama\/\" target=\"_blank\" rel=\"noopener\">Panam\u00e1 <\/a>encontra-se no extremo sudeste da Am\u00e9rica Central e \u00e9 conhecida pelo seu canal interoce\u00e2nico. Este pequeno pa\u00eds, de 75.517 Km<sup>2<\/sup>, com uma popula\u00e7\u00e3o de quase 3,5 milh\u00f5es de habitantes, \u00e9 hospitaleiro, possui uma rica cultura multi\u00e9tnica e profundas ra\u00edzes crist\u00e3s \u2013 este ano recorrem os 500 anos (1513) da cria\u00e7\u00e3o de Santa Maria La Antigua, a primeira diocese do continente americano. O Panam\u00e1 \u00e9 o ponto de encontro e o porto de entrada e sa\u00edda para as Am\u00e9ricas.  Dia 31 de julho passado, com a chegada de tr\u00eas <a href=\"https:\/\/www.focolare.org\/pt\/movimento-dei-focolari\/scelte-e-impegno\/focolarini\/\" target=\"_blank\" rel=\"noopener\">focolarinos<\/a>, iniciou o \u201cfocolare tempor\u00e1rio\u201d que, como o nome exprime, \u00e9 um focolare que se constitui por um per\u00edodo de tempo determinado, aproveitando da disponibilidade de tempo de alguns focolarinos, ali onde existe uma comunidade do Movimento. Esta experi\u00eancia chegou ao s\u00e9timo ano consecutivo e dessa vez o focolare tempor\u00e1rio foi formado por tr\u00eas focolarinos vindos da Alemanha, do Paraguai e da Venezuela.  Um per\u00edodo intenso e muito bonito, muitos relacionamentos foram estabelecidos e aprofundou-se a <a href=\"https:\/\/www.focolare.org\/pt\/chiara-lubich\/spiritualita-dellunita\/\" target=\"_blank\" rel=\"noopener\">espiritualidade da unidade<\/a>, segundo o estilo de vida evang\u00e9lico t\u00edpico dos Focolares. Reuni\u00f5es com crian\u00e7as, adolescentes, jovens e fam\u00edlias, visitas \u00e0s comunidades das periferias da cidade, como as de Pacora e Chorrera a 60 km da capital. Al\u00e9m disso, aproveitando a presen\u00e7a de Emmanuele, um focolarino sacerdote, foi celebrada a Santa Missa e v\u00e1rias casas foram aben\u00e7oadas em comunidades onde o padre consegue ir apenas uma vez por m\u00eas.  <img alt=\"\" alt=\"\" loading=\"lazy\" decoding=\"async\" class=\"alignright size-full wp-image-91896\" src=\"https:\/\/www.focolare.org\/wp-content\/uploads\/2013\/09\/20130912-03.jpg\" alt=\"\" width=\"213\" height=\"159\" \/>Dias simples e alegres, que deram a muitas pessoas a ocasi\u00e3o de aprofundar o ideal da unidade. \u201cEstas conversas com as pessoas do focolare s\u00e3o os melhores momentos da minha vida\u201d, disse P.; e P. M., p\u00e1roco da comunidade de Arco Seco, na Pen\u00ednsula de Azuero, a 250 km da capital, agradecia por terem ido at\u00e9 l\u00e1 somente para visit\u00e1-lo. Daquela visita surgiu a possibilidade de organizar um momento de encontro com outras pessoas.  <img alt=\"\" alt=\"\" loading=\"lazy\" decoding=\"async\" class=\"size-full wp-image-91893 alignleft\" style=\"margin-right: 10px\" src=\"https:\/\/www.focolare.org\/wp-content\/uploads\/2013\/09\/20130912-02.jpg\" alt=\"\" width=\"213\" height=\"159\" \/>De relevo foi a presen\u00e7a de fam\u00edlias inteiras, que participaram de v\u00e1rias atividades durante todo o m\u00eas, inclusive algumas que passavam por momentos dif\u00edceis e que naqueles dias encontraram um \u201cb\u00e1lsamo\u201d que os ajudou a ir adiante. E enfim, muito importante foi tamb\u00e9m a presen\u00e7a generosa de alguns membros da comunidade do Movimento de Costa Rica.  Em agradecimento a Nuccio Santoro, Michael Wegmann e Emanuele Colombo, a comunidade panamenha organizou um \u00f3timo churrasco, espont\u00e2neo e familiar, com 80 pessoas. Muitas delas tinham o seu primeiro contato com o Movimento dos Focolares. Foi uma noite animada pelo ritmo dos tambores e das can\u00e7\u00f5es do folclore local.  Agora que os focolarinos foram embora, no cora\u00e7\u00e3o de cada um resta o doce sabor da fam\u00edlia, a gratid\u00e3o, e tamb\u00e9m um impulso renovado para estar na linha da frente, como construtores de uma sociedade mais pr\u00f3xima do homem, fraterna e unida, para chegar at\u00e9 \u00e0s \u201cperiferias existenciais\u201d da humanidade.  <em>Do Panam\u00e1, Javier Lombardo T.<\/em><\/p>\n","protected":false},"excerpt":{"rendered":"<p>S\u00e9tima edi\u00e7\u00e3o do \u201cfocolare tempor\u00e1rio\u201d no pa\u00eds centro-americano. Um m\u00eas de encontros e profundos relacionamentos, imersos na espiritualidade da unidade.<\/p>\n","protected":false},"author":27,"featured_media":0,"comment_status":"open","ping_status":"open","sticky":false,"template":"","format":"standard","meta":{"give_campaign_id":0,"_seopress_robots_primary_cat":"","_seopress_titles_title":"","_seopress_titles_desc":"","_seopress_robots_index":"","_et_pb_use_builder":"","_et_pb_old_content":"","_et_gb_content_width":"","footnotes":""},"categories":[910],"tags":[],"class_list":["post-346060","post","type-post","status-publish","format-standard","hentry","category-senza-categoria-2-4"],"_links":{"self":[{"href":"https:\/\/www.focolare.org\/pt-pt\/wp-json\/wp\/v2\/posts\/346060","targetHints":{"allow":["GET"]}}],"collection":[{"href":"https:\/\/www.focolare.org\/pt-pt\/wp-json\/wp\/v2\/posts"}],"about":[{"href":"https:\/\/www.focolare.org\/pt-pt\/wp-json\/wp\/v2\/types\/post"}],"author":[{"embeddable":true,"href":"https:\/\/www.focolare.org\/pt-pt\/wp-json\/wp\/v2\/users\/27"}],"replies":[{"embeddable":true,"href":"https:\/\/www.focolare.org\/pt-pt\/wp-json\/wp\/v2\/comments?post=346060"}],"version-history":[{"count":0,"href":"https:\/\/www.focolare.org\/pt-pt\/wp-json\/wp\/v2\/posts\/346060\/revisions"}],"wp:attachment":[{"href":"https:\/\/www.focolare.org\/pt-pt\/wp-json\/wp\/v2\/media?parent=346060"}],"wp:term":[{"taxonomy":"category","embeddable":true,"href":"https:\/\/www.focolare.org\/pt-pt\/wp-json\/wp\/v2\/categories?post=346060"},{"taxonomy":"post_tag","embeddable":true,"href":"https:\/\/www.focolare.org\/pt-pt\/wp-json\/wp\/v2\/tags?post=346060"}],"curies":[{"name":"wp","href":"https:\/\/api.w.org\/{rel}","templated":true}]}}