{"id":346068,"date":"2013-09-13T12:40:41","date_gmt":"2013-09-13T10:40:41","guid":{"rendered":"https:\/\/www.focolare.org\/papa-francisco-recebe-em-audiencia-maria-voce-e-giancarlo-faletti\/"},"modified":"2024-06-06T12:22:06","modified_gmt":"2024-06-06T10:22:06","slug":"papa-francisco-recebe-em-audiencia-maria-voce-e-giancarlo-faletti","status":"publish","type":"post","link":"https:\/\/www.focolare.org\/pt-pt\/papa-francisco-recebe-em-audiencia-maria-voce-e-giancarlo-faletti\/","title":{"rendered":"Papa Francisco recebe em audi\u00eancia Maria Voce e Giancarlo Faletti"},"content":{"rendered":"<div id=\"attachment_92029\" style=\"width: 317px\" class=\"wp-caption alignleft\"><a href=\"https:\/\/www.focolare.org\/wp-content\/uploads\/2013\/09\/20130913VocePapaFrancesco-02.jpg\"><img alt=\"\" alt=\"\" loading=\"lazy\" decoding=\"async\" aria-describedby=\"caption-attachment-92029\" class=\"wp-image-92029  \" style=\"margin: 10px 0px;border: 0px\" src=\"https:\/\/www.focolare.org\/wp-content\/uploads\/2013\/09\/20130913VocePapaFrancesco-02.jpg\" alt=\"\" width=\"307\" height=\"205\" \/><\/a><p id=\"caption-attachment-92029\" class=\"wp-caption-text\">(C) Osservatore Romano &#8211; Maria Voce e Giancarlo Faletti em audi\u00eancia com o Papa Francisco<\/p><\/div>\n<p><strong>\u00abUma conversa familiar<\/strong> \u2013 disse <a href=\"https:\/\/www.focolare.org\/pt\/news\/2011\/01\/20\/maria-voce\/\" target=\"_blank\" rel=\"noopener\">Maria Voce<\/a> depois da audi\u00eancia. \u00abMostrou-nos quanto o Papa deseje um cristianismo empenhado e de comunh\u00e3o\u00bb.<\/p>\n<p><strong>\u00ab\u00c9 a vida do Evangelho, de modo especial, que est\u00e1 no cora\u00e7\u00e3o do Papa Francisco<\/strong> \u2013 continua a presidente. Disse-nos para ir adiante com coragem e alegria, porque um crist\u00e3o sem alegria n\u00e3o consegue nada. Portanto, um cristianismo comprometido, de comunh\u00e3o e alegre\u00bb.<\/p>\n<p>O encontro foi uma ocasi\u00e3o para observar a presen\u00e7a e as iniciativas do Movimento dos Focolares nas diversas regi\u00f5es do <a href=\"https:\/\/www.focolare.org\/pt\/focolare-worldwide\/\" target=\"_blank\" rel=\"noopener\">mundo,<\/a> evidenciando a contribui\u00e7\u00e3o espec\u00edfica que emerge nas diferentes \u00e1reas. \u00abO Papa Francisco agradeceu-nos pelo trabalho que o Movimento faz, no mundo inteiro\u00bb, prossegue Maria Voce.<\/p>\n<p>Foi poss\u00edvel repassar a atua\u00e7\u00e3o dos Focolares sob v\u00e1rios aspectos: desde a a\u00e7\u00e3o capilar, material e espiritual, em favor das fam\u00edlias e dos jovens, em muitas localidades da <a href=\"https:\/\/www.focolare.org\/pt\/?s=siria&amp;x=-1214&amp;y=-42\" target=\"_blank\" rel=\"noopener\">S\u00edria<\/a>, at\u00e9 iniciativas culturais desenvolvidas na China; do <a href=\"https:\/\/www.focolare.org\/pt\/in-dialogo\/grandi-religioni\/?doing_wp_cron=1379092792.5291700363159179687500\" target=\"_blank\" rel=\"noopener\">di\u00e1logo inter-religioso<\/a> com expoentes budistas, mu\u00e7ulmanos e judeus, at\u00e9 o envolvimento no <a href=\"https:\/\/www.focolare.org\/pt\/news\/2012\/02\/19\/progetto-amazzonia\/\" target=\"_blank\" rel=\"noopener\">\u201cProjeto Amaz\u00f4nia\u201d<\/a>, lan\u00e7ado pela Confer\u00eancia Episcopal dos Bispos do Brasil para a evangeliza\u00e7\u00e3o naquela imensa regi\u00e3o; dos testemunhos de perd\u00e3o e de reconcilia\u00e7\u00e3o nos pa\u00edses da <a href=\"https:\/\/www.focolare.org\/pt\/focolare-worldwide\/africa\/\" target=\"_blank\" rel=\"noopener\">\u00c1frica<\/a> atingidos pela guerra at\u00e9 a revitaliza\u00e7\u00e3o de relacionamentos de fraternidade e de reciprocidade em bairros marcados pelo anonimato,\u00a0 em muitas metr\u00f3poles do Ocidente; e ainda a realiza\u00e7\u00e3o de iniciativas na esfera social, como a <a href=\"http:\/\/www.edc-online.org\/br\/\" target=\"_blank\" rel=\"noopener\">Economia de Comunh\u00e3o<\/a>.<\/p>\n<div id=\"attachment_92010\" style=\"width: 310px\" class=\"wp-caption alignright\"><a href=\"https:\/\/www.focolare.org\/wp-content\/uploads\/2013\/09\/20130913VocePapaFrancesco-01.jpg\"><img alt=\"\" alt=\"\" loading=\"lazy\" decoding=\"async\" aria-describedby=\"caption-attachment-92010\" class=\"wp-image-92010 \" style=\"margin-left: 10px\" src=\"https:\/\/www.focolare.org\/wp-content\/uploads\/2013\/09\/20130913VocePapaFrancesco-01.jpg\" alt=\"\" width=\"300\" height=\"200\" \/><\/a><p id=\"caption-attachment-92010\" class=\"wp-caption-text\">(C) &#8211; Papa Francisco recebe Maria Voce em audi\u00eancia<\/p><\/div>\n<p>A prop\u00f3sito da recente viagem \u00e0 <a href=\"https:\/\/www.focolare.org\/pt\/?s=Giordania&amp;x=-1214&amp;y=-42\" target=\"_blank\" rel=\"noopener\">Jord\u00e2nia<\/a>, onde foram para encontrar as comunidades dos Focolares no Oriente M\u00e9dio e Norte da \u00c1frica, Maria Voce pode comunicar ao Papa a experi\u00eancia daqueles dias\u00a0 de tens\u00e3o e incertezas. <a href=\"https:\/\/www.focolare.org\/pt\/news\/2013\/09\/04\/gesti-di-pace-2\/\" target=\"_blank\" rel=\"noopener\">L\u00e1 tamb\u00e9m<\/a> viveram o dia de jejum e ora\u00e7\u00e3o pela paz, sete de setembro passado, com as pessoas do Movimento presentes em Am\u00e3, que pertencem a v\u00e1rias igrejas e religi\u00f5es. <strong>\u00abSentia-se a grande abertura do Papa a toda a humanidade<\/strong> e o seu desejo de abra\u00e7\u00e1-la com esta ora\u00e7\u00e3o\u00bb, continua Maria Voce.\u00a0 \u00abE o Oriente M\u00e9dio esta neste abra\u00e7o\u00bb.<\/p>\n<p>\u00abPor aquilo que nos disse \u2013 conclui Maria Voce \u2013 percebe-se quanto o Papa aprecie a perten\u00e7a aos movimentos. Falando de uma situa\u00e7\u00e3o ou de outra, dizia quanto \u00e9 importante que existam os movimentos que podem sustent\u00e1-las. Sente-se que o Papa reconhece neles a capacidade de <strong>recolocar no primeiro lugar o radicalismo da vida evang\u00e9lica\u00bb.<\/strong><\/p>\n","protected":false},"excerpt":{"rendered":"<p>Na manh\u00e3 de hoje o Papa Francisco recebeu, em audi\u00eancia privada, a presidente do Movimento dos Focolares, Maria Voce, acompanhada pelo copresidente, Giancarlo Faletti.<\/p>\n","protected":false},"author":34,"featured_media":0,"comment_status":"open","ping_status":"open","sticky":false,"template":"","format":"standard","meta":{"give_campaign_id":0,"_seopress_robots_primary_cat":"","_seopress_titles_title":"","_seopress_titles_desc":"","_seopress_robots_index":"","_et_pb_use_builder":"","_et_pb_old_content":"","_et_gb_content_width":"","footnotes":""},"categories":[129],"tags":[],"class_list":["post-346068","post","type-post","status-publish","format-standard","hentry","category-sem-categoria"],"_links":{"self":[{"href":"https:\/\/www.focolare.org\/pt-pt\/wp-json\/wp\/v2\/posts\/346068","targetHints":{"allow":["GET"]}}],"collection":[{"href":"https:\/\/www.focolare.org\/pt-pt\/wp-json\/wp\/v2\/posts"}],"about":[{"href":"https:\/\/www.focolare.org\/pt-pt\/wp-json\/wp\/v2\/types\/post"}],"author":[{"embeddable":true,"href":"https:\/\/www.focolare.org\/pt-pt\/wp-json\/wp\/v2\/users\/34"}],"replies":[{"embeddable":true,"href":"https:\/\/www.focolare.org\/pt-pt\/wp-json\/wp\/v2\/comments?post=346068"}],"version-history":[{"count":0,"href":"https:\/\/www.focolare.org\/pt-pt\/wp-json\/wp\/v2\/posts\/346068\/revisions"}],"wp:attachment":[{"href":"https:\/\/www.focolare.org\/pt-pt\/wp-json\/wp\/v2\/media?parent=346068"}],"wp:term":[{"taxonomy":"category","embeddable":true,"href":"https:\/\/www.focolare.org\/pt-pt\/wp-json\/wp\/v2\/categories?post=346068"},{"taxonomy":"post_tag","embeddable":true,"href":"https:\/\/www.focolare.org\/pt-pt\/wp-json\/wp\/v2\/tags?post=346068"}],"curies":[{"name":"wp","href":"https:\/\/api.w.org\/{rel}","templated":true}]}}