{"id":346132,"date":"2013-09-30T03:00:58","date_gmt":"2013-09-30T01:00:58","guid":{"rendered":"https:\/\/www.focolare.org\/argentina-seminario-do-celam\/"},"modified":"2024-06-06T12:22:18","modified_gmt":"2024-06-06T10:22:18","slug":"argentina-seminario-do-celam","status":"publish","type":"post","link":"https:\/\/www.focolare.org\/pt-pt\/argentina-seminario-do-celam\/","title":{"rendered":"Argentina: Semin\u00e1rio do CELAM"},"content":{"rendered":"<p><strong><a href=\"https:\/\/www.focolare.org\/wp-content\/uploads\/2013\/09\/20130930-01.jpg\"><strong><img alt=\"\" alt=\"\" loading=\"lazy\" decoding=\"async\" class=\"wp-image-93065 alignright\" style=\"margin-left: 10px\" src=\"https:\/\/www.focolare.org\/wp-content\/uploads\/2013\/09\/20130930-01.jpg\" alt=\"\" width=\"286\" height=\"215\" \/><\/strong><\/a><\/strong>Realizou-se na Mari\u00e1polis Lia, cidadezinha do Movimento dos Focolares, na Argentina, de 6 a 9 de setembro um semin\u00e1rio intitulado \u201c<em>Em di\u00e1logo, por uma Antropologia Trinit\u00e1ria para os nossos povos<\/em>\u201d, organizado pelo <a href=\"http:\/\/www.celam.org\/\" target=\"_blank\" rel=\"noopener\"><strong>CELAM<\/strong> <\/a>(Conselho Episcopal Latino-Americano).<\/p>\n<p><strong>Estavam presentes cerca vinte especialistas provenientes do M\u00e9xico, Brasil, Nicar\u00e1gua, Bol\u00edvia, Argentina, Paraguai, Uruguai e It\u00e1lia<\/strong>. E, tamb\u00e9m, Monsenhor Piero Coda, Presidente do <a href=\"http:\/\/www.iu-sophia.org\/it-IT\/\" target=\"_blank\" rel=\"noopener\">Instituto Universit\u00e1rio <em>Sophia<\/em> <\/a>(IUS), cuja sede \u00e9 em <a href=\"http:\/\/www.loppiano.it\/\" target=\"_blank\" rel=\"noopener\">Loppiano<\/a>, na It\u00e1lia.<\/p>\n<p>O Semin\u00e1rio come\u00e7ou com o pronunciamento do Monsenhor Piero Coda que, sucessivamente, ofereceu uma contribui\u00e7\u00e3o muito significativa, com o t\u00edtulo: \u201c<em>Trindade e Antropologia, notas para uma fenomenologia teol\u00f3gica<\/em>\u201d, fundamentado na experi\u00eancia m\u00edstica de <a href=\"https:\/\/www.focolare.org\/pt\/chiara-lubich\/chi-e-chiara\/\" target=\"_blank\" rel=\"noopener\">Chiara Lubich<\/a>.<\/p>\n<p>Desde o in\u00edcio, o encontro foi caracterizado pelo desafio de adotar <strong>uma metodologia de trabalho fundamentada no di\u00e1logo e na comunh\u00e3o<\/strong>. Depois da apresenta\u00e7\u00e3o dos v\u00e1rios temas, de fato, em seguida dedicava-se tempo para a partilha das reflex\u00f5es dos participantes. O semin\u00e1rio tornou-se, desta forma, um real e verdadeiro laborat\u00f3rio do ato de \u201c<em>pensar juntos<\/em>\u201d.<\/p>\n<p><strong>A cidadezinha Lia, testemunho de vida evang\u00e9lica, demonstrou-se o lugar ideal<\/strong> para viver uma experi\u00eancia deste g\u00eanero. \u201c<em>Este lugar \u00e9 important\u00edssimo para a proposta da nossa tem\u00e1tica, porque aqui, ela se torna realidade<\/em>\u201d, afirmou um especialista boliviano, maravilhado com o testemunho de vida que encontrara. Os participantes do Semin\u00e1rio, de fato, foram envolvidos no amor rec\u00edproco vivido pelos habitantes da cidadezinha, como express\u00e3o concreta dos \u201c<em>relacionamentos trinit\u00e1rios<\/em>\u201d.<\/p>\n<p><a href=\"https:\/\/www.focolare.org\/wp-content\/uploads\/2013\/09\/20130930-03.jpg\"><img alt=\"\" alt=\"\" loading=\"lazy\" decoding=\"async\" class=\"alignleft  wp-image-93067\" style=\"margin-right: 10px\" src=\"https:\/\/www.focolare.org\/wp-content\/uploads\/2013\/09\/20130930-03.jpg\" alt=\"\" width=\"358\" height=\"226\" \/><\/a>O Semin\u00e1rio revelou-se importante tamb\u00e9m porque permitiu que a luz do carisma de Chiara Lubich, estudado e expresso academicamente pelo Instituto Universit\u00e1rio <em>Sophia<\/em>, seja conhecido na Igreja da Am\u00e9rica Latina.<\/p>\n<p>Os participantes manifestaram tamb\u00e9m interesse em manter contato com o Instituto <em>Sophia<\/em>, estabelecendo acordos espec\u00edficos.<\/p>\n<p>Durante a celebra\u00e7\u00e3o da missa conclusiva o Padre Scanone, jesu\u00edta muito conhecido na Am\u00e9rica Latina, afirmou: \u201c<em>Agrade\u00e7amos a Deus por esta comunidade de pensamento que se estabeleceu entre n\u00f3s, pelas rela\u00e7\u00f5es \u2018pericor\u00e9ticas\u2019 que aqui vivemos, nas quais somos mortos ao nosso eu e ressuscitados, rela\u00e7\u00f5es nas quais n\u00f3s pensamos e vivemos uma realidade comunit\u00e1ria\u201d<\/em>. O Semin\u00e1rio terminou com uma breve homenagem a <a href=\"https:\/\/www.focolare.org\/pt\/news\/2013\/05\/13\/klaus-hemmerle-per-la-chiesa-e-per-la-societa\/\" target=\"_blank\" rel=\"noopener\">Dom Klaus Hemmerle<\/a>, precursor da evolu\u00e7\u00e3o do estudo sobre a Antropologia Trinit\u00e1ria.<\/p>\n<p>O CELAM j\u00e1 programou outro evento deste g\u00eanero para o ano de 2014 e decidiu que ser\u00e3o publicados os resultados dos trabalhos realizados neste ano.<\/p>\n","protected":false},"excerpt":{"rendered":"<p>Na cidadezinha argentina dos Focolares, quatro dias de intenso estudo sobre a \u201cAntropologia Trinit\u00e1ria\u201d, promovidos pelo Conselho Episcopal Latino-Americano, de 6 a 9 de setembro.<\/p>\n","protected":false},"author":34,"featured_media":0,"comment_status":"open","ping_status":"open","sticky":false,"template":"","format":"standard","meta":{"give_campaign_id":0,"_seopress_robots_primary_cat":"","_seopress_titles_title":"","_seopress_titles_desc":"","_seopress_robots_index":"","_et_pb_use_builder":"","_et_pb_old_content":"","_et_gb_content_width":"","footnotes":""},"categories":[909],"tags":[],"class_list":["post-346132","post","type-post","status-publish","format-standard","hentry","category-focolare-worldwide-2-4"],"_links":{"self":[{"href":"https:\/\/www.focolare.org\/pt-pt\/wp-json\/wp\/v2\/posts\/346132","targetHints":{"allow":["GET"]}}],"collection":[{"href":"https:\/\/www.focolare.org\/pt-pt\/wp-json\/wp\/v2\/posts"}],"about":[{"href":"https:\/\/www.focolare.org\/pt-pt\/wp-json\/wp\/v2\/types\/post"}],"author":[{"embeddable":true,"href":"https:\/\/www.focolare.org\/pt-pt\/wp-json\/wp\/v2\/users\/34"}],"replies":[{"embeddable":true,"href":"https:\/\/www.focolare.org\/pt-pt\/wp-json\/wp\/v2\/comments?post=346132"}],"version-history":[{"count":0,"href":"https:\/\/www.focolare.org\/pt-pt\/wp-json\/wp\/v2\/posts\/346132\/revisions"}],"wp:attachment":[{"href":"https:\/\/www.focolare.org\/pt-pt\/wp-json\/wp\/v2\/media?parent=346132"}],"wp:term":[{"taxonomy":"category","embeddable":true,"href":"https:\/\/www.focolare.org\/pt-pt\/wp-json\/wp\/v2\/categories?post=346132"},{"taxonomy":"post_tag","embeddable":true,"href":"https:\/\/www.focolare.org\/pt-pt\/wp-json\/wp\/v2\/tags?post=346132"}],"curies":[{"name":"wp","href":"https:\/\/api.w.org\/{rel}","templated":true}]}}