{"id":346174,"date":"2013-10-16T03:00:40","date_gmt":"2013-10-16T01:00:40","guid":{"rendered":"https:\/\/www.focolare.org\/new-city-filippines-e-living-city-recebem-premios-editoriais\/"},"modified":"2024-06-06T12:22:26","modified_gmt":"2024-06-06T10:22:26","slug":"new-city-filippines-e-living-city-recebem-premios-editoriais","status":"publish","type":"post","link":"https:\/\/www.focolare.org\/pt-pt\/new-city-filippines-e-living-city-recebem-premios-editoriais\/","title":{"rendered":"New City Filippines e Living City recebem pr\u00eamios editoriais"},"content":{"rendered":"<p><a href=\"https:\/\/www.focolare.org\/wp-content\/uploads\/2013\/10\/CPA-Award-2013.jpg\"><img alt=\"\" alt=\"\" loading=\"lazy\" decoding=\"async\" class=\"alignright  wp-image-94451\" style=\"margin-left: 10px\" src=\"https:\/\/www.focolare.org\/wp-content\/uploads\/2013\/10\/CPA-Award-2013.jpg\" alt=\"\" width=\"319\" height=\"245\" \/><\/a>O ano de 2013 ser\u00e1 lembrado como<strong> uma etapa positiva para as <a href=\"https:\/\/www.focolare.org\/pt\/all-opera\/media\/riviste-ed-editrici\/\" target=\"_blank\" rel=\"noopener\">editoras <\/a>de l\u00edngua inglesa dos Focolares<\/strong>. Para a <a href=\"http:\/\/newcityph.com\/\" target=\"_blank\" rel=\"noopener\"><em>New City Filippines<\/em><\/a> foi conferida a men\u00e7\u00e3o especial \u201c<em>para o <a href=\"https:\/\/www.focolare.org\/pt\/in-dialogo\/grandi-religioni\/buddismo\/\" target=\"_blank\" rel=\"noopener\">di\u00e1logo inter-religioso<\/a><\/em>\u201d, pela Organiza\u00e7\u00e3o Internacional Crist\u00e3 dos Meios de Comunica\u00e7\u00e3o <strong>(<a href=\"http:\/\/www.icomworld.info\/eng\/index.htm\" target=\"_blank\" rel=\"noopener\">ICOM<\/a>)<\/strong>, com sede em Genebra, Su\u00ed\u00e7a. A revista norte-americana <a href=\"http:\/\/www.livingcitymagazine.com\/\" target=\"_blank\" rel=\"noopener\"><em>Living City <\/em><\/a>recebeu uma men\u00e7\u00e3o honrosa na categoria \u201c<em>melhor cobertura sobre as Voca\u00e7\u00f5es ao sacerd\u00f3cio, \u00e0 vida consagrada e ao Diaconado<\/em>\u201d, de Sarah Mundell. O reconhecimento foi conferido pela Associa\u00e7\u00e3o da Imprensa Cat\u00f3lica (<a href=\"http:\/\/www.catholicpress.org\/\" target=\"_blank\" rel=\"noopener\">CPA<\/a>) do Canad\u00e1 e dos Estados Unidos.<\/p>\n<p><strong>Os destaques foram para temas que focalizam as voca\u00e7\u00f5es da Igreja cat\u00f3lica e a grande fronteira do di\u00e1logo inter-religioso<\/strong>. Obtiveram maior sucesso, em particular, um artigo e dois n\u00fameros da revista.<\/p>\n<p>Da edi\u00e7\u00e3o americana foi destacado o artigo de Sarah Mundell intitulado <strong>\u201cUm seminarista com sapatos de sapateado\u201d<\/strong> (<a href=\"http:\/\/www.livingcitymagazine.com\/Man_of_the_cloth\">ver original em ingl\u00eas<\/a>). \u201cUma grande expressividade e uma hist\u00f3ria fora do comum e fascinante sustentam a narrativa\u201d, declarou a CPA na apresenta\u00e7\u00e3o do pr\u00eamio.<\/p>\n<p>Da edi\u00e7\u00e3o filipina foi o tema do <strong>fr\u00e1gil processo de paz no sul das Filipinas em Mindanao (<\/strong><strong><a href=\"http:\/\/newcityph.com\/archive\/1301\/issues.asp\" target=\"_blank\" rel=\"noopener\">N. 1\/2013<\/a><\/strong><strong>) e da educa\u00e7\u00e3o para uma cultura do di\u00e1logo (<a href=\"http:\/\/newcityph.com\/archive\/1206\/issues.asp\" target=\"_blank\" rel=\"noopener\">N. 6\/2012<\/a><\/strong><strong>). <\/strong>O pr\u00eamio &#8211; conferido por ocasi\u00e3o do congresso mundial do ICOM na Cidade do Panam\u00e1, de 28 de setembro a 5 de outubro \u2013 reconhece em New City Filippines o empenho para diminuir as tens\u00f5es dos conflitos culturais e religiosos, apresentando epis\u00f3dios de reciprocidade, respeito e solidariedade.<\/p>\n<p><a href=\"https:\/\/www.focolare.org\/wp-content\/uploads\/2013\/10\/20131016-04.jpg\"><img loading=\"lazy\" decoding=\"async\" class=\"    alignleft\" style=\"margin-right: 10px\" src=\"https:\/\/www.focolare.org\/wp-content\/uploads\/2013\/10\/20131016-04.jpg\" alt=\"\" width=\"346\" height=\"228\" \/><\/a><\/p>\n<p>O evento panamense reuniu jornalistas e operadores dos meios de comunica\u00e7\u00e3o de v\u00e1rias partes do mundo, que tiveram a ocasi\u00e3o de mergulhar nas problem\u00e1ticas do continente americano. Neste contexto ocorreu a entrega do <strong>International Journalism Awards<\/strong>, no dia 4 de outubro, na sede da Universidade.<\/p>\n<p><strong>Jose Aranas, chefe de reda\u00e7\u00e3o <\/strong>do peri\u00f3dico filipino ligado ao <a href=\"https:\/\/www.focolare.org\/pt\/movimento-dei-focolari\/\" target=\"_blank\" rel=\"noopener\">Movimento dos Focolares<\/a>, ao receber a distin\u00e7\u00e3o evidenciou o contexto religioso-cultural do seu pa\u00eds, \u00fanica na\u00e7\u00e3o da \u00c1sia de maioria crist\u00e3. Sublinhou que os artigos que mereceram o pr\u00eamio s\u00e3o experi\u00eancias de vida de membros dos Focolares, pertencentes a v\u00e1rias religi\u00f5es, onde se evidencia o esfor\u00e7o para viver a chamada regra de ouro do Evangelho, presente tamb\u00e9m em outros textos sagrados: \u201cTudo aquilo que quiseres que os outros vos fa\u00e7am, fazei-o v\u00f3s a eles\u201d (Mt 7,12).<\/p>\n","protected":false},"excerpt":{"rendered":"<p>Duas revistas dos Focolares receberam importantes reconhecimentos, nos meses passados: no \u00e2mbito do di\u00e1logo inter-religioso a revista filipina e pela reportagem sobre as voca\u00e7\u00f5es a norte-americana.<\/p>\n","protected":false},"author":34,"featured_media":0,"comment_status":"open","ping_status":"open","sticky":false,"template":"","format":"standard","meta":{"give_campaign_id":0,"_seopress_robots_primary_cat":"","_seopress_titles_title":"","_seopress_titles_desc":"","_seopress_robots_index":"","_et_pb_use_builder":"","_et_pb_old_content":"","_et_gb_content_width":"","footnotes":""},"categories":[129],"tags":[],"class_list":["post-346174","post","type-post","status-publish","format-standard","hentry","category-sem-categoria"],"_links":{"self":[{"href":"https:\/\/www.focolare.org\/pt-pt\/wp-json\/wp\/v2\/posts\/346174","targetHints":{"allow":["GET"]}}],"collection":[{"href":"https:\/\/www.focolare.org\/pt-pt\/wp-json\/wp\/v2\/posts"}],"about":[{"href":"https:\/\/www.focolare.org\/pt-pt\/wp-json\/wp\/v2\/types\/post"}],"author":[{"embeddable":true,"href":"https:\/\/www.focolare.org\/pt-pt\/wp-json\/wp\/v2\/users\/34"}],"replies":[{"embeddable":true,"href":"https:\/\/www.focolare.org\/pt-pt\/wp-json\/wp\/v2\/comments?post=346174"}],"version-history":[{"count":0,"href":"https:\/\/www.focolare.org\/pt-pt\/wp-json\/wp\/v2\/posts\/346174\/revisions"}],"wp:attachment":[{"href":"https:\/\/www.focolare.org\/pt-pt\/wp-json\/wp\/v2\/media?parent=346174"}],"wp:term":[{"taxonomy":"category","embeddable":true,"href":"https:\/\/www.focolare.org\/pt-pt\/wp-json\/wp\/v2\/categories?post=346174"},{"taxonomy":"post_tag","embeddable":true,"href":"https:\/\/www.focolare.org\/pt-pt\/wp-json\/wp\/v2\/tags?post=346174"}],"curies":[{"name":"wp","href":"https:\/\/api.w.org\/{rel}","templated":true}]}}