{"id":346184,"date":"2013-10-20T03:00:11","date_gmt":"2013-10-20T01:00:11","guid":{"rendered":"https:\/\/www.focolare.org\/brasil-encontro-das-organizacoes-sociais-dos-focolares\/"},"modified":"2024-06-06T12:22:28","modified_gmt":"2024-06-06T10:22:28","slug":"brasil-encontro-das-organizacoes-sociais-dos-focolares","status":"publish","type":"post","link":"https:\/\/www.focolare.org\/pt-pt\/brasil-encontro-das-organizacoes-sociais-dos-focolares\/","title":{"rendered":"Brasil: Encontro das Organiza\u00e7\u00f5es Sociais dos Focolares"},"content":{"rendered":"<p><img alt=\"\" alt=\"\" loading=\"lazy\" decoding=\"async\" class=\"alignleft size-full wp-image-94731\" style=\"margin-right: 10px\" src=\"https:\/\/www.focolare.org\/wp-content\/uploads\/2013\/10\/20131020-01.jpg\" alt=\"\" width=\"303\" height=\"227\" \/><strong>A crise global est\u00e1 impondo<\/strong>, a todos os setores da sociedade, a busca por novos caminhos de desenvolvimento humano integral, no qual estejam presentes todos os aspectos que permeiam a sustentabilidade. Neste contexto, <strong>o Movimento dos Focolares realiza um encontro entre respons\u00e1veis de diferentes projetos sociais<\/strong> que nasceram em Brasil e em outros pa\u00edses da America Latina, a partir do carisma de unidade da obra fundada por <a href=\"https:\/\/www.focolare.org\/pt\/chiara-lubich\/chi-e-chiara\/\">Chiara Lubich<\/a>. O evento acontecer\u00e1 no centro nacional dos Focolares, a Mariapolis Ginetta, em Vargem Grande Paulista (SP), de 21 a 24 de Outubro e dever\u00e1 reunir 35 organiza\u00e7\u00f5es sociais latino-americanas, provenientes da <a href=\"https:\/\/www.focolare.org\/pt\/focolare-worldwide\/america-sud\/argentina\/\">Argentina<\/a>, <a href=\"https:\/\/www.focolare.org\/pt\/focolare-worldwide\/america-sud\/bolivia\/\">Bol\u00edvia<\/a>, <a href=\"https:\/\/www.focolare.org\/pt\/focolare-worldwide\/america-sud\/brasile\/\">Brasil<\/a>, <a href=\"https:\/\/www.focolare.org\/pt\/focolare-worldwide\/america-sud\/cile\/\">Chile<\/a>, <a href=\"https:\/\/www.focolare.org\/pt\/focolare-worldwide\/america-sud\/colombia\/\">Col\u00f4mbia<\/a>, <a href=\"https:\/\/www.focolare.org\/pt\/focolare-worldwide\/america-nord-e-centrale\/cuba\/\">Cuba<\/a>, <a href=\"https:\/\/www.focolare.org\/pt\/focolare-worldwide\/america-nord-e-centrale\/el-salvador\/\">El Salvador<\/a>, <a href=\"https:\/\/www.focolare.org\/pt\/focolare-worldwide\/america-sud\/ecuador\/\">Equador<\/a>, <a href=\"https:\/\/www.focolare.org\/pt\/focolare-worldwide\/america-nord-e-centrale\/guatemala\/\">Guatemala<\/a>, <a href=\"https:\/\/www.focolare.org\/pt\/focolare-worldwide\/america-nord-e-centrale\/messico\/\">M\u00e9xico<\/a>, <a href=\"https:\/\/www.focolare.org\/pt\/focolare-worldwide\/america-sud\/paraguay\/\">Paraguai <\/a>e <a href=\"https:\/\/www.focolare.org\/pt\/focolare-worldwide\/america-sud\/uruguay\/\">Uruguai<\/a>.<\/p>\n<p><strong>Para um dos promotores da iniciativa, Gilvan David de Sousa,<\/strong> o objetivo \u00e9 \u201cidentificar quais s\u00e3o os principais elementos que o carisma do Movimento dos Focolares aporta para a mudan\u00e7a social de forma a oferecer respostas \u00e0s grandes perguntas do nosso continente\u201d. Sousa destaca ainda que o encontro ajudar\u00e1 a fundamentar a cria\u00e7\u00e3o de uma rede para favorecer a troca de id\u00e9ias, experi\u00eancias, dificuldades e conquistas, gerando um real impacto social.<\/p>\n<p>Em sintonia<strong> com a escolha do papa Francisco para a Jornada Mundial pela Paz de 2014<\/strong> &#8211; \u201cFraternidade, fundamento e caminho para a paz\u201d &#8211; o I Encontro das Organiza\u00e7\u00f5es Sociais ter\u00e1 como tema \u201cFraternidade em a\u00e7\u00e3o: fundamento para a coes\u00e3o social no s\u00e9culo XXI\u201d.<\/p>\n<p><strong>O tema da fraternidade<\/strong> ser\u00e1 aprofundado de diferentes formas: com o interc\u00e2mbio de experi\u00eancias, em grupos e em quatro plen\u00e1rias: \u201cA quest\u00e3o social \u00e0 luz da Doutrina Social da Igreja\u201d; \u201cO carisma da unidade, a quest\u00e3o social na America Latina e Caribe\u201d; \u201cO Carisma da Unidade e a pr\u00e1tica das organiza\u00e7\u00f5es na America Latina e Caribe; \u201cComo os projetos sociais inspirados no carisma podem \u201ccaminhar juntos\u201d no continente latino americano?\u201d.<\/p>\n<p>Entre os palestrantes est\u00e3o<strong> padre Vilson Groh<\/strong>, fundador de sete organiza\u00e7\u00f5es para inclus\u00e3o educacional e que recentemente foi condecorado com o pr\u00eamio parlamentar Darcy Ribeiro de Educa\u00e7\u00e3o, <strong>a soci\u00f3loga Vera Ara\u00fajo,<\/strong> co-respons\u00e1vel internacional do Movimento dos Focolares pelo di\u00e1logo com a cultura, e <strong>Susana Nuin,<\/strong> secret\u00e1ria executiva do Departamento de Comunica\u00e7\u00e3o do CELAM e consultora do dicastero vaticano para a comunica\u00e7\u00e3o.<\/p>\n","protected":false},"excerpt":{"rendered":"<p>De 21 a 24 de outubro 2013 o Movimento dos Focolares re\u00fane pela primeira vezas organiza\u00e7\u00f5es sociais que nasceram em Brasil e em outros pa\u00edses da America Latina partir do carisma de unidade de Chiara Lubich.<\/p>\n","protected":false},"author":34,"featured_media":0,"comment_status":"open","ping_status":"open","sticky":false,"template":"","format":"standard","meta":{"give_campaign_id":0,"_seopress_robots_primary_cat":"","_seopress_titles_title":"","_seopress_titles_desc":"","_seopress_robots_index":"","_et_pb_use_builder":"","_et_pb_old_content":"","_et_gb_content_width":"","footnotes":""},"categories":[909],"tags":[],"class_list":["post-346184","post","type-post","status-publish","format-standard","hentry","category-focolare-worldwide-2-4"],"_links":{"self":[{"href":"https:\/\/www.focolare.org\/pt-pt\/wp-json\/wp\/v2\/posts\/346184","targetHints":{"allow":["GET"]}}],"collection":[{"href":"https:\/\/www.focolare.org\/pt-pt\/wp-json\/wp\/v2\/posts"}],"about":[{"href":"https:\/\/www.focolare.org\/pt-pt\/wp-json\/wp\/v2\/types\/post"}],"author":[{"embeddable":true,"href":"https:\/\/www.focolare.org\/pt-pt\/wp-json\/wp\/v2\/users\/34"}],"replies":[{"embeddable":true,"href":"https:\/\/www.focolare.org\/pt-pt\/wp-json\/wp\/v2\/comments?post=346184"}],"version-history":[{"count":0,"href":"https:\/\/www.focolare.org\/pt-pt\/wp-json\/wp\/v2\/posts\/346184\/revisions"}],"wp:attachment":[{"href":"https:\/\/www.focolare.org\/pt-pt\/wp-json\/wp\/v2\/media?parent=346184"}],"wp:term":[{"taxonomy":"category","embeddable":true,"href":"https:\/\/www.focolare.org\/pt-pt\/wp-json\/wp\/v2\/categories?post=346184"},{"taxonomy":"post_tag","embeddable":true,"href":"https:\/\/www.focolare.org\/pt-pt\/wp-json\/wp\/v2\/tags?post=346184"}],"curies":[{"name":"wp","href":"https:\/\/api.w.org\/{rel}","templated":true}]}}