{"id":346196,"date":"2013-10-24T03:12:40","date_gmt":"2013-10-24T01:12:40","guid":{"rendered":"https:\/\/www.focolare.org\/egito-para-aliviar-os-irmaos-eritreus-etiopes-sudaneses\/"},"modified":"2024-06-06T12:22:30","modified_gmt":"2024-06-06T10:22:30","slug":"egito-para-aliviar-os-irmaos-eritreus-etiopes-sudaneses","status":"publish","type":"post","link":"https:\/\/www.focolare.org\/pt-pt\/egito-para-aliviar-os-irmaos-eritreus-etiopes-sudaneses\/","title":{"rendered":"Egito: para aliviar os irm\u00e3os eritreus, et\u00edopes, sudaneses"},"content":{"rendered":"<p><img alt=\"\" alt=\"\" loading=\"lazy\" decoding=\"async\" class=\"size-articolo_1 wp-image-94889   alignleft\" style=\"margin-right: 10px\" src=\"https:\/\/www.focolare.org\/wp-content\/uploads\/2013\/10\/20131024-01-250x193.jpg\" alt=\"\" width=\"250\" height=\"193\" \/><\/p>\n<p><strong>Ao saber de um c\u00e1rcere onde havia detidos \u201cespeciais\u201d,<\/strong> os <a href=\"https:\/\/www.focolare.org\/pt\/movimento-dei-focolari\/un-popolo\/giovani-per-un-mondo-unito\/\">jovens <\/a>procuraram entender melhor a situa\u00e7\u00e3o. Conheceram homens, mulheres e crian\u00e7as, na maioria crist\u00e3os, provenientes da <a href=\"https:\/\/www.focolare.org\/it\/focolare-worldwide\/africa\/eritrea\/\">Eritreia<\/a> com hist\u00f3rias de grande sofrimento. Souberam que, ao tentarem fugir da situa\u00e7\u00e3o dif\u00edcil\u00a0em que se encontra o seu pa\u00eds e pensando em ir para um lugar melhor, ca\u00edram na armadilha dos traficantes de \u00f3rg\u00e3os, sendo assim destinados a uma morte desconhecida. Quando se deram conta do engano, atravessaram as fronteiras e refugiaram-se no <a href=\"https:\/\/www.focolare.org\/pt\/focolare-worldwide\/africa\/egitto\/\">Egito<\/a>. Estando sem documentos, foram presos e levados para o c\u00e1rcere. Foi a\u00ed que os jovens dos Focolares os encontraram, \u00e0 espera de poderem regressar um dia para a Eritreia.<\/p>\n<p>\u201cCom a ajuda de um religioso e dos jovens dos Focolares \u2013 conta o Abdo, testemunho direto \u2013 conseguimos entrar na pris\u00e3o. Est\u00e1vamos muito entusiasmados por poder amar concretamente, mas n\u00e3o imagin\u00e1vamos o sofrimento que ir\u00edamos encontrar. Na pris\u00e3o, que era um ex quartel, a comida era muito escassa, a higiene e os cuidados m\u00e9dicos praticamente inexistentes\u201d.<\/p>\n<p>Os jovens ficaram impressionados com a presen\u00e7a de crian\u00e7as, algumas muito pequenas: uma delas tinha sido ferida por uma bala perdida, quando atravessava a fronteira.<\/p>\n<p>\u201c\u00c9 imposs\u00edvel expressar o que sentimos diante de um sofrimento t\u00e3o grande \u2013 comenta o Abdo. Com os olhos cheios de l\u00e1grimas perguntavam-nos o que tinham feito de mal para merecerem estar nesta situa\u00e7\u00e3o\u201d.<\/p>\n<p><strong>Por\u00e9m, os jovens n\u00e3o desanimaram,<\/strong> dividiram-se em grupos para ouvi-los, procurando alivi\u00e1-los e dar-lhes esperan\u00e7a no amor de Deus. Tamb\u00e9m levaram ajuda material \u00e0s necessidades mais urgentes.<\/p>\n<p><strong>\u201cAlguns precisavam de medicamentos, outros de roupas<\/strong> ou de um telefone para comunicar-se com as pr\u00f3prias fam\u00edlias que n\u00e3o sabiam onde estavam. Mas a primeira necessidade era aquela de ter algu\u00e9m que os fosse visitar e se interessasse por eles.\u201d<\/p>\n<div id=\"attachment_94890\" style=\"width: 260px\" class=\"wp-caption alignright\"><img alt=\"\" alt=\"\" loading=\"lazy\" decoding=\"async\" aria-describedby=\"caption-attachment-94890\" class=\"size-articolo_1 wp-image-94890 \" style=\"margin-left: 10px\" src=\"https:\/\/www.focolare.org\/wp-content\/uploads\/2013\/10\/20131024-02-250x187.jpg\" alt=\"\" width=\"250\" height=\"187\" \/><p id=\"caption-attachment-94890\" class=\"wp-caption-text\">Foto \u00a9 100viaggi.it<\/p><\/div>\n<p><strong>Os respons\u00e1veis pelo c\u00e1rcere disseram que a falta de alimentos era uma das maiores dificuldades.<\/strong>\u201cUm dia \u2013 conta o Abdo \u2013 preparamos mais de 100 pequenas caixas de \u201ckosheri\u201d, comida t\u00edpica eg\u00edpcia feita com massa e lentilhas. Geralmente, a nossa visita conclu\u00eda-se com um intenso momento de ora\u00e7\u00e3o. Eles cantavam os salmos nas pr\u00f3prias l\u00ednguas. Eram t\u00e3o unidos, uma alma s\u00f3 e uma \u00fanica voz, com uma f\u00e9 e uma for\u00e7a interior que nos envolvia num clima espiritual profund\u00edssimo; n\u00e3o pod\u00edamos conter a como\u00e7\u00e3o!\u201d.<\/p>\n<p><strong>A partir de ent\u00e3o, as visitas continuaram com frequ\u00eancia,<\/strong> envolvendo nesta forte experi\u00eancia os jovens por um mundo unido de outras cidades do Egito, como Cairo e Sohag. \u201cAgora \u2013 conclui o Abdo \u2013 alguns eritreus j\u00e1 voltaram ao seu pa\u00eds, mas novos prisioneiros chegaram ao c\u00e1rcere, v\u00edtimas da mesma trama. Muitas vezes sentimos a impot\u00eancia por n\u00e3o poder fazer e dar mais, mas confiamos tudo a Deus que \u00e9 poderoso. N\u00f3s continuamos a dar a nossa pequena contribui\u00e7\u00e3o para construir um mundo mais unido e fraterno\u201d.<\/p>\n","protected":false},"excerpt":{"rendered":"<p>O empenho de trabalhar pela unidade, aspira\u00e7\u00e3o inscrita no cora\u00e7\u00e3o do homem, abre pistas e alivia feridas e sofrimentos. A experi\u00eancia de um grupo de jovens eg\u00edpcios dos Focolares com os refugiados da Eritreia, Eti\u00f3pia, Sud\u00e3o.<\/p>\n","protected":false},"author":34,"featured_media":0,"comment_status":"open","ping_status":"open","sticky":false,"template":"","format":"standard","meta":{"give_campaign_id":0,"_seopress_robots_primary_cat":"","_seopress_titles_title":"","_seopress_titles_desc":"","_seopress_robots_index":"","_et_pb_use_builder":"","_et_pb_old_content":"","_et_gb_content_width":"","footnotes":""},"categories":[909],"tags":[],"class_list":["post-346196","post","type-post","status-publish","format-standard","hentry","category-focolare-worldwide-2-4"],"_links":{"self":[{"href":"https:\/\/www.focolare.org\/pt-pt\/wp-json\/wp\/v2\/posts\/346196","targetHints":{"allow":["GET"]}}],"collection":[{"href":"https:\/\/www.focolare.org\/pt-pt\/wp-json\/wp\/v2\/posts"}],"about":[{"href":"https:\/\/www.focolare.org\/pt-pt\/wp-json\/wp\/v2\/types\/post"}],"author":[{"embeddable":true,"href":"https:\/\/www.focolare.org\/pt-pt\/wp-json\/wp\/v2\/users\/34"}],"replies":[{"embeddable":true,"href":"https:\/\/www.focolare.org\/pt-pt\/wp-json\/wp\/v2\/comments?post=346196"}],"version-history":[{"count":0,"href":"https:\/\/www.focolare.org\/pt-pt\/wp-json\/wp\/v2\/posts\/346196\/revisions"}],"wp:attachment":[{"href":"https:\/\/www.focolare.org\/pt-pt\/wp-json\/wp\/v2\/media?parent=346196"}],"wp:term":[{"taxonomy":"category","embeddable":true,"href":"https:\/\/www.focolare.org\/pt-pt\/wp-json\/wp\/v2\/categories?post=346196"},{"taxonomy":"post_tag","embeddable":true,"href":"https:\/\/www.focolare.org\/pt-pt\/wp-json\/wp\/v2\/tags?post=346196"}],"curies":[{"name":"wp","href":"https:\/\/api.w.org\/{rel}","templated":true}]}}