{"id":346224,"date":"2013-11-04T05:00:29","date_gmt":"2013-11-04T04:00:29","guid":{"rendered":"https:\/\/www.focolare.org\/a-humanidade-uma-unica-familia\/"},"modified":"2024-06-06T12:22:36","modified_gmt":"2024-06-06T10:22:36","slug":"a-humanidade-uma-unica-familia","status":"publish","type":"post","link":"https:\/\/www.focolare.org\/pt-pt\/a-humanidade-uma-unica-familia\/","title":{"rendered":"A humanidade, uma \u00fanica fam\u00edlia"},"content":{"rendered":"<p><img alt=\"\" alt=\"\" loading=\"lazy\" decoding=\"async\" class=\"size-full wp-image-95571 alignleft\" style=\"margin-right: 10px\" src=\"https:\/\/www.focolare.org\/wp-content\/uploads\/2013\/11\/20131104-01.jpg\" alt=\"\" width=\"225\" height=\"224\" \/><\/p>\n<p><strong>Ap\u00f3s ter agradecido a atribui\u00e7\u00e3o do prestigioso pr\u00eamio ao Movimento dos Focolares<\/strong>, \u201cum instrumento para fomentar nesta nossa \u00e9poca \u2013 ao lado de muitas outras benem\u00e9ritas e preciosas organiza\u00e7\u00f5es, iniciativas, obras \u2013 a unidade e a paz no nosso planeta\u201d, <a href=\"https:\/\/www.focolare.org\/pt\/chiara-lubich\/\">Chiara Lubich<\/a> delineia a espiritualidade da unidade:<\/p>\n<p><strong>\u201cEla consiste numa nova linha de vida<\/strong>, num novo estilo adotado por milh\u00f5es de pessoas que, inspirando-se fundamentalmente em princ\u00edpios crist\u00e3os &#8211; sem abandonar, ali\u00e1s, evidenciando valores paralelos presentes em cren\u00e7as e culturas diferentes -, deu a este mundo, ansioso por reencontrar ou consolidar a paz, justamente a paz e a unidade.<\/p>\n<p>Trata-se de uma nova espiritualidade, atual e moderna: a espiritualidade da unidade. Mas a unidade e a paz, que \u00e9 uma sua consequ\u00eancia, s\u00e3o assuntos atuais?<\/p>\n<p>Lan\u00e7a suas ra\u00edzes em algumas frases do Evangelho, que se encadeiam umas \u00e0s outras. Cito aqui somente algumas.<\/p>\n<p>Sup\u00f5e, em primeiro lugar, que aqueles que vivem essa espiritualidade reconhe\u00e7am Deus profundamente por aquilo que Ele \u00e9:<strong> Amor, Pai<\/strong><\/p>\n<p>Como se poderia pensar na paz e na unidade no mundo sem a vis\u00e3o de toda a humanidade como uma \u00fanica fam\u00edlia?<\/p>\n<p><strong>E como v\u00ea-la tal sem a presen\u00e7a de um Pai para todos?<\/strong><\/p>\n<p>Pede, portanto, que se abra o cora\u00e7\u00e3o a Deus Pai, que n\u00e3o abandona certamente os filhos ao pr\u00f3prio destino, mas quer acompanhar, proteger, ajud\u00e1-los; que, porque conhece o homem no mais \u00edntimo do seu ser, acompanha cada um em todos os particulares; conta at\u00e9 os cabelos da sua cabe\u00e7a&#8230; que n\u00e3o sobrecarrega de pesos os seus ombros, mas \u00e9 o primeiro a carreg\u00e1-los.<\/p>\n<p>Ele n\u00e3o deixa unicamente nas m\u00e3os dos homens a renova\u00e7\u00e3o da sociedade, mas tamb\u00e9m \u00e9 o seu autor.<\/p>\n<p>Acreditar no seu amor \u00e9 um imperativo nesta nova espiritualidade; acreditar que somos amados por Ele de maneira pessoal e imensamente.<\/p>\n<p><strong>Acreditar.<\/strong><\/p>\n<p><img alt=\"\" alt=\"\" loading=\"lazy\" decoding=\"async\" class=\"size-full wp-image-95581 alignleft\" style=\"margin-right: 10px\" src=\"https:\/\/www.focolare.org\/wp-content\/uploads\/2013\/11\/20131104-02.jpg\" alt=\"\" width=\"314\" height=\"210\" \/><\/p>\n<p>E, entre as mil possibilidades, que a exist\u00eancia oferece, escolh\u00ea-lo como Ideal de vida. Colocar-se inteligentemente naquela atitude que cada homem assumir\u00e1 no futuro, quando alcan\u00e7ar\u00e1 o destino para o qual foi chamado: a Eternidade.<\/p>\n<p>Mas \u00e9 claro que n\u00e3o basta acreditar no amor de Deus, n\u00e3o basta ter feito a grande escolha dele como Ideal. A presen\u00e7a e as aten\u00e7\u00f5es de um Pai para com todos, convida cada um a agir como filho, a amar por sua vez o Pai, a atuar cada dia aquele especial des\u00edgnio de amor que o Pai tem para cada um, a fazer a sua vontade.<\/p>\n<p>E sabemos que a primeira vontade de um pai \u00e9 que os filhos se tratem como irm\u00e3os, que se queiram bem, que se amem, quer que conhe\u00e7am e pratiquem o que pode ser definido como &#8220;<strong>a arte de amar&#8221;.<\/strong><\/p>\n<p>A sua vontade \u00e9 que se ame a todos como a si mesmos, porque &#8220;Eu e voc\u00ea &#8211; dizia Gandhi &#8211; nada mais somos que uma coisa s\u00f3. N\u00e3o posso machuc\u00e1-lo sem me ferir&#8221;.<\/p>\n<p>Quer que sejamos os primeiros a amar, sem esperar que os outros nos amem.<\/p>\n<p>Significa saber &#8220;fazer-se um&#8221; com os outros, isto \u00e9, assumir os seus pesos, os seus pensamentos, os seus sofrimentos, as suas alegrias.<\/p>\n<p>Mas, uma vez que este amor dirigido ao outro \u00e9 vivido por uma pluralidade de pessoas, <strong>torna-se rec\u00edproco.<\/strong><\/p>\n<p>E Cristo, o &#8220;Filho&#8221; por excel\u00eancia do Pai, o Irm\u00e3o de cada homem, deixou como norma para a humanidade o amor rec\u00edproco. Ele sabia que esse amor era necess\u00e1rio para que exista a paz e a unidade no mundo, para que todos formem uma \u00fanica fam\u00edlia.<\/p>\n<p>\u00c9 evidente que, para qualquer pessoa que tente remover as montanhas do \u00f3dio e da viol\u00eancia, a luta \u00e9 enorme e \u00e1rdua. Mas o que \u00e9 imposs\u00edvel para milh\u00f5es de homens isolados e divididos, pode se tornar poss\u00edvel para pessoas que fizeram do amor rec\u00edproco, da compreens\u00e3o rec\u00edproca, da unidade a motiva\u00e7\u00e3o essencial da pr\u00f3pria vida\u201d.<\/p>\n<p>Ler tudo: <a href=\"http:\/\/www.centrochiaralubich.org\/pt\/documentos\/textos\/146-scritto-pt\/1342-discurso-por-ocasiao-da-entrega-do-premio-unesco-educacao-a-paz.html\" target=\"_blank\" rel=\"noopener\">Centro Chiara Lubich<\/a><\/p>\n","protected":false},"excerpt":{"rendered":"<p>No dia 17 de dezembro de 1996, em Paris, foi entregue a Chiara Lubich o Pr\u00eamio UNESCO pela Educa\u00e7\u00e3o \u00e0 Paz. Propomos o seu discurso, proferido naquela ocasi\u00e3o.<\/p>\n","protected":false},"author":27,"featured_media":0,"comment_status":"open","ping_status":"open","sticky":false,"template":"","format":"standard","meta":{"give_campaign_id":0,"_seopress_robots_primary_cat":"","_seopress_titles_title":"","_seopress_titles_desc":"","_seopress_robots_index":"","_et_pb_use_builder":"","_et_pb_old_content":"","_et_gb_content_width":"","footnotes":""},"categories":[129],"tags":[],"class_list":["post-346224","post","type-post","status-publish","format-standard","hentry","category-sem-categoria"],"_links":{"self":[{"href":"https:\/\/www.focolare.org\/pt-pt\/wp-json\/wp\/v2\/posts\/346224","targetHints":{"allow":["GET"]}}],"collection":[{"href":"https:\/\/www.focolare.org\/pt-pt\/wp-json\/wp\/v2\/posts"}],"about":[{"href":"https:\/\/www.focolare.org\/pt-pt\/wp-json\/wp\/v2\/types\/post"}],"author":[{"embeddable":true,"href":"https:\/\/www.focolare.org\/pt-pt\/wp-json\/wp\/v2\/users\/27"}],"replies":[{"embeddable":true,"href":"https:\/\/www.focolare.org\/pt-pt\/wp-json\/wp\/v2\/comments?post=346224"}],"version-history":[{"count":0,"href":"https:\/\/www.focolare.org\/pt-pt\/wp-json\/wp\/v2\/posts\/346224\/revisions"}],"wp:attachment":[{"href":"https:\/\/www.focolare.org\/pt-pt\/wp-json\/wp\/v2\/media?parent=346224"}],"wp:term":[{"taxonomy":"category","embeddable":true,"href":"https:\/\/www.focolare.org\/pt-pt\/wp-json\/wp\/v2\/categories?post=346224"},{"taxonomy":"post_tag","embeddable":true,"href":"https:\/\/www.focolare.org\/pt-pt\/wp-json\/wp\/v2\/tags?post=346224"}],"curies":[{"name":"wp","href":"https:\/\/api.w.org\/{rel}","templated":true}]}}