{"id":346262,"date":"2013-11-19T04:00:06","date_gmt":"2013-11-19T03:00:06","guid":{"rendered":"https:\/\/www.focolare.org\/rod-gorton-amar-nos-uns-aos-outros-o-apice-da-caridade\/"},"modified":"2024-06-06T12:22:42","modified_gmt":"2024-06-06T10:22:42","slug":"rod-gorton-amar-nos-uns-aos-outros-o-apice-da-caridade","status":"publish","type":"post","link":"https:\/\/www.focolare.org\/pt-pt\/rod-gorton-amar-nos-uns-aos-outros-o-apice-da-caridade\/","title":{"rendered":"Rod Gorton: amar-nos uns aos outros, o \u00e1pice da caridade"},"content":{"rendered":"<p><strong><img alt=\"\" alt=\"\" loading=\"lazy\" decoding=\"async\" class=\"wp-image-96343 alignleft\" style=\"margin-right: 10px\" src=\"https:\/\/www.focolare.org\/wp-content\/uploads\/2013\/11\/RodGorton_2.jpg\" alt=\"\" width=\"355\" height=\"209\" \/>Rod Gorton, <a href=\"https:\/\/www.focolare.org\/pt\/movimento-dei-focolari\/scelte-e-impegno\/focolarini\/\" target=\"_blank\" rel=\"noopener\">focolarino casado<\/a>, deixou-nos dia 14 de novembro passado<\/strong>, v\u00edtima de um acidente, quando estava fazendo um ato de amor. Nasceu em Boston (<a href=\"https:\/\/www.focolare.org\/pt\/focolare-worldwide\/america-nord-e-centrale\/stati-uniti\/\" target=\"_blank\" rel=\"noopener\">USA<\/a>), em 1933, conheceu o <a href=\"https:\/\/www.focolare.org\/pt\/chiara-lubich\/spiritualita-dellunita\/\" target=\"_blank\" rel=\"noopener\">Ideal da unidade<\/a> na d\u00e9cada de 1960.  <strong>A sua inf\u00e2ncia foi marcada pela separa\u00e7\u00e3o dos pais<\/strong>: \u201cAos seis anos eu estava sem um pai e, por causa do ambiente familiar, sem Deus\u201d. Neste per\u00edodo o que o ajudava era a paix\u00e3o pela m\u00fasica.  <strong>Aos 20 anos entrou na Academia Naval<\/strong> para tornar-se oficial da Marinha dos Estados Unidos. O regulamento previa a obriga\u00e7\u00e3o de frequentar as celebra\u00e7\u00f5es dominicais de uma igreja, \u00e0 escolha, e foi assim que, pela primeira vez, Rod escutou falar de Deus. Brotaram nele os primeiros questionamentos, e se perguntava: \u201cS\u00e3o todos loucos? Ou o louco sou eu?\u201d.  Depois de uma busca cheia de d\u00favidas apercebeu-se que algo nele havia mudado: \u201cEu acreditava!\u201d. Mas logo descobriu as contradi\u00e7\u00f5es daquela nova vida, porque n\u00e3o encontrava pessoas que levassem o Evangelho a s\u00e9rio.  <strong>Tornou-se oficial da marinha e come\u00e7ou a viajar pelo mundo<\/strong>. Atra\u00eddo pelos mission\u00e1rios que encontrava nos diversos pa\u00edses, depois de quatro anos entrou no semin\u00e1rio para tornar-se sacerdote e mission\u00e1rio. Mas a sua busca continuava.  <div id=\"attachment_96344\" style=\"width: 366px\" class=\"wp-caption alignright\"><a href=\"https:\/\/www.focolare.org\/wp-content\/uploads\/2013\/11\/20131119-03.jpg\"><img alt=\"\" alt=\"\" loading=\"lazy\" decoding=\"async\" aria-describedby=\"caption-attachment-96344\" class=\"wp-image-96344  \" style=\"margin-left: 10px\" src=\"https:\/\/www.focolare.org\/wp-content\/uploads\/2013\/11\/20131119-03.jpg\" alt=\"\" width=\"356\" height=\"238\" \/><\/a><p id=\"caption-attachment-96344\" class=\"wp-caption-text\">Rod com Chiara Lubich durante a sua visita a Loppiano em 1971<\/p><\/div>  <strong>Lendo, por acaso, a revista <a href=\"http:\/\/www.livingcitymagazine.com\/\" target=\"_blank\" rel=\"noopener\"><em>Living City<\/em><\/a><\/strong> (edi\u00e7\u00e3o americana de Cidade Nova, ndt.) <strong>encontrou um artigo de <a href=\"https:\/\/www.focolare.org\/pt\/chiara-lubich\/chi-e-chiara\/\" target=\"_blank\" rel=\"noopener\">Chiara Lubich<\/a><\/strong><a href=\"https:\/\/www.focolare.org\/pt\/chiara-lubich\/chi-e-chiara\/\" target=\"_blank\" rel=\"noopener\">:<\/a> \u201cSe queres conquistar uma cidade ao amor de Cristo&#8230; toma alguns amigos que tenham os teus mesmos sentimentos, une-te a eles em nome de Cristo&#8230; prometei um ao outro amor perp\u00e9tuo e constante&#8230;\u201d. <strong>Era o que ele havia procurado toda a sua vida<\/strong>. Na revista havia tamb\u00e9m um convite para uma Mari\u00e1polis e l\u00e1 foi fortemente tocado pela realidade de fam\u00edlia que encontrou entre todos: \u201cBrancos, negros e amarelos, jovens e anci\u00e3os, ricos, pobres&#8230; o Evangelho era a base de tudo, para todos\u201d.  <strong>Em novembro de 1966 foi para a <a href=\"https:\/\/www.focolare.org\/pt\/all-opera\/cittadelle\/\" target=\"_blank\" rel=\"noopener\">Mari\u00e1polis <\/a>de Loppiano<\/strong> onde, por seis anos, fez parte do grupo musical Gen Rosso. Tocava muito bem viol\u00e3o, trumpete e gaita. Aludindo \u00e0s promessas evang\u00e9licas escreveu: \u201cEu encontrei o c\u00eantuplo em pais, irm\u00e3os, casas, e a mais eu conheci o meu Deus: <a href=\"https:\/\/www.focolare.org\/pt\/chiara-lubich\/spiritualita-dellunita\/gesu-abbandonato\/\" target=\"_blank\" rel=\"noopener\">Jesus em seu abandono<\/a>. Ele [que transformou o sofrimento em amor] iluminou cada porqu\u00ea da minha vida e nele encontrei a \u2018chave\u2019 para formar uma fam\u00edlia\u201d. Com simplicidade e arg\u00facia Rod estava sempre em doa\u00e7\u00e3o, muito atento \u00e0s necessidades dos outros, caracter\u00edsticas que manteve a vida inteira.  <div id=\"attachment_96341\" style=\"width: 374px\" class=\"wp-caption alignleft\"><a href=\"https:\/\/www.focolare.org\/wp-content\/uploads\/2013\/11\/20131119-05.jpg\"><img alt=\"\" alt=\"\" loading=\"lazy\" decoding=\"async\" aria-describedby=\"caption-attachment-96341\" class=\"wp-image-96341 \" style=\"margin-right: 10px\" src=\"https:\/\/www.focolare.org\/wp-content\/uploads\/2013\/11\/20131119-05.jpg\" alt=\"\" width=\"364\" height=\"243\" \/><\/a><p id=\"caption-attachment-96341\" class=\"wp-caption-text\">A fam\u00edlia Gorton<\/p><\/div>  <strong>Um dia conheceu Mazia, da <a href=\"https:\/\/www.focolare.org\/pt\/focolare-worldwide\/europa\/austria\/\" target=\"_blank\" rel=\"noopener\">\u00c1ustria<\/a><\/strong>. \u201cN\u00f3s nos entendemos com poucas palavras; t\u00ednhamos, todos dois, a mesma chama no cora\u00e7\u00e3o: formar um fam\u00edlia para Deus\u201d. E escreveu a Chiara Lubich: \u201cPorque eu disse primeiro um sim a Deus, posso dizer sim a Mazia\u201d. <strong>Rod e Mazia casaram-se em janeiro de 1972<\/strong> no Centro do Movimento, em Rocca di Papa, durante um encontro para focolarinos casados. Entre as testemunhas do casamento estavam <a href=\"https:\/\/www.focolare.org\/pt\/chiara-lubich\/chi-e-chiara\/igino-giordani\/\" target=\"_blank\" rel=\"noopener\">Igino Giordani<\/a>, <a href=\"https:\/\/www.focolare.org\/pt\/news\/2011\/11\/23\/spartaco-lucarini-%E2%80%9Ccoraggio%E2%80%9D\/\" target=\"_blank\" rel=\"noopener\">Spartaco Lucarini<\/a> e Chiara Lubich, que sugeriu para a nova fam\u00edlia uma <a href=\"https:\/\/www.focolare.org\/pt\/chiara-lubich\/spiritualita-dellunita\/la-parola\/\" target=\"_blank\" rel=\"noopener\">Palavra de Vida<\/a>: \u201cAmai-vos uns aos outros como eu vos amei\u201d (Jo 13,34).  <strong>Tiveram seis filhos: Cielo, Clarence, Sara, Peter, Giovanna e Pina<\/strong>. Sempre dispon\u00edveis e generosos doavam-se inteiramente nas muitas atividades da Mari\u00e1polis de Loppiano, onde residiam, especialmente no acompanhamento das centenas de fam\u00edlias que passam por l\u00e1. O amor e o testemunho deles foi marcante para muitas pessoas.  \u201cAgora pensamos que Rod est\u00e1 na alegria que n\u00e3o termina \u2013 escreveu <a href=\"https:\/\/www.focolare.org\/pt\/news\/2011\/01\/20\/maria-voce\/\" target=\"_blank\" rel=\"noopener\">Maria Voce<\/a> \u2013, certos de que do C\u00e9u continuar\u00e1 a acompanhar Mazia e os seus filhos que tanto amou\u201d. Como pensamos que acompanhar\u00e1 todos n\u00f3s que estamos a caminho, trabalhando, como ele fez, pela fraternidade universal.<\/p>\n","protected":false},"excerpt":{"rendered":"<p>Oficial da Marinha dos Estados Unidos, musicista, pai de seis filhos; com a esposa, Mazia, foi um dos primeiros pilares da escola de fam\u00edlias, na Mari\u00e1polis de Loppiano. Rod deixou-nos nos dia 14 de novembro passado.<\/p>\n","protected":false},"author":34,"featured_media":0,"comment_status":"open","ping_status":"open","sticky":false,"template":"","format":"standard","meta":{"give_campaign_id":0,"_seopress_robots_primary_cat":"","_seopress_titles_title":"","_seopress_titles_desc":"","_seopress_robots_index":"","_et_pb_use_builder":"","_et_pb_old_content":"","_et_gb_content_width":"","footnotes":""},"categories":[909],"tags":[],"class_list":["post-346262","post","type-post","status-publish","format-standard","hentry","category-focolare-worldwide-2-4"],"_links":{"self":[{"href":"https:\/\/www.focolare.org\/pt-pt\/wp-json\/wp\/v2\/posts\/346262","targetHints":{"allow":["GET"]}}],"collection":[{"href":"https:\/\/www.focolare.org\/pt-pt\/wp-json\/wp\/v2\/posts"}],"about":[{"href":"https:\/\/www.focolare.org\/pt-pt\/wp-json\/wp\/v2\/types\/post"}],"author":[{"embeddable":true,"href":"https:\/\/www.focolare.org\/pt-pt\/wp-json\/wp\/v2\/users\/34"}],"replies":[{"embeddable":true,"href":"https:\/\/www.focolare.org\/pt-pt\/wp-json\/wp\/v2\/comments?post=346262"}],"version-history":[{"count":0,"href":"https:\/\/www.focolare.org\/pt-pt\/wp-json\/wp\/v2\/posts\/346262\/revisions"}],"wp:attachment":[{"href":"https:\/\/www.focolare.org\/pt-pt\/wp-json\/wp\/v2\/media?parent=346262"}],"wp:term":[{"taxonomy":"category","embeddable":true,"href":"https:\/\/www.focolare.org\/pt-pt\/wp-json\/wp\/v2\/categories?post=346262"},{"taxonomy":"post_tag","embeddable":true,"href":"https:\/\/www.focolare.org\/pt-pt\/wp-json\/wp\/v2\/tags?post=346262"}],"curies":[{"name":"wp","href":"https:\/\/api.w.org\/{rel}","templated":true}]}}