{"id":346448,"date":"2014-01-28T04:00:26","date_gmt":"2014-01-28T03:00:26","guid":{"rendered":"https:\/\/www.focolare.org\/evangelho-vivido-um-contributo-para-a-unidade-dos-cristaos\/"},"modified":"2024-06-06T12:23:18","modified_gmt":"2024-06-06T10:23:18","slug":"evangelho-vivido-um-contributo-para-a-unidade-dos-cristaos","status":"publish","type":"post","link":"https:\/\/www.focolare.org\/pt-pt\/evangelho-vivido-um-contributo-para-a-unidade-dos-cristaos\/","title":{"rendered":"Evangelho vivido: um contributo para a unidade dos crist\u00e3os"},"content":{"rendered":"<p><strong><img alt=\"\" alt=\"\" loading=\"lazy\" decoding=\"async\" class=\"wp-image-99958 alignright\" style=\"margin-bottom: 5px;margin-left: 10px\" src=\"https:\/\/www.focolare.org\/wp-content\/uploads\/2014\/01\/Finanziamenti-per-imprenditori-immigrati-400x200.jpg\" alt=\"\" width=\"224\" height=\"112\" \/>Livres de preconceitos<\/strong><\/p>\n<p>Com uma pequena e viva comunidade evang\u00e9lica metodista da nossa cidade decidimos colocar-nos ao servi\u00e7o dos numerosos imigrantes do Norte da \u00c1frica que vivem no nosso territ\u00f3rio, como os tunisinos que trabalham na sericultura, os senegaleses e os marroquinos que trabalham como vendedores ambulantes&#8230; Muitos deles n\u00e3o t\u00eam uma refei\u00e7\u00e3o quente durante a semana. Assim, come\u00e7amos um servi\u00e7o de cantina e convidamos os imigrantes que semanalmente frequentam o mercado. Por turnos fazemos as compras, cozinhamos, servimos e fazemos as refei\u00e7\u00f5es com eles. Entre um prato e outro vemos cair os preconceitos.<\/p>\n<p> S. F.- <a href=\"https:\/\/www.focolare.org\/pt\/focolare-worldwide\/europa\/italia\/\" target=\"_blank\" rel=\"noopener\">It\u00e1lia<\/a><\/p>\n<p><strong>Uma semente de unidade<\/strong><\/p>\n<p> Estando hospitalizado para uma pequena cirurgia, li um livro que a minha namorada me tinha dado. Trazia epis\u00f3dios do Evangelho vivido, muitos bonitos, mas dentro de mim pensava: \u00ab\u00c9 imposs\u00edvel viver assim\u00bb. Depois, ela fez-me conhecer algumas destas pessoas, e falando com elas entendi e vi que, na verdade, era poss\u00edvel. Abriu-se um caminho novo para n\u00f3s. Casamo-nos para formar uma fam\u00edlia aberta aos outros. Eu n\u00e3o era praticante, mesmo pertencendo \u00e0 igreja evang\u00e9lica, enquanto a Anna \u00e9 cat\u00f3lica. Quando comecei a viver o Evangelho, entendi que deveria procurar testemunhar esta vida, antes de tudo, na minha Igreja. Procurei fazer isto. Estabeleci relacionamentos novos com muitas pessoas e agora fa\u00e7o parte do conselho paroquial. Com a nossa vida, queremos mostrar aos nossos filhos e a todos a beleza do cristianismo, sendo como fam\u00edlia uma semente de unidade.<\/p>\n<p> D. J. K. &#8211; <a href=\"https:\/\/www.focolare.org\/pt\/focolare-worldwide\/europa\/germania\/\" target=\"_blank\" rel=\"noopener\">Alemanha<\/a><\/p>\n<p><strong>A paz<\/strong><\/p>\n<p> Os conflitos cada vez mais violentos no nosso pa\u00eds tinham suscitado em mim um grande sentimento de revolta e raiva. Sofria pela minha impot\u00eancia diante de tantas injusti\u00e7as e sofrimentos. Via pessoas inocentes morrerem, fam\u00edlias serem expulsas de casa, cidades destru\u00eddas. Tinha a impress\u00e3o de distanciar-me cada vez mais de Deus, como se experimentasse uma esp\u00e9cie de morte interior. Uma noite, falando com a minha esposa sobre o meu estado de \u00e2nimo, ela prop\u00f4s-me fazer ainda um esfor\u00e7o de vontade e, na manh\u00e3 seguinte, ir acolher algumas fam\u00edlias de refugiados que tinham abandonado a sua cidade devastada. Fomos e uma destas fam\u00edlias, com tr\u00eas filhos, veio para a nossa casa. A paz voltou ao meu cora\u00e7\u00e3o.<\/p>\n<p> J.P. &#8211; <a href=\"https:\/\/www.focolare.org\/pt\/focolare-worldwide\/asia\/libano\/\" target=\"_blank\" rel=\"noopener\">L\u00edbano<\/a><\/p>\n<p><strong>Fonte:<\/strong> <em>Il Vangelo del giorno<\/em><em>, <\/em>Editora <em>Citt\u00e0 Nuova<\/em><\/p>\n","protected":false},"excerpt":{"rendered":"<p>Viver a Palavra de Deus provoca uma mudan\u00e7a de mentalidade, em todas as latitudes. Alguns epis\u00f3dios breves de tr\u00eas pa\u00edses.<\/p>\n","protected":false},"author":27,"featured_media":0,"comment_status":"open","ping_status":"open","sticky":false,"template":"","format":"standard","meta":{"give_campaign_id":0,"_seopress_robots_primary_cat":"","_seopress_titles_title":"","_seopress_titles_desc":"","_seopress_robots_index":"","_et_pb_use_builder":"","_et_pb_old_content":"","_et_gb_content_width":"","footnotes":""},"categories":[909],"tags":[],"class_list":["post-346448","post","type-post","status-publish","format-standard","hentry","category-focolare-worldwide-2-4"],"_links":{"self":[{"href":"https:\/\/www.focolare.org\/pt-pt\/wp-json\/wp\/v2\/posts\/346448","targetHints":{"allow":["GET"]}}],"collection":[{"href":"https:\/\/www.focolare.org\/pt-pt\/wp-json\/wp\/v2\/posts"}],"about":[{"href":"https:\/\/www.focolare.org\/pt-pt\/wp-json\/wp\/v2\/types\/post"}],"author":[{"embeddable":true,"href":"https:\/\/www.focolare.org\/pt-pt\/wp-json\/wp\/v2\/users\/27"}],"replies":[{"embeddable":true,"href":"https:\/\/www.focolare.org\/pt-pt\/wp-json\/wp\/v2\/comments?post=346448"}],"version-history":[{"count":0,"href":"https:\/\/www.focolare.org\/pt-pt\/wp-json\/wp\/v2\/posts\/346448\/revisions"}],"wp:attachment":[{"href":"https:\/\/www.focolare.org\/pt-pt\/wp-json\/wp\/v2\/media?parent=346448"}],"wp:term":[{"taxonomy":"category","embeddable":true,"href":"https:\/\/www.focolare.org\/pt-pt\/wp-json\/wp\/v2\/categories?post=346448"},{"taxonomy":"post_tag","embeddable":true,"href":"https:\/\/www.focolare.org\/pt-pt\/wp-json\/wp\/v2\/tags?post=346448"}],"curies":[{"name":"wp","href":"https:\/\/api.w.org\/{rel}","templated":true}]}}