{"id":346458,"date":"2014-02-01T04:02:26","date_gmt":"2014-02-01T03:02:26","guid":{"rendered":"https:\/\/www.focolare.org\/filipinas-a-fe-dos-mais-pequeninos\/"},"modified":"2024-06-06T12:23:20","modified_gmt":"2024-06-06T10:23:20","slug":"filipinas-a-fe-dos-mais-pequeninos","status":"publish","type":"post","link":"https:\/\/www.focolare.org\/pt-pt\/filipinas-a-fe-dos-mais-pequeninos\/","title":{"rendered":"Filipinas: a f\u00e9 dos mais pequeninos"},"content":{"rendered":"<p><strong>Micha Jane e Ryan<\/strong> moram com a fam\u00edlia deles em <strong>Tacloban<\/strong>, capital da Prov\u00edncia de Leyte, ilha central do sudeste das Filipinas, uma das cidades mais atingidas pelo <a href=\"https:\/\/www.focolare.org\/pt\/news\/2013\/12\/13\/filippine-dal-vivo\/\" target=\"_blank\" rel=\"noopener\">tuf\u00e3o <\/a>do dia 8 de novembro de 2013. Sobre o n\u00famero de habitantes, 200.000, calculam-se mais de 10.000 mortos.<\/p>\n<p><strong>Estas duas<\/strong> <a href=\"https:\/\/www.focolare.org\/pt\/movimento-dei-focolari\/un-popolo\/rpu\/\" target=\"_blank\" rel=\"noopener\">crian\u00e7as <\/a>que, juntamente com os pais, s\u00e3o membros da comunidade local do <a href=\"https:\/\/www.focolare.org\/pt\/movimento-dei-focolari\/\" target=\"_blank\" rel=\"noopener\">Movimento dos Focolares<\/a>, t\u00eam uma lembran\u00e7a muito viva daquela trag\u00e9dia. \u201cEu n\u00e3o sei dizer quantas vezes n\u00f3s, toda a fam\u00edlia reunida, rezamos o ter\u00e7o \u2013 nos conta <strong>Ryan<\/strong> \u2013 e, depois que passou o furac\u00e3o, s\u00f3 o teto da nossa casa ficou danificado\u201d. E <strong>Micha Jane<\/strong>: \u201cMeu pai nos abrigou no banheiro porque \u00e9 a \u00fanica parte da casa constru\u00edda com tijolos e cimento; todas as vezes que a casa tremia e os objetos batiam do lado de fora da parede do banheiro, eu tinha a impress\u00e3o de ser atingida. Ent\u00e3o eu comecei a concentrar-me na ora\u00e7\u00e3o e senti que, aos poucos, o meu medo desapareceu\u201d.<\/p>\n<p><strong>Era j\u00e1 noite quando cessou o furac\u00e3o<\/strong>. \u201cEspalharam-se not\u00edcias de roubos nas casas, de pessoas mortas; mais uma vez, encontramos a for\u00e7a de pedir ajuda a Deus e, ao mesmo tempo, compreendemos que dever\u00edamos ser mais prudentes e cautelosos\u201d.<img alt=\"\" alt=\"\" loading=\"lazy\" decoding=\"async\" class=\"alignright size-full wp-image-100165\" style=\"margin: 5px;border: 0px none\" src=\"https:\/\/www.focolare.org\/wp-content\/uploads\/2014\/02\/Manila-4.jpg\" alt=\"\" width=\"312\" height=\"183\" \/><\/p>\n<p><strong>Os dias seguintes<\/strong> foram muitos dif\u00edceis. Um vento fort\u00edssimo arrancou tetos, destruiu casas, derrubou arvores e causou ondas gigantescas no oceano que, em poucos minutos, submergiram uma parte da cidade.<\/p>\n<p>Faltava eletricidade e \u00e1gua; os meios de comunica\u00e7\u00e3o foram danificados e n\u00e3o foi poss\u00edvel comunicar nem pelo celular. Os contatos telef\u00f4nicos s\u00f3 voltaram muitos dias depois.<\/p>\n<p><strong>Micha Jane <\/strong><strong>continua o seu relato<\/strong>: \u201cDurante a noite reinava um grande sil\u00eancio e, vez ou outra, n\u00f3s ouv\u00edamos disparos. A maioria dos nossos vizinhos e amigos abandonou a cidade e foi para Cebu ou Manila, com os avi\u00f5es militares. Alguns parentes tentaram convencer o meu pai a abandonar a cidade. Mas, ele e minha m\u00e3e, ao inv\u00e9s, decidiram permanecer. Eles nos explicaram que optaram por assumir a responsabilidade de socorrer as pessoas que estavam passando dificuldades. Durante v\u00e1rios dias n\u00f3s ajudamos o papai e a mam\u00e3e a distribuir os bens de primeira necessidade que come\u00e7amos a receber e fomos visitar os sobreviventes do furac\u00e3o\u201d.<\/p>\n<p><strong>Ryan continua<\/strong>: \u201cEu pensei que ficaria abatido pela falta da Internet e da televis\u00e3o&#8230; mas, ao contr\u00e1rio, eu me dei conta que visitar as pessoas e am\u00e1-las nos traz alegria e vida\u201d. <strong>Micha Jane confirma<\/strong>: \u201cA nossa vida tornou-se ainda mais simples. Meu irm\u00e3o limpa o ch\u00e3o da casa, eu recolho e dobro a roupa que a mam\u00e3e lava. N\u00f3s fizemos uma tabela para lavar os pratos: o meu turno \u00e9 depois do caf\u00e9 da manh\u00e3 e o do meu irm\u00e3o \u00e9 ap\u00f3s o almo\u00e7o. N\u00f3s encontramos a verdadeira alegria ajudando-nos! Os nossos dias s\u00e3o cheios de atividades e nos sentimos bem com isso. Eu entendi que a verdadeira felicidade \u00e9 amar as pessoas!\u201d.<\/p>\n<p><strong>N\u00e3o foi ainda superada a situa\u00e7\u00e3o de emerg\u00eancia nas regi\u00f5es mais atingidas. <\/strong>Terminada a fase de primeiros socorros, inclusive com a ajuda da <a href=\"http:\/\/www.amu-it.eu\/2013\/12\/20\/emergenza-tifone-filippine\/?lang=it\" target=\"_blank\" rel=\"noopener\">AMU<\/a> (A\u00e7\u00e3o por um Mundo Unido, ONG) e da <a href=\"http:\/\/www.famiglienuove.org\/it\/news_dettaglio.php?p=423&amp;more=1\" target=\"_blank\" rel=\"noopener\">AFN<\/a> (A\u00e7\u00e3o por Fam\u00edlias Novas, ONLUS), ambas dos Focolares, teve in\u00edcio o projeto de restaura\u00e7\u00e3o e de reconstru\u00e7\u00e3o de cerca quarenta casas. A convic\u00e7\u00e3o destas fam\u00edlias, a come\u00e7ar pelas crian\u00e7as, \u00e9 que a pot\u00eancia do Evangelho e da ora\u00e7\u00e3o feita juntos realizar\u00e1 tudo o que \u00e9 ainda necess\u00e1rio.<\/p>\n<p><img loading=\"lazy\" decoding=\"async\" class=\"alignleft\" style=\"margin-right: 10px\" src=\"https:\/\/www.focolare.org\/wp-content\/uploads\/2013\/11\/admin-ajax.php_2.png\" alt=\"\" width=\"176\" height=\"120\" \/><strong>Como doar:<\/strong><\/p>\n<p><strong>Associazione Azione per un Mondo Unito \u2013 Onlus<\/strong><\/p>\n<p>Banca Popolare Etica, filial de Roma<\/p>\n<p>Codice IBAN: IT16G0501803200000000120434<\/p>\n<p>Codice SWIFT\/BIC CCRTIT2184D<\/p>\n<p>Causal: <strong>emerg\u00eancia tuf\u00e3o Hayan Filipinas<\/strong><\/p>\n<p><strong>A\u00c7\u00c3O FAM\u00cdLIAS NOVAS Onlus<\/strong><\/p>\n<p>c\/c banc\u00e1ria n\u00b0 1000\/1060<\/p>\n<p>BANCA PROSSIMA<\/p>\n<p>Cod. IBAN: IT 55 K 03359 01600 100000001060<\/p>\n<p>Cod. Bic \u2013 Swift: BCITITMX<\/p>\n<div>\n<p><strong>MOVIMENTO DOS FOCOLARES EM CEBU<\/strong><\/p>\n<p><strong><\/strong>Payable to : <strong>Emergency Typhoon Haiyan Philippines<\/strong><\/p>\n<p>METROPOLITAN BANK &amp; TRUST COMPANY<\/p>\n<p>Cebu \u2013 Guadalupe Branch<\/p>\n<p>6000 Cebu City \u2013 Cebu, Philippines<\/p>\n<p>Tel: 0063-32-2533728<strong><\/strong><\/p>\n<\/p><\/div>\n<div>\n<p><strong>Conta banc\u00e1ria: WORK OF MARY\/FOCOLARE MOVEMENT FOR WOMEN<\/strong><\/p>\n<p>Euro Bank Account no.: 398-2-39860031-7<\/p>\n<p>SWIFT Code: MBTCPHMM<\/p>\n<p>Causal: <strong>emerg\u00eancia tuf\u00e3o Hayan Filipinas<\/strong><\/p>\n<p>Email: <a href=\"mailto:focolaremovementcebf@gmail.com\" target=\"_blank\" rel=\"noopener\">focolaremovementcebf@gmail.com<\/a><\/p>\n<p>Tel. 0063 (032) 345 1563 \u2013 2537883 \u2013 2536407<\/p>\n<\/p><\/div>\n","protected":false},"excerpt":{"rendered":"<p>De Tacloban, uma das cidades mais atingidas pelo violento tuf\u00e3o Hayan, a for\u00e7a de ajudar os sobreviventes chegou at\u00e9 n\u00f3s pela voz dos mais pequeninos. A f\u00e9 na ora\u00e7\u00e3o em fam\u00edlia.<\/p>\n","protected":false},"author":27,"featured_media":0,"comment_status":"open","ping_status":"open","sticky":false,"template":"","format":"standard","meta":{"give_campaign_id":0,"_seopress_robots_primary_cat":"","_seopress_titles_title":"","_seopress_titles_desc":"","_seopress_robots_index":"","_et_pb_use_builder":"","_et_pb_old_content":"","_et_gb_content_width":"","footnotes":""},"categories":[129],"tags":[],"class_list":["post-346458","post","type-post","status-publish","format-standard","hentry","category-sem-categoria"],"_links":{"self":[{"href":"https:\/\/www.focolare.org\/pt-pt\/wp-json\/wp\/v2\/posts\/346458","targetHints":{"allow":["GET"]}}],"collection":[{"href":"https:\/\/www.focolare.org\/pt-pt\/wp-json\/wp\/v2\/posts"}],"about":[{"href":"https:\/\/www.focolare.org\/pt-pt\/wp-json\/wp\/v2\/types\/post"}],"author":[{"embeddable":true,"href":"https:\/\/www.focolare.org\/pt-pt\/wp-json\/wp\/v2\/users\/27"}],"replies":[{"embeddable":true,"href":"https:\/\/www.focolare.org\/pt-pt\/wp-json\/wp\/v2\/comments?post=346458"}],"version-history":[{"count":0,"href":"https:\/\/www.focolare.org\/pt-pt\/wp-json\/wp\/v2\/posts\/346458\/revisions"}],"wp:attachment":[{"href":"https:\/\/www.focolare.org\/pt-pt\/wp-json\/wp\/v2\/media?parent=346458"}],"wp:term":[{"taxonomy":"category","embeddable":true,"href":"https:\/\/www.focolare.org\/pt-pt\/wp-json\/wp\/v2\/categories?post=346458"},{"taxonomy":"post_tag","embeddable":true,"href":"https:\/\/www.focolare.org\/pt-pt\/wp-json\/wp\/v2\/tags?post=346458"}],"curies":[{"name":"wp","href":"https:\/\/api.w.org\/{rel}","templated":true}]}}