{"id":346502,"date":"2014-02-16T04:11:41","date_gmt":"2014-02-16T03:11:41","guid":{"rendered":"https:\/\/www.focolare.org\/chiara-lubich-e-as-religioes-islamismo\/"},"modified":"2024-06-06T12:23:29","modified_gmt":"2024-06-06T10:23:29","slug":"chiara-lubich-e-as-religioes-islamismo","status":"publish","type":"post","link":"https:\/\/www.focolare.org\/pt-pt\/chiara-lubich-e-as-religioes-islamismo\/","title":{"rendered":"Chiara Lubich e as religi\u00f5es: Islamismo"},"content":{"rendered":"<p><img alt=\"\" alt=\"\" loading=\"lazy\" decoding=\"async\" class=\"alignleft  wp-image-100934\" style=\"margin-right: 10px\" src=\"https:\/\/www.focolare.org\/wp-content\/uploads\/2014\/02\/Islam-11.jpg\" alt=\"\" width=\"266\" height=\"170\" \/><strong>Os contatos dos Focolares com fieis mu\u00e7ulmanos iniciaram na d\u00e9cada de 1960<\/strong>. Na <a href=\"https:\/\/www.focolare.org\/pt\/focolare-worldwide\/africa\/algeria\/\" target=\"_blank\" rel=\"noopener\"><strong>Arg\u00e9lia<\/strong><\/a>, desde os anos 1970, desabrochou uma amizade profunda entre crist\u00e3os e mu\u00e7ulmanos, que se difundiu progressivamente na cidade de Tlemcen, fazendo nascer uma comunidade do Movimento dos Focolares quase inteiramente mu\u00e7ulmana, e que atravessou n\u00e3o apenas as barreiras entre Islamismo e Cristianismo, mas tamb\u00e9m os duros anos da guerra civil. Esta experi\u00eancia foi a base para oito congressos internacionais dos \u201cmu\u00e7ulmanos amigos do Movimento dos Focolares\u201d, entre 1992 e 2008.<\/p>\n<p>Nos <strong><a href=\"https:\/\/www.focolare.org\/pt\/focolare-worldwide\/america-nord-e-centrale\/stati-uniti\/\" target=\"_blank\" rel=\"noopener\">Estados Unido<\/a><\/strong><strong>s, no final dos anos 1990, abriu-se uma nova p\u00e1gina nas rela\u00e7\u00f5es entre crist\u00e3os e mu\u00e7ulmanos<\/strong>. <a href=\"https:\/\/www.focolare.org\/pt\/chiara-lubich\/chi-e-chiara\/\" target=\"_blank\" rel=\"noopener\"><strong>Chiara Lubich<\/strong><\/a>, mulher crist\u00e3, foi convidada pelo<strong> <\/strong><strong><a href=\"https:\/\/www.focolare.org\/pt\/news\/2008\/10\/10\/lultimo-saluto-allimam-della-pace-w-d-mohammed\/\" target=\"_blank\" rel=\"noopener\">Im\u00e3 W. D. Mohammed<\/a><\/strong>, l\u00edder carism\u00e1tico de mu\u00e7ulmanos afro-americanos, a dirigir a sua mensagem aos fieis reunidos na Mesquita Malcolm X, no Harlem. Na conclus\u00e3o <a href=\"https:\/\/www.focolare.org\/pt\/news\/2012\/05\/10\/new-york-focolari-e-moschea-malcomx-in-un-cammino-di-fraternita\/\" target=\"_blank\" rel=\"noopener\"><strong>daquele dia<\/strong><\/a>, em maio de 1997, o Im\u00e3 afirmou: <em>\u201cHoje, aqui no Harlem, em Nova Iorque, foi escrita uma p\u00e1gina da hist\u00f3ria\u201d<\/em>. Os dois l\u00edderes fizeram um pacto de fraternidade que depois estendeu-se aos dois movimentos. Desde ent\u00e3o realizam-se com regularidade, nos Estados Unidos, encontros de comunidades crist\u00e3s e mu\u00e7ulmanas, de brancos e negros, que miram construir a fraternidade universal, com uma influ\u00eancia sobre o bairro e a cidade. Est\u00e3o envolvidas mais de <strong>40 mesquitas e comunidades do Movimento dos Focolares<\/strong>, em v\u00e1rias cidades.<\/p>\n<p><img alt=\"\" alt=\"\" loading=\"lazy\" decoding=\"async\" class=\"alignright  wp-image-100936\" style=\"margin-left: 10px\" src=\"https:\/\/www.focolare.org\/wp-content\/uploads\/2014\/02\/Islam-4.jpg\" alt=\"\" width=\"261\" height=\"178\" \/>O caminho de aprofundamento entre a espiritualidade da unidade e o Isl\u00e3 teve algumas etapas importantes. No encontro para os amigos mu\u00e7ulmanos realizado em 2008, em Roma, com o t\u00edtulo <a href=\"https:\/\/www.focolare.org\/pt\/news\/2008\/10\/12\/amore-e-misericordia-nella-bibbia-e-nel-corano\/\" target=\"_blank\" rel=\"noopener\">\u201cAmor e Miseric\u00f3rdia na B\u00edblia e no Alcor\u00e3o\u201d<\/a>, a palestra de Adnane Mokrani, professor mu\u00e7ulmano, sobre <em>\u201cLer o Alcor\u00e3o com o olhar da Miseric\u00f3rdia\u201d<\/em>, foi muito apreciada por todos os presentes.<\/p>\n<p><strong>Em 2010<\/strong>, realizou-se, em <a href=\"http:\/\/www.loppiano.it\/\" target=\"_blank\" rel=\"noopener\">Loppiano<\/a>, um encontro com a participa\u00e7\u00e3o de cerca 600 pessoas, mu\u00e7ulmanos e crist\u00e3os. Numerosos foram os presidentes e Im\u00e3 de comunidades isl\u00e2micas da It\u00e1lia. Como afirmou o <strong>Im\u00e3 Layachi<\/strong>, o encontro foi um ponto de chegada e de partida de muitas experi\u00eancias vividas em diversas regi\u00f5es da It\u00e1lia.<\/p>\n<p>Em <strong>Tlemcen (Arg\u00e9lia)<\/strong> \u2013 considerada, em 2011, uma das capitais da cultura isl\u00e2mica,\u2013 foi realizado, em junho de 2011, o <a href=\"https:\/\/www.focolare.org\/pt\/news\/2011\/06\/25\/algeria-imparare-a-vivere-insieme\/\" target=\"_blank\" rel=\"noopener\">encontro dos mu\u00e7ulmanos do Movimento<\/a><strong>, com o lema \u201cViver a Unidade\u201d<\/strong>. Os participantes, cerca de oitenta, provinham de dez pa\u00edses. A presen\u00e7a de professores mu\u00e7ulmanos foi muito valorizada, porque tendo como base a vida vivida, come\u00e7aram a desenvolver temas sobre a espiritualidade da unidade do ponto de vista mu\u00e7ulmano.<\/p>\n<p><img alt=\"\" alt=\"\" loading=\"lazy\" decoding=\"async\" class=\"alignleft  wp-image-100938\" style=\"margin-right: 10px\" src=\"https:\/\/www.focolare.org\/wp-content\/uploads\/2014\/02\/Islam-3.jpg\" alt=\"\" width=\"231\" height=\"149\" \/><\/p>\n<p>Nas \u00faltimas d\u00e9cadas, com a imigra\u00e7\u00e3o, cresceu a presen\u00e7a mu\u00e7ulmana na <a href=\"https:\/\/www.focolare.org\/pt\/focolare-worldwide\/europa\/italia\/\">It\u00e1lia<\/a>. \u00a0Em muitas cidades, de norte a sul da pen\u00ednsula, estabeleceu-se uma verdadeira amizade com muitos fieis e comunidades mu\u00e7ulmanas. Em <strong>Brescia,<\/strong> por exemplo<strong>, no dia 25 de novembro de 2012<\/strong> reuniram-se <strong>cerca de 1300 crist\u00e3os e mu\u00e7ulmanos<\/strong> para um encontro intitulado <a href=\"https:\/\/www.focolare.org\/pt\/news\/2012\/11\/27\/famiglia-percorsi-comuni-tra-musulmani-e-cristiani\/\" target=\"_blank\" rel=\"noopener\">\u201cPercursos comuns para a fam\u00edlia\u201d<\/a>, promovido em parceria pelo Movimento dos Focolares e v\u00e1rias associa\u00e7\u00f5es e comunidades isl\u00e2micas. Em <strong>Cat\u00e2nia, no dia 23 de abril de 2013<\/strong>, aconteceu o congresso<a href=\"https:\/\/www.focolare.org\/pt\/news\/2013\/04\/23\/una-storia-di-amicizia-musulmani-e-cristiani-in-sicilia\/\" target=\"_blank\" rel=\"noopener\"> \u201cA fam\u00edlia mu\u00e7ulmana, a fam\u00edlia crist\u00e3: desafios e esperan\u00e7as\u201d<\/a>, que reuniu cerca de 500 pessoas num momento de di\u00e1logo.<\/p>\n<p>No dia <strong>20 de mar\u00e7o de 2014<\/strong>, na Universidade Urbaniana de Roma, acontecer\u00e1 o evento <strong>\u201cChiara e as religi\u00f5es: juntos rumo \u00e0 unidade da fam\u00edlia humana\u201d<\/strong>. Passados seis anos de seu falecimento, deseja-se evidenciar a sua atua\u00e7\u00e3o em favor do di\u00e1logo inter-religioso. A manifesta\u00e7\u00e3o coincide com os 50 anos da Declara\u00e7\u00e3o Conciliar \u201c<em>Nostra Aetate<\/em>\u201d, sobre a Igreja e as religi\u00f5es n\u00e3o crist\u00e3s. \u00c9 prevista a participa\u00e7\u00e3o de personalidades religiosas do mundo isl\u00e2mico.<\/p>\n<p><a href=\"http:\/\/www.centrochiaralubich.org\/pt\/documentos\/videos\/1290-algumas-carateristicas-do-amor-ao-proximo.html\" target=\"_blank\" rel=\"noopener\">Veja o v\u00eddeo<\/a><\/p>\n","protected":false},"excerpt":{"rendered":"<p>Aproximando-nos do sexto anivers\u00e1rio de morte de Chiara Lubich (1920-2008), depois do budismo publicamos, em s\u00edntese, o di\u00e1logo que o Movimento dos Focolares desenvolveu com membros do Isl\u00e3.<\/p>\n","protected":false},"author":34,"featured_media":0,"comment_status":"open","ping_status":"open","sticky":false,"template":"","format":"standard","meta":{"give_campaign_id":0,"_seopress_robots_primary_cat":"","_seopress_titles_title":"","_seopress_titles_desc":"","_seopress_robots_index":"","_et_pb_use_builder":"","_et_pb_old_content":"","_et_gb_content_width":"","footnotes":""},"categories":[909],"tags":[],"class_list":["post-346502","post","type-post","status-publish","format-standard","hentry","category-focolare-worldwide-2-4"],"_links":{"self":[{"href":"https:\/\/www.focolare.org\/pt-pt\/wp-json\/wp\/v2\/posts\/346502","targetHints":{"allow":["GET"]}}],"collection":[{"href":"https:\/\/www.focolare.org\/pt-pt\/wp-json\/wp\/v2\/posts"}],"about":[{"href":"https:\/\/www.focolare.org\/pt-pt\/wp-json\/wp\/v2\/types\/post"}],"author":[{"embeddable":true,"href":"https:\/\/www.focolare.org\/pt-pt\/wp-json\/wp\/v2\/users\/34"}],"replies":[{"embeddable":true,"href":"https:\/\/www.focolare.org\/pt-pt\/wp-json\/wp\/v2\/comments?post=346502"}],"version-history":[{"count":0,"href":"https:\/\/www.focolare.org\/pt-pt\/wp-json\/wp\/v2\/posts\/346502\/revisions"}],"wp:attachment":[{"href":"https:\/\/www.focolare.org\/pt-pt\/wp-json\/wp\/v2\/media?parent=346502"}],"wp:term":[{"taxonomy":"category","embeddable":true,"href":"https:\/\/www.focolare.org\/pt-pt\/wp-json\/wp\/v2\/categories?post=346502"},{"taxonomy":"post_tag","embeddable":true,"href":"https:\/\/www.focolare.org\/pt-pt\/wp-json\/wp\/v2\/tags?post=346502"}],"curies":[{"name":"wp","href":"https:\/\/api.w.org\/{rel}","templated":true}]}}