{"id":346746,"date":"2014-05-18T03:00:03","date_gmt":"2014-05-18T01:00:03","guid":{"rendered":"https:\/\/www.focolare.org\/igino-giordani-e-a-europa\/"},"modified":"2024-06-06T12:24:17","modified_gmt":"2024-06-06T10:24:17","slug":"igino-giordani-e-a-europa","status":"publish","type":"post","link":"https:\/\/www.focolare.org\/pt-pt\/igino-giordani-e-a-europa\/","title":{"rendered":"Igino Giordani e a Europa"},"content":{"rendered":"<p><img loading=\"lazy\" decoding=\"async\" class=\"alignright\" style=\"margin-left: 10px\" src=\"https:\/\/www.focolare.org\/wp-content\/uploads\/2014\/02\/Giordani_Sorgi1.jpg\" alt=\"\" width=\"321\" height=\"251\" \/>  <a href=\"https:\/\/www.focolare.org\/pt\/chiara-lubich\/chi-e-chiara\/igino-giordani\/\" target=\"_blank\" rel=\"noopener\">Igino Giordani<\/a> \u00abrealmente antecipava, em pelo menos um quarto de s\u00e9culo, certos aspectos do processo comunit\u00e1rio iniciado depois da Segunda Guerra Mundial; <strong>via a real interdepend\u00eancia das economias dos estados europeus<\/strong>, vencedores e vencidos, e o risco comum de reduzir-se, como devedores dos Estados Unidos, a \u201cprotetorado da Am\u00e9rica (<em>USA Dominion<\/em>)\u201d. Percebia um crescente movimento de solidariedade social e de \u201ceuropeiza\u00e7\u00e3o\u201d da cultura, solicitado exatamente pelas experi\u00eancias sangrentas da guerra. Para afastar-se do \u201cgrito de suic\u00eddio coletivo\u201d e salvar-se de uma nova \u201ciminente carnificina\u201d, e para evitar a \u201cdecad\u00eancia \u2013 da qual \u201cse beneficiar\u00e3o ra\u00e7as (amarelas e negras) por n\u00f3s mesmo excitadas, e continentes por n\u00f3s mesmo vivificados\u201d \u2013 ele indicava aos povos do velho continente um dever hist\u00f3rico incontorn\u00e1vel: a supera\u00e7\u00e3o dos nacionalismos em uma Federa\u00e7\u00e3o dos Estados Unidos da Europa. Por\u00e9m, <strong>considerava condi\u00e7\u00e3o absolutamente necess\u00e1ria a passagem de todos os estados \u00e0 democracia<\/strong>, e o via como um resultado que \u201cas diplomacias n\u00e3o sabem obter\u201d, e portanto, <strong>invocava uma \u201cfor\u00e7a espiritual\u201d que pudesse atuar como \u201celemento de unifica\u00e7\u00e3o\u201d<\/strong> [&#8230;].  <strong>\u00abA clara distin\u00e7\u00e3o \u2013 mas n\u00e3o separa\u00e7\u00e3o \u2013 entre religi\u00e3o e pol\u00edtica<\/strong>, desde ent\u00e3o era um ponto firme da sua concep\u00e7\u00e3o sobre a laicidade do estado. No pleno respeito de tal distin\u00e7\u00e3o, ele expunha a sua \u201cutopia\u201d europe\u00edstica com bases espirituais, \u201cutopia\u201d que hoje coloca-se numa linha muito menos irreal, terminando por parecer \u2013 se bem dimensionada \u2013 uma verdadeira intui\u00e7\u00e3o. O historiador n\u00e3o pode exagerar e falar de profetismos, mas <strong>n\u00e3o pode ignorar as j\u00e1 expressas premoni\u00e7\u00f5es de Giordani, do ano de 1925<\/strong>, sobre os riscos, perspectivas e problemas da pr\u00f3xima Europa; nem pode minimizar a sua certeza <strong>de uma fun\u00e7\u00e3o europeia do cristianismo<\/strong> e, especialmente, da<strong> fun\u00e7\u00e3o unificadora dos valores morais e culturais<\/strong>, enquanto fatores indispens\u00e1veis para que, por debaixo dos interesses econ\u00f4micos e das necess\u00e1rias formas institucionais, se alcan\u00e7asse <strong>uma harmonia de subst\u00e2ncia entre as diversas identidades dos povos, para o nascimento de uma \u201cconsci\u00eancia\u201d europeia\u00bb.<\/strong>  Tommaso Sorgi, <em>Igino Giordani. Storia dell\u2019uomo che divenne Foco<\/em>, Citt\u00e0 Nuova Ed., Roma 2014, pp. 109,111.<\/p>\n","protected":false},"excerpt":{"rendered":"<p>Ao aproximarem-se as elei\u00e7\u00f5es europeias, propomos uma vis\u00e3o prof\u00e9tica de Giordani sobre a uni\u00e3o dos estados europeus, datada em 1925 e retirada do volume de Tommaso Sorgi, editado recentemente.<\/p>\n","protected":false},"author":34,"featured_media":0,"comment_status":"open","ping_status":"open","sticky":false,"template":"","format":"standard","meta":{"give_campaign_id":0,"_seopress_robots_primary_cat":"","_seopress_titles_title":"","_seopress_titles_desc":"","_seopress_robots_index":"","_et_pb_use_builder":"","_et_pb_old_content":"","_et_gb_content_width":"","footnotes":""},"categories":[129],"tags":[],"class_list":["post-346746","post","type-post","status-publish","format-standard","hentry","category-sem-categoria"],"_links":{"self":[{"href":"https:\/\/www.focolare.org\/pt-pt\/wp-json\/wp\/v2\/posts\/346746","targetHints":{"allow":["GET"]}}],"collection":[{"href":"https:\/\/www.focolare.org\/pt-pt\/wp-json\/wp\/v2\/posts"}],"about":[{"href":"https:\/\/www.focolare.org\/pt-pt\/wp-json\/wp\/v2\/types\/post"}],"author":[{"embeddable":true,"href":"https:\/\/www.focolare.org\/pt-pt\/wp-json\/wp\/v2\/users\/34"}],"replies":[{"embeddable":true,"href":"https:\/\/www.focolare.org\/pt-pt\/wp-json\/wp\/v2\/comments?post=346746"}],"version-history":[{"count":0,"href":"https:\/\/www.focolare.org\/pt-pt\/wp-json\/wp\/v2\/posts\/346746\/revisions"}],"wp:attachment":[{"href":"https:\/\/www.focolare.org\/pt-pt\/wp-json\/wp\/v2\/media?parent=346746"}],"wp:term":[{"taxonomy":"category","embeddable":true,"href":"https:\/\/www.focolare.org\/pt-pt\/wp-json\/wp\/v2\/categories?post=346746"},{"taxonomy":"post_tag","embeddable":true,"href":"https:\/\/www.focolare.org\/pt-pt\/wp-json\/wp\/v2\/tags?post=346746"}],"curies":[{"name":"wp","href":"https:\/\/api.w.org\/{rel}","templated":true}]}}