{"id":357320,"date":"2024-05-16T12:50:00","date_gmt":"2024-05-16T10:50:00","guid":{"rendered":"https:\/\/www.focolare.org\/evangelho-vivido-quem-nao-ama-nao-chegou-a-conhecer-a-deus-pois-deus-e-amor-1-jo-48\/"},"modified":"2024-07-01T13:15:05","modified_gmt":"2024-07-01T11:15:05","slug":"evangelho-vivido-quem-nao-ama-nao-chegou-a-conhecer-a-deus-pois-deus-e-amor-1-jo-48","status":"publish","type":"post","link":"https:\/\/www.focolare.org\/pt-pt\/evangelho-vivido-quem-nao-ama-nao-chegou-a-conhecer-a-deus-pois-deus-e-amor-1-jo-48\/","title":{"rendered":"Evangelho vivido: \u201cQuem n\u00e3o ama n\u00e3o chegou a conhecer a Deus, pois Deus \u00e9 amor\u201d (1 Jo 4,8)"},"content":{"rendered":"\n<p><\/p>\n\n<p><strong>Ressuscitar<\/strong><\/p>\n\n<p>Jesus Ressuscitado nos abriu a estrada, mas agora a Ressurrei\u00e7\u00e3o acontece toda vez que \u201cressuscito\u201d em mim mesma, vencendo o meu ego\u00edsmo. Esta tomada de consci\u00eancia, que \u00e9 a caridade colocada em a\u00e7\u00e3o, aos poucos est\u00e1 mudando a minha vida. N\u00e3o \u00e9 s\u00f3 meu marido que diz isso, mas tamb\u00e9m \u00e9 percebido pelos meus filhos, pelas amigas. Desejando saber mais, comecei a ler a vida dos santos, que at\u00e9 ent\u00e3o tinha evitado, e encontrei a confirma\u00e7\u00e3o deste segredo que \u00e9 a chave para uma vida verdadeira. Uma noite o nosso filho voltou para casa atordoado, quase ausente. Passou mal a noite. Estava drogado. Como, talvez, fosse uma das primeiras vezes, a rea\u00e7\u00e3o foi forte. Nos dias seguintes procurei ir al\u00e9m de todas as minhas perguntas, da busca pelos culpados, da d\u00favida sobre as amizades. Por\u00e9m, num certo momento eu \u201cressuscitei\u201d para ser somente amor para com ele. Numa tarde, eu estava sentada ao seu lado sem dizer nada. Naquele sil\u00eancio pleno ele me disse: \u201cObrigado m\u00e3e, pelo modo como voc\u00eas me acolhem. Se um dia eu for pai, quero ser como voc\u00ea, com um cora\u00e7\u00e3o que n\u00e3o tem horizontes\u201d.            <\/p>\n\n<p class=\"has-text-align-right\"><em>(M.S. \u2013 Holanda)<\/em><\/p>\n\n<p><strong>Onde n\u00e3o h\u00e1 amor\u2026<\/strong><\/p>\n\n<p>Na ag\u00eancia dos correios, aonde normalmente eu vou para retirar a correspond\u00eancia ou para outros servi\u00e7os, at\u00e9 algum tempo atr\u00e1s eu encontrava empregados nervosos e grosseiros comigo, principalmente o diretor, que um dia chegou at\u00e9 a gritar pelo meu atraso em retirar uma certa soma. Da minha parte, procurando me deixar guiar pela frase de S\u00e3o Jo\u00e3o da Cruz, \u201conde n\u00e3o h\u00e1 amor, coloca amor, e encontrar\u00e1s amor\u201d, suportei, continuando a cumprimentar todos com gentileza. Com este modo de agir, por amor a Jesus, aos poucos eu pude criar relacionamentos mais humanos naquela ag\u00eancia. Uma prova disso foi quando, tendo oferecido a um dos funcion\u00e1rios um bilhete para um sorteio beneficente, tamb\u00e9m os outros colegas se interessaram e quiseram um, inclusive a senhora que faz a limpeza. At\u00e9 mesmo o diretor veio pegar um bilhete, ali\u00e1s, logo depois me pediu mais um. Ent\u00e3o eu disse: \u201cEspero que ao menos um pr\u00eamio seja para algu\u00e9m de voc\u00eas!\u201d. E ele: \u201cN\u00e3o importa! Mesmo se n\u00e3o ganharmos, fizemos juntos algo de bom!\u201d.      <\/p>\n\n<p class=\"has-text-align-right\"><em>(M.F. \u2013 It\u00e1lia)<\/em><\/p>\n\n<p><strong>Uma ocasi\u00e3o para amar<\/strong><\/p>\n\n<p>H\u00e1 cerca de 15 anos, eu fazia voluntariado no centro de acolhida de uma C\u00e1ritas Diocesana. Um dia chegou uma jovem mulher, perguntou-me se podia coloc\u00e1-la em contato com uma ginecologista porque queria fazer um aborto, n\u00e3o tinha possibilidades econ\u00f4micas para sustentar as despesas com a nova vida que trazia em si. Naquele momento senti um aperto no cora\u00e7\u00e3o, mas vi tamb\u00e9m a grande oportunidade de amar aquela jovem m\u00e3e e sua menina. Falei com ela sobre o dom maravilhoso que \u00e9 a vida e que as dificuldades econ\u00f4micas n\u00e3o podiam ser um obst\u00e1culo, que est\u00e1vamos ali para ajud\u00e1-la. Passado algum tempo a mam\u00e3e veio me cumprimentar, estava com sua linda beb\u00ea nos bra\u00e7os. Ela me disse com um grande sorriso: \u201cEsta \u00e9 a minha beb\u00ea e eu queria que voc\u00ea a conhecesse! Obrigada por me ter escutado naquele dia. E ela tamb\u00e9m lhe agradece!\u201d. Fiquei profundamente comovida e grata a Deus, grata porque aquele encontro t\u00e3o especial, grata por Ele me ter dado uma ocasi\u00e3o de amar.       <\/p>\n\n<p class=\"has-text-align-right\"><em>(M.M- It\u00e1lia)<\/em><\/p>\n\n<p class=\"has-text-align-right\"><em>Organizado por Maria Grazia Berretta<\/em><br\/><em>(retirado de \u201cO Evangelho do Dia\u2019, Citt\u00e0 Nuova, ano X\u2013 n.1, maio-junho de 2024)<\/em><\/p>\n\n<p><\/p>\n","protected":false},"excerpt":{"rendered":"<p>O Deus que ama \u00e9 um Deus que n\u00e3o permanece distante, mas que interv\u00eam concretamente na hist\u00f3ria de cada pessoa e nos leva a relacionarmo-nos com os irm\u00e3os com uma atitude inspirada pelo mesmo amor terno e corajoso que nos renova.<\/p>\n","protected":false},"author":34,"featured_media":357308,"comment_status":"open","ping_status":"open","sticky":false,"template":"","format":"standard","meta":{"give_campaign_id":0,"_seopress_robots_primary_cat":"","_seopress_titles_title":"","_seopress_titles_desc":"","_seopress_robots_index":"","_et_pb_use_builder":"","_et_pb_old_content":"","_et_gb_content_width":"","footnotes":""},"categories":[3288],"tags":[3198],"class_list":["post-357320","post","type-post","status-publish","format-standard","has-post-thumbnail","hentry","category-testimonianze-di-vita-pt-pt","tag-ppg-pt-pt"],"_links":{"self":[{"href":"https:\/\/www.focolare.org\/pt-pt\/wp-json\/wp\/v2\/posts\/357320","targetHints":{"allow":["GET"]}}],"collection":[{"href":"https:\/\/www.focolare.org\/pt-pt\/wp-json\/wp\/v2\/posts"}],"about":[{"href":"https:\/\/www.focolare.org\/pt-pt\/wp-json\/wp\/v2\/types\/post"}],"author":[{"embeddable":true,"href":"https:\/\/www.focolare.org\/pt-pt\/wp-json\/wp\/v2\/users\/34"}],"replies":[{"embeddable":true,"href":"https:\/\/www.focolare.org\/pt-pt\/wp-json\/wp\/v2\/comments?post=357320"}],"version-history":[{"count":0,"href":"https:\/\/www.focolare.org\/pt-pt\/wp-json\/wp\/v2\/posts\/357320\/revisions"}],"wp:featuredmedia":[{"embeddable":true,"href":"https:\/\/www.focolare.org\/pt-pt\/wp-json\/wp\/v2\/media\/357308"}],"wp:attachment":[{"href":"https:\/\/www.focolare.org\/pt-pt\/wp-json\/wp\/v2\/media?parent=357320"}],"wp:term":[{"taxonomy":"category","embeddable":true,"href":"https:\/\/www.focolare.org\/pt-pt\/wp-json\/wp\/v2\/categories?post=357320"},{"taxonomy":"post_tag","embeddable":true,"href":"https:\/\/www.focolare.org\/pt-pt\/wp-json\/wp\/v2\/tags?post=357320"}],"curies":[{"name":"wp","href":"https:\/\/api.w.org\/{rel}","templated":true}]}}