{"id":357920,"date":"2024-05-24T16:50:34","date_gmt":"2024-05-24T14:50:34","guid":{"rendered":"https:\/\/www.focolare.org\/paz-e-dialogo-como-metodologia-juntos-pela-humanidade\/"},"modified":"2024-07-08T11:56:50","modified_gmt":"2024-07-08T09:56:50","slug":"paz-e-dialogo-como-metodologia-juntos-pela-humanidade","status":"publish","type":"post","link":"https:\/\/www.focolare.org\/pt-pt\/paz-e-dialogo-como-metodologia-juntos-pela-humanidade\/","title":{"rendered":"Paz e di\u00e1logo como metodologia: \u201cJuntos pela humanidade\u201d"},"content":{"rendered":"\n<p>\u201cAbbracciare la speranza\u201d. Con questo auspicio circa 200 persone provenienti dalle Americhe, dall\u2019Africa, dal Medio Oriente, dall\u2019Asia e da tutta Europa, si sono incontrate presso il Centro Mariapoli di Castel Gandolfo (Roma), dal 16 al 19 maggio scorso. <\/p>\n\n<div class=\"wp-block-group is-nowrap is-layout-flex wp-container-core-group-is-layout-ad2f72ca wp-block-group-is-layout-flex\">\n<p>S\u00e3o as pessoas de refer\u00eancia do <strong>Umanit\u00e0 Nuova<\/strong>, express\u00e3o social do Movimento dos Focolares, de <a href=\"https:\/\/www.new-humanity.org\/pt\/\"><strong>New Humanity<\/strong><\/a> ONG com status consultivo na ONU, juntamente com os representantes das disciplinas que dialogam com a cultura contempor\u00e2nea, as pessoas de refer\u00eancia do<a href=\"https:\/\/www.teens4unity.org\/pt\/\"><strong>Movimento Juvenil pela Unidade<\/strong><\/a> e da <a href=\"https:\/\/www.amu-it.eu\/\"><strong>AMU<\/strong><\/a> (A\u00e7\u00e3o Mundo Unido), a ONG que se ocupa de projetos especiais e de desenvolvimento.<\/p>\n<\/div>\n\n<p>Esteve presente uma delega\u00e7\u00e3o de jovens estudantes das escolas m\u00e9dias que aderem ao <a href=\"http:\/\/livingpeaceinternational.org\/pt\/\"><strong>Living Peace International<\/strong><\/a>, ao lado dos jovens embaixadores da paz, como Joseph,<\/p>\n\n<p> da Serra Leoa, que contou como, com apenas 6 anos de idade, foi recrutado como \u201ccrian\u00e7a soldado\u201d, at\u00e9 chegar a ser, hoje, um jovem l\u00edder de paz.<\/p>\n\n<p>J\u00e1 desde algum tempo, estas diferentes express\u00f5es sociais \u2013 cada uma com caracter\u00edsticas e finalidades pr\u00f3prias \u2013 trabalham juntas para contribuir a dar uma resposta concreta \u00e0s quest\u00f5es candentes e \u00e0s expectativas do mundo contempor\u00e2neo: \u201cJuntos pela Humanidade\u201d \u00e9 o novo nome que assumiram. Acolhendo o convite do Papa Francisco, dirigido ao Movimento dos Focolares por ocasi\u00e3o da audi\u00eancia privada do dia 7 de dezembro de 2023, ou seja, o de \u201cser artes\u00e3o de paz num mundo dilacerado por conflitos\u201d, desejaram dedicar este encontro precisamente \u00e0 paz. <\/p>\n\n<p>Uma experi\u00eancia de escuta, reflex\u00e3o comum e projeta\u00e7\u00e3o concreta, realizada nas oito comunidades, separadas segundo assuntos e interesses. Um percurso que continuar\u00e1 at\u00e9 o Genfest, no pr\u00f3ximo m\u00eas de julho, no Brasil, e se coligar\u00e1 com o \u201cSummit for Future\u201d, da ONU, em setembro de 2024, e com o encontro com os jovens e as cidades do mundo, em Nairobi, por ocasi\u00e3o dos 80 anos das Na\u00e7\u00f5es Unidas. Durante o encontro, com a ajuda de especialistas e testemunhas, professores, diplomatas, atores sociais e culturais, associa\u00e7\u00f5es de cidad\u00e3os, os participantes questionaram o que \u00e9 a paz, se \u00e9 realmente poss\u00edvel alcan\u00e7\u00e1-la e por que meios.  <\/p>\n\n<figure class=\"wp-block-gallery has-nested-images columns-default is-cropped wp-block-gallery-1 is-layout-flex wp-block-gallery-is-layout-flex\">\n<figure class=\"wp-block-image size-large\"><img alt=\"\" alt=\"\" loading=\"lazy\" decoding=\"async\" width=\"900\" height=\"541\" data-id=\"357414\" src=\"https:\/\/www.focolare.org\/wp-content\/uploads\/2024\/07\/DSC_0723.jpg\" alt=\"\" class=\"wp-image-357414\" srcset=\"https:\/\/www.focolare.org\/wp-content\/uploads\/2024\/07\/DSC_0723.jpg 900w, https:\/\/www.focolare.org\/wp-content\/uploads\/2024\/07\/DSC_0723-480x289.jpg 480w\" sizes=\"(min-width: 0px) and (max-width: 480px) 480px, (min-width: 481px) 900px, 100vw\" \/><\/figure>\n\n\n\n<figure class=\"wp-block-image size-large\"><img alt=\"\" alt=\"\" loading=\"lazy\" decoding=\"async\" width=\"900\" height=\"503\" data-id=\"357394\" src=\"https:\/\/www.focolare.org\/wp-content\/uploads\/2024\/07\/DSC_0731.jpg\" alt=\"\" class=\"wp-image-357394\" srcset=\"https:\/\/www.focolare.org\/wp-content\/uploads\/2024\/07\/DSC_0731.jpg 900w, https:\/\/www.focolare.org\/wp-content\/uploads\/2024\/07\/DSC_0731-480x268.jpg 480w\" sizes=\"(min-width: 0px) and (max-width: 480px) 480px, (min-width: 481px) 900px, 100vw\" \/><\/figure>\n\n\n\n<figure class=\"wp-block-image size-large\"><img alt=\"\" alt=\"\" loading=\"lazy\" decoding=\"async\" width=\"900\" height=\"488\" data-id=\"357404\" src=\"https:\/\/www.focolare.org\/wp-content\/uploads\/2024\/07\/DSC_0988.jpg\" alt=\"\" class=\"wp-image-357404\" srcset=\"https:\/\/www.focolare.org\/wp-content\/uploads\/2024\/07\/DSC_0988.jpg 900w, https:\/\/www.focolare.org\/wp-content\/uploads\/2024\/07\/DSC_0988-480x260.jpg 480w\" sizes=\"(min-width: 0px) and (max-width: 480px) 480px, (min-width: 481px) 900px, 100vw\" \/><\/figure>\n\n\n\n<figure class=\"wp-block-image size-large\"><img alt=\"\" alt=\"\" loading=\"lazy\" decoding=\"async\" width=\"595\" height=\"325\" data-id=\"357419\" src=\"https:\/\/www.focolare.org\/wp-content\/uploads\/2024\/07\/Insieme-Header-nuovo.jpg\" alt=\"\" class=\"wp-image-357419\" srcset=\"https:\/\/www.focolare.org\/wp-content\/uploads\/2024\/07\/Insieme-Header-nuovo.jpg 595w, https:\/\/www.focolare.org\/wp-content\/uploads\/2024\/07\/Insieme-Header-nuovo-480x262.jpg 480w\" sizes=\"(min-width: 0px) and (max-width: 480px) 480px, (min-width: 481px) 595px, 100vw\" \/><\/figure>\n\n\n\n<figure class=\"wp-block-image size-large\"><img alt=\"\" alt=\"\" loading=\"lazy\" decoding=\"async\" width=\"900\" height=\"556\" data-id=\"357399\" src=\"https:\/\/www.focolare.org\/wp-content\/uploads\/2024\/07\/DSC_0963.jpg\" alt=\"\" class=\"wp-image-357399\" srcset=\"https:\/\/www.focolare.org\/wp-content\/uploads\/2024\/07\/DSC_0963.jpg 900w, https:\/\/www.focolare.org\/wp-content\/uploads\/2024\/07\/DSC_0963-480x297.jpg 480w\" sizes=\"(min-width: 0px) and (max-width: 480px) 480px, (min-width: 481px) 900px, 100vw\" \/><\/figure>\n<\/figure>\n\n<p>Foram muitos os testemunhos tocantes dos pa\u00edses em guerra. Da S\u00edria, falaram da crueldade da guerra que vivem desde 2011, agravada pelo embargo que atinge uma popula\u00e7\u00e3o exausta. Projetos como o RESTART, da AMU, que ajuda microempresas com empr\u00e9stimos e acompanhamento personalizado, contribu\u00edram para a diminui\u00e7\u00e3o das constantes migra\u00e7\u00f5es. Christiane, do L\u00edbano, n\u00e3o se deteve apesar a situa\u00e7\u00e3o do seu pa\u00eds, com uma enorme infla\u00e7\u00e3o e grande taxa de emigra\u00e7\u00e3o, agravada pelos impactos da guerra no Oriente M\u00e9dio. Com seu marido, ela criou uma empresa produtiva para o sustento familiar e para ajudar outros artes\u00e3os e produtores rurais a venderem os pr\u00f3prios produtos. Sua iniciativa estendeu-se at\u00e9 o Egito. Do Congo, foram apresentados os resultados do curso para a forma\u00e7\u00e3o de l\u00edderes pela paz. Joelle, que concluiu esse curso, jornalista e candidata \u00e0 presid\u00eancia da Rep\u00fablica do Congo, lan\u00e7ou a sua plataforma presidencial com os valores da paz e da justi\u00e7a social. Por meio de v\u00eddeos os participantes receberam as sauda\u00e7\u00f5es de jovens da Ucr\u00e2nia, do Paquist\u00e3o, de Cuba e das Filipinas, e ainda de alguns adolescentes de Bel\u00e9m, na Cisjord\u00e2nia. Foi apresentado o projeto \u201cJuntos por uma nova \u00c1frica\u201d, destinado a jovens africanos interessados a mudar o continente: foram formados centenas de jovens e outros 9.000 foram envolvidos em uma experi\u00eancia que alcan\u00e7ou 14 pa\u00edses africanos. Da mesma forma \u00e9 feito no M\u00e9xico, com a Agenda Nacional pela Paz, e nos Estados Unidos com corajosas confer\u00eancias contra o racismo.         <\/p>\n\n<p>Existe a exig\u00eancia de uma verdadeira forma\u00e7\u00e3o \u00e0 paz e aos direitos humanos, bem como a identifica\u00e7\u00e3o dos conflitos, aprofundando as suas raz\u00f5es, tentando resolv\u00ea-los com uma estrat\u00e9gia comunit\u00e1ria que d\u00ea voz \u00e0s posi\u00e7\u00f5es diferentes e plurais, e que preceda e acompanhe qualquer negocia\u00e7\u00e3o. Foi afirmado que a paz n\u00e3o \u00e9 s\u00f3 aus\u00eancia de guerra. Nem tudo o que \u00e9 definido como ordem \u00e9 paz. N\u00e3o \u00e9 um fato ideol\u00f3gico, n\u00e3o \u00e9 pacifismo. \u00c9 a condi\u00e7\u00e3o na qual cada pessoa pode pensar e realizar o pr\u00f3prio futuro. Mas \u00e9 preciso aprender o di\u00e1logo como metodologia, para estar dispon\u00edveis a perder algo por um bem maior. No fundo, talvez seja este o motivo pelo qual as negocia\u00e7\u00f5es n\u00e3o progridem e tamb\u00e9m as organiza\u00e7\u00f5es internacionais n\u00e3o parecem capazes de gerenciar a crise. Di\u00e1logo, confian\u00e7a, redes locais e globais, intergeracionalidade, comunidade. \u00c9 daqui que se parte, destas palavras-chave, encorajados inclusive por Margaret Karram e Jes\u00fas Mor\u00e1n, presidente e copresidente do Movimento dos Focolares, presentes no dia da conclus\u00e3o. \u00c9 este o caminho para a paz, para o qual deseja-se contribuir concretamente, e juntos.         <\/p>\n\n<figure class=\"wp-block-image size-large\"><img alt=\"\" alt=\"\" loading=\"lazy\" decoding=\"async\" width=\"1024\" height=\"519\" src=\"https:\/\/www.focolare.org\/wp-content\/uploads\/2024\/07\/DSC_1003-1024x519.jpg\" alt=\"\" class=\"wp-image-357409\" srcset=\"https:\/\/www.focolare.org\/wp-content\/uploads\/2024\/07\/DSC_1003-980x497.jpg 980w, https:\/\/www.focolare.org\/wp-content\/uploads\/2024\/07\/DSC_1003-480x243.jpg 480w\" sizes=\"(min-width: 0px) and (max-width: 480px) 480px, (min-width: 481px) and (max-width: 980px) 980px, (min-width: 981px) 1024px, 100vw\" \/><\/figure>\n\n<p class=\"has-text-align-right\"><em>Mario Bruno<\/em><\/p>\n","protected":false},"excerpt":{"rendered":"<p>De 16 a 19 de maio de 2024, no Centro Mari\u00e1polis de Castelgandolfo (Roma), realizou-se o encontro internacional \u201cNa escuta do grito da humanidade\u201d, que envolveu v\u00e1rias express\u00f5es sociais ligadas ao Movimento dos Focolares e tamb\u00e9m muitos jovens de diferentes proveni\u00eancias. O objetivo: a forma\u00e7\u00e3o ao di\u00e1logo e \u00e0 paz. <\/p>\n","protected":false},"author":34,"featured_media":357422,"comment_status":"open","ping_status":"open","sticky":false,"template":"","format":"standard","meta":{"give_campaign_id":0,"_seopress_robots_primary_cat":"","_seopress_titles_title":"","_seopress_titles_desc":"","_seopress_robots_index":"","_et_pb_use_builder":"","_et_pb_old_content":"","_et_gb_content_width":"","footnotes":""},"categories":[2962,2945,3176],"tags":[3198],"class_list":["post-357920","post","type-post","status-publish","format-standard","has-post-thumbnail","hentry","category-cultura-3","category-nuove-generazioni-3","category-social","tag-ppg-pt-pt"],"_links":{"self":[{"href":"https:\/\/www.focolare.org\/pt-pt\/wp-json\/wp\/v2\/posts\/357920","targetHints":{"allow":["GET"]}}],"collection":[{"href":"https:\/\/www.focolare.org\/pt-pt\/wp-json\/wp\/v2\/posts"}],"about":[{"href":"https:\/\/www.focolare.org\/pt-pt\/wp-json\/wp\/v2\/types\/post"}],"author":[{"embeddable":true,"href":"https:\/\/www.focolare.org\/pt-pt\/wp-json\/wp\/v2\/users\/34"}],"replies":[{"embeddable":true,"href":"https:\/\/www.focolare.org\/pt-pt\/wp-json\/wp\/v2\/comments?post=357920"}],"version-history":[{"count":0,"href":"https:\/\/www.focolare.org\/pt-pt\/wp-json\/wp\/v2\/posts\/357920\/revisions"}],"wp:featuredmedia":[{"embeddable":true,"href":"https:\/\/www.focolare.org\/pt-pt\/wp-json\/wp\/v2\/media\/357422"}],"wp:attachment":[{"href":"https:\/\/www.focolare.org\/pt-pt\/wp-json\/wp\/v2\/media?parent=357920"}],"wp:term":[{"taxonomy":"category","embeddable":true,"href":"https:\/\/www.focolare.org\/pt-pt\/wp-json\/wp\/v2\/categories?post=357920"},{"taxonomy":"post_tag","embeddable":true,"href":"https:\/\/www.focolare.org\/pt-pt\/wp-json\/wp\/v2\/tags?post=357920"}],"curies":[{"name":"wp","href":"https:\/\/api.w.org\/{rel}","templated":true}]}}