{"id":358023,"date":"2024-06-05T12:32:16","date_gmt":"2024-06-05T10:32:16","guid":{"rendered":"https:\/\/www.focolare.org\/uma-so-familia-humana-o-caminho-revolucionario-para-a-paz\/"},"modified":"2024-07-08T15:11:32","modified_gmt":"2024-07-08T13:11:32","slug":"uma-so-familia-humana-o-caminho-revolucionario-para-a-paz","status":"publish","type":"post","link":"https:\/\/www.focolare.org\/pt-pt\/uma-so-familia-humana-o-caminho-revolucionario-para-a-paz\/","title":{"rendered":"Uma s\u00f3 fam\u00edlia humana: o caminho revolucion\u00e1rio para a paz"},"content":{"rendered":"\n<p><\/p>\n\n<p>A confer\u00eancia internacional inter-religiosa \u201cOne Human Family\u201d (Uma s\u00f3 fam\u00edlia humana), promovida pelo Movimento dos Focolares, acaba de ser conclu\u00edda com uma peregrina\u00e7\u00e3o de fraternidade a Assis. Estiveram presentes 480 pessoas de 40 pa\u00edses, falando 12 idiomas. <\/p>\n\n<p>Na cidade da paz, a ora\u00e7\u00e3o pela fraternidade, justi\u00e7a e reconcilia\u00e7\u00e3o para todos os povos em conflito ressoou como um pacto solene, acolhido e pronunciado pelos participantes, cada um segundo a pr\u00f3pria f\u00e9.<\/p>\n\n<p>Estavam presentes rabinos e rabinas, im\u00e3s, sacerdotes cat\u00f3licos, monges budistas Theravada e Mahayana, bem como judeus leigos, mu\u00e7ulmanos, crist\u00e3os, hindus, budistas, sikhs e bah\u00e1&#8217;\u00eds, adeptos de religi\u00f5es tradicionais africanas, de todas as gera\u00e7\u00f5es.<\/p>\n\n<p>O congresso foi organizado por uma equipe inter-religiosa que centralizou o programa no bem supremo da paz, a qual est\u00e1 extremamente amea\u00e7ada hoje.<\/p>\n\n<p class=\"has-black-color has-text-color has-link-color wp-elements-56504d70326b2e90660e65ef8c014e9a\" style=\"font-style:normal;font-weight:400\"><a><\/a><a>\u201cA experi\u00eancia que estamos tendo \u00e9 incr\u00edvel, de fam\u00edlia e de presen\u00e7a do divino\u201d \u2013 dizem Rita Moussallem e Antonio Salimbeni, coordenadores do Centro para o Di\u00e1logo Inter-religioso do Movimento dos Focolares. \u201cQuando surgiu a ideia de fazer o congresso, n\u00e3o imagin\u00e1vamos o que estaria acontecendo: o conflito na Terra Santa e crises que se reacendem em outras partes do mundo. No entanto, \u00e9 precisamente hoje que o di\u00e1logo \u00e9 mais necess\u00e1rio do que nunca. Falamos sobre os passos necess\u00e1rios para construir a paz, mas a \u00eanfase foi sobretudo na experi\u00eancia concreta que estamos fazendo e que queremos levar ao mundo todo. \u00c9 o encontro concreto com o outro que transforma as in\u00fameras polariza\u00e7\u00f5es em rela\u00e7\u00f5es.\u201d   <\/a><\/p>\n\n<p class=\"has-text-color has-link-color wp-elements-92740d011b062ebb26a74b07961937c2\" style=\"color:#9f5555\"><strong>Palestras<\/strong><\/p>\n\n<p>Encontro, escuta, passos de reconcilia\u00e7\u00e3o, partilha do sofrimento das pessoas foram as marcas desse congresso, que alternou pain\u00e9is liderados por especialistas com grupos de di\u00e1logo entre os participantes. Pol\u00edtica e diplomacia internacionais, economia, intelig\u00eancia artificial e meio ambiente foram os temas discutidos na perspectiva da paz. Houve a participa\u00e7\u00e3o de numerosos acad\u00eamicos e especialistas de muitas culturas, religi\u00f5es e proveni\u00eancias. Mencionamos apenas alguns: o embaixador Pasquale Ferrara, o diretor geral para Assuntos Pol\u00edticos e de Seguran\u00e7a do Minist\u00e9rio das Rela\u00e7\u00f5es Exteriores e Coopera\u00e7\u00e3o Internacional, o gr\u00e3o-rabino Marc Rapha\u00ebl Guedj, a te\u00f3loga mu\u00e7ulmana Shahrzad Houshmand Zadeh, o dr. Kezevino Aram, presidente da organiza\u00e7\u00e3o indiana Shanti Ashram, o rev. Kosho Niwano, presidente designado do movimento budista japon\u00eas Risho Kossei Kai, o eng. Fadi Shehad\u00e9, fundador do Projeto RosettaNet, ex-CEO da ICANN; o economista Luigino Bruni, o fil\u00f3sofo indiano, prof. Priya Vaidya, o te\u00f3logo isl\u00e2mico Adnane Mokrani, o prof. Dicky Sofjan, indon\u00e9sio do Centro Internacional de Direito e Estudos Religiosos, o prof. Fabio Petito, professor de Religi\u00e3o e Assuntos Internacionais da Universidade de Sussex e muitos outros.    <\/p>\n\n<p style=\"font-style:normal;font-weight:400\">\u201cAs religi\u00f5es t\u00eam uma fun\u00e7\u00e3o fundamental hoje\u201d, disse o embaixador Ferrara. \u201cAo contr\u00e1rio do que dizem os realistas das rela\u00e7\u00f5es internacionais, a guerra n\u00e3o \u00e9 a condi\u00e7\u00e3o normal da humanidade. As religi\u00f5es podem desempenhar o papel de \u2018consci\u00eancia cr\u00edtica\u2019 da humanidade e voltar-se para a pol\u00edtica, sinalizando quais s\u00e3o as prioridades. \u00c9 preciso imagina\u00e7\u00e3o pol\u00edtica; imaginar o futuro deste planeta de forma construtiva, nova e criativa. Precisamos cultivar algo que est\u00e1 faltando nas rela\u00e7\u00f5es internacionais neste momento: a confian\u00e7a.\u201d <\/p>\n\n<p>Houve tamb\u00e9m sess\u00f5es muito ricas dedicadas a testemunhos pessoais, projetos, \u00e0 apresenta\u00e7\u00e3o de a\u00e7\u00f5es direcionadas \u00e0 colabora\u00e7\u00e3o entre pessoas e comunidades pertencentes a diversas cren\u00e7as religiosas, em vista da paz e em apoio \u00e0s necessidades dos respectivos povos.<\/p>\n\n<p class=\"has-text-color has-link-color wp-elements-9bbb8297e15e66d9a806489cfcfa3720\" style=\"color:#ab5f5f\"><strong>Em audi\u00eancia com Papa Francisco<\/strong><\/p>\n\n<p>No dia 3 de junho, uma delega\u00e7\u00e3o de 200 participantes foi recebida em audi\u00eancia pelo Papa Francisco, que em seu discurso definiu o caminho iniciado por Chiara Lubich com pessoas de religi\u00f5es diferentes como: <em>\u201c<strong>Un cammino rivoluzionario che fa tanto bene alla Chiesa<\/strong>\u201d.<\/em>\u201c<em>Il fondamento su cui poggia questa esperienza O fundamento sobre o qual se baseia esta experi\u00eancia\u201d<\/em> \u2013 continuou o Papa \u2013 <em>\u201c\u00e9 o amor de Deus que se concretiza no amor rec\u00edproco, na escuta, na confian\u00e7a, no acolhimento e no conhecimento m\u00fatuo, no pleno respeito pelas respectivas identidades\u201d.<\/em><\/p>\n\n<p> \u201cSe, por um lado, essas palavras nos d\u00e3o profunda alegria\u201d \u2013 comentou <strong>Margaret Karram, presidente do Movimento dos Focolares <\/strong> \u2013 \u201cpor outro lado, <strong>sentimos a responsabilidade <\/strong><strong>de fazer muito mais pela paz<\/strong>. \u00c9 por isso que queremos trabalhar para fortalecer e difundir a cultura do di\u00e1logo e do \u2018cuidado\u2019 para com as pessoas e a cria\u00e7\u00e3o. O Papa confirmou isso quando disse que o di\u00e1logo entre as religi\u00f5es \u00e9 uma condi\u00e7\u00e3o necess\u00e1ria para a paz no mundo. Em tempos terrivelmente sombrios como estes, a humanidade precisa de um espa\u00e7o comum para consolidar a esperan\u00e7a.\u201d   <\/p>\n\n<p class=\"has-text-align-right\"><em>Stefania Tanesini<\/em><\/p>\n\n<p><strong>Galeria de fotos<\/strong>: \u00a9 CSC Audiovisivi \u2013 Caris Mendes e Carlos Mana, Vatican Media, RKK.<\/p>\n\n<figure class=\"wp-block-gallery has-nested-images columns-default is-cropped wp-block-gallery-1 is-layout-flex wp-block-gallery-is-layout-flex\">\n<figure class=\"wp-block-image size-large\"><img alt=\"\" alt=\"\" loading=\"lazy\" decoding=\"async\" width=\"1000\" height=\"667\" data-id=\"358009\" src=\"https:\/\/www.focolare.org\/wp-content\/uploads\/2024\/07\/DSC_1130.jpg\" alt=\"\" class=\"wp-image-358009\" srcset=\"https:\/\/www.focolare.org\/wp-content\/uploads\/2024\/07\/DSC_1130.jpg 1000w, https:\/\/www.focolare.org\/wp-content\/uploads\/2024\/07\/DSC_1130-980x654.jpg 980w, https:\/\/www.focolare.org\/wp-content\/uploads\/2024\/07\/DSC_1130-480x320.jpg 480w\" sizes=\"(min-width: 0px) and (max-width: 480px) 480px, (min-width: 481px) and (max-width: 980px) 980px, (min-width: 981px) 1000px, 100vw\" \/><\/figure>\n\n\n\n<figure class=\"wp-block-image size-large\"><img alt=\"\" alt=\"\" loading=\"lazy\" decoding=\"async\" width=\"1000\" height=\"667\" data-id=\"358008\" src=\"https:\/\/www.focolare.org\/wp-content\/uploads\/2024\/07\/Z5P_1754.jpg\" alt=\"\" class=\"wp-image-358008\" srcset=\"https:\/\/www.focolare.org\/wp-content\/uploads\/2024\/07\/Z5P_1754.jpg 1000w, https:\/\/www.focolare.org\/wp-content\/uploads\/2024\/07\/Z5P_1754-980x654.jpg 980w, https:\/\/www.focolare.org\/wp-content\/uploads\/2024\/07\/Z5P_1754-480x320.jpg 480w\" sizes=\"(min-width: 0px) and (max-width: 480px) 480px, (min-width: 481px) and (max-width: 980px) 980px, (min-width: 981px) 1000px, 100vw\" \/><\/figure>\n\n\n\n<figure class=\"wp-block-image size-large\"><img alt=\"\" alt=\"\" loading=\"lazy\" decoding=\"async\" width=\"1000\" height=\"667\" data-id=\"357996\" src=\"https:\/\/www.focolare.org\/wp-content\/uploads\/2024\/07\/DSC_0361.jpg\" alt=\"\" class=\"wp-image-357996\" srcset=\"https:\/\/www.focolare.org\/wp-content\/uploads\/2024\/07\/DSC_0361.jpg 1000w, https:\/\/www.focolare.org\/wp-content\/uploads\/2024\/07\/DSC_0361-980x654.jpg 980w, https:\/\/www.focolare.org\/wp-content\/uploads\/2024\/07\/DSC_0361-480x320.jpg 480w\" sizes=\"(min-width: 0px) and (max-width: 480px) 480px, (min-width: 481px) and (max-width: 980px) 980px, (min-width: 981px) 1000px, 100vw\" \/><\/figure>\n\n\n\n<figure class=\"wp-block-image size-large\"><img alt=\"\" alt=\"\" loading=\"lazy\" decoding=\"async\" width=\"1000\" height=\"667\" data-id=\"357994\" src=\"https:\/\/www.focolare.org\/wp-content\/uploads\/2024\/07\/DSC_0117.jpg\" alt=\"\" class=\"wp-image-357994\" srcset=\"https:\/\/www.focolare.org\/wp-content\/uploads\/2024\/07\/DSC_0117.jpg 1000w, https:\/\/www.focolare.org\/wp-content\/uploads\/2024\/07\/DSC_0117-980x654.jpg 980w, https:\/\/www.focolare.org\/wp-content\/uploads\/2024\/07\/DSC_0117-480x320.jpg 480w\" sizes=\"(min-width: 0px) and (max-width: 480px) 480px, (min-width: 481px) and (max-width: 980px) 980px, (min-width: 981px) 1000px, 100vw\" \/><\/figure>\n\n\n\n<figure class=\"wp-block-image size-large\"><img alt=\"\" alt=\"\" loading=\"lazy\" decoding=\"async\" width=\"1000\" height=\"667\" data-id=\"357964\" src=\"https:\/\/www.focolare.org\/wp-content\/uploads\/2024\/07\/CM__5638.jpg\" alt=\"\" class=\"wp-image-357964\" srcset=\"https:\/\/www.focolare.org\/wp-content\/uploads\/2024\/07\/CM__5638.jpg 1000w, https:\/\/www.focolare.org\/wp-content\/uploads\/2024\/07\/CM__5638-980x654.jpg 980w, https:\/\/www.focolare.org\/wp-content\/uploads\/2024\/07\/CM__5638-480x320.jpg 480w\" sizes=\"(min-width: 0px) and (max-width: 480px) 480px, (min-width: 481px) and (max-width: 980px) 980px, (min-width: 981px) 1000px, 100vw\" \/><\/figure>\n\n\n\n<figure class=\"wp-block-image size-large\"><img alt=\"\" alt=\"\" loading=\"lazy\" decoding=\"async\" width=\"1000\" height=\"667\" data-id=\"357993\" src=\"https:\/\/www.focolare.org\/wp-content\/uploads\/2024\/07\/DSC_0532.jpg\" alt=\"\" class=\"wp-image-357993\" srcset=\"https:\/\/www.focolare.org\/wp-content\/uploads\/2024\/07\/DSC_0532.jpg 1000w, https:\/\/www.focolare.org\/wp-content\/uploads\/2024\/07\/DSC_0532-980x654.jpg 980w, https:\/\/www.focolare.org\/wp-content\/uploads\/2024\/07\/DSC_0532-480x320.jpg 480w\" sizes=\"(min-width: 0px) and (max-width: 480px) 480px, (min-width: 481px) and (max-width: 980px) 980px, (min-width: 981px) 1000px, 100vw\" \/><\/figure>\n\n\n\n<figure class=\"wp-block-image size-large\"><img alt=\"\" alt=\"\" loading=\"lazy\" decoding=\"async\" width=\"1000\" height=\"666\" data-id=\"357986\" src=\"https:\/\/www.focolare.org\/wp-content\/uploads\/2024\/07\/DSC_0048CR.jpg\" alt=\"\" class=\"wp-image-357986\" srcset=\"https:\/\/www.focolare.org\/wp-content\/uploads\/2024\/07\/DSC_0048CR.jpg 1000w, https:\/\/www.focolare.org\/wp-content\/uploads\/2024\/07\/DSC_0048CR-980x653.jpg 980w, https:\/\/www.focolare.org\/wp-content\/uploads\/2024\/07\/DSC_0048CR-480x320.jpg 480w\" sizes=\"(min-width: 0px) and (max-width: 480px) 480px, (min-width: 481px) and (max-width: 980px) 980px, (min-width: 981px) 1000px, 100vw\" \/><\/figure>\n\n\n\n<figure class=\"wp-block-image size-large\"><img alt=\"\" alt=\"\" loading=\"lazy\" decoding=\"async\" width=\"1000\" height=\"667\" data-id=\"357983\" src=\"https:\/\/www.focolare.org\/wp-content\/uploads\/2024\/07\/DSC_0048.jpg\" alt=\"\" class=\"wp-image-357983\" srcset=\"https:\/\/www.focolare.org\/wp-content\/uploads\/2024\/07\/DSC_0048.jpg 1000w, https:\/\/www.focolare.org\/wp-content\/uploads\/2024\/07\/DSC_0048-980x654.jpg 980w, https:\/\/www.focolare.org\/wp-content\/uploads\/2024\/07\/DSC_0048-480x320.jpg 480w\" sizes=\"(min-width: 0px) and (max-width: 480px) 480px, (min-width: 481px) and (max-width: 980px) 980px, (min-width: 981px) 1000px, 100vw\" \/><\/figure>\n\n\n\n<figure class=\"wp-block-image size-large\"><img alt=\"\" alt=\"\" loading=\"lazy\" decoding=\"async\" width=\"1000\" height=\"667\" data-id=\"357974\" src=\"https:\/\/www.focolare.org\/wp-content\/uploads\/2024\/07\/CM__5435.jpg\" alt=\"\" class=\"wp-image-357974\" srcset=\"https:\/\/www.focolare.org\/wp-content\/uploads\/2024\/07\/CM__5435.jpg 1000w, https:\/\/www.focolare.org\/wp-content\/uploads\/2024\/07\/CM__5435-980x654.jpg 980w, https:\/\/www.focolare.org\/wp-content\/uploads\/2024\/07\/CM__5435-480x320.jpg 480w\" sizes=\"(min-width: 0px) and (max-width: 480px) 480px, (min-width: 481px) and (max-width: 980px) 980px, (min-width: 981px) 1000px, 100vw\" \/><\/figure>\n\n\n\n<figure class=\"wp-block-image size-large\"><img alt=\"\" alt=\"\" loading=\"lazy\" decoding=\"async\" width=\"1000\" height=\"667\" data-id=\"357972\" src=\"https:\/\/www.focolare.org\/wp-content\/uploads\/2024\/07\/CM__5376.jpg\" alt=\"\" class=\"wp-image-357972\" srcset=\"https:\/\/www.focolare.org\/wp-content\/uploads\/2024\/07\/CM__5376.jpg 1000w, https:\/\/www.focolare.org\/wp-content\/uploads\/2024\/07\/CM__5376-980x654.jpg 980w, https:\/\/www.focolare.org\/wp-content\/uploads\/2024\/07\/CM__5376-480x320.jpg 480w\" sizes=\"(min-width: 0px) and (max-width: 480px) 480px, (min-width: 481px) and (max-width: 980px) 980px, (min-width: 981px) 1000px, 100vw\" \/><\/figure>\n\n\n\n<figure class=\"wp-block-image size-large\"><img alt=\"\" alt=\"\" loading=\"lazy\" decoding=\"async\" width=\"1000\" height=\"563\" data-id=\"357939\" src=\"https:\/\/www.focolare.org\/wp-content\/uploads\/2024\/07\/20240602_075126847_iOS-1.jpg\" alt=\"\" class=\"wp-image-357939\" srcset=\"https:\/\/www.focolare.org\/wp-content\/uploads\/2024\/07\/20240602_075126847_iOS-1.jpg 1000w, https:\/\/www.focolare.org\/wp-content\/uploads\/2024\/07\/20240602_075126847_iOS-1-980x552.jpg 980w, https:\/\/www.focolare.org\/wp-content\/uploads\/2024\/07\/20240602_075126847_iOS-1-480x270.jpg 480w\" sizes=\"(min-width: 0px) and (max-width: 480px) 480px, (min-width: 481px) and (max-width: 980px) 980px, (min-width: 981px) 1000px, 100vw\" \/><\/figure>\n\n\n\n<figure class=\"wp-block-image size-large\"><img alt=\"\" alt=\"\" loading=\"lazy\" decoding=\"async\" width=\"1000\" height=\"667\" data-id=\"357963\" src=\"https:\/\/www.focolare.org\/wp-content\/uploads\/2024\/07\/CM__5350.jpg\" alt=\"\" class=\"wp-image-357963\" srcset=\"https:\/\/www.focolare.org\/wp-content\/uploads\/2024\/07\/CM__5350.jpg 1000w, https:\/\/www.focolare.org\/wp-content\/uploads\/2024\/07\/CM__5350-980x654.jpg 980w, https:\/\/www.focolare.org\/wp-content\/uploads\/2024\/07\/CM__5350-480x320.jpg 480w\" sizes=\"(min-width: 0px) and (max-width: 480px) 480px, (min-width: 481px) and (max-width: 980px) 980px, (min-width: 981px) 1000px, 100vw\" \/><\/figure>\n\n\n\n<figure class=\"wp-block-image size-large\"><img alt=\"\" alt=\"\" loading=\"lazy\" decoding=\"async\" width=\"1000\" height=\"563\" data-id=\"357947\" src=\"https:\/\/www.focolare.org\/wp-content\/uploads\/2024\/07\/20240602_080553834_iOS.jpg\" alt=\"\" class=\"wp-image-357947\" srcset=\"https:\/\/www.focolare.org\/wp-content\/uploads\/2024\/07\/20240602_080553834_iOS.jpg 1000w, https:\/\/www.focolare.org\/wp-content\/uploads\/2024\/07\/20240602_080553834_iOS-980x552.jpg 980w, https:\/\/www.focolare.org\/wp-content\/uploads\/2024\/07\/20240602_080553834_iOS-480x270.jpg 480w\" sizes=\"(min-width: 0px) and (max-width: 480px) 480px, (min-width: 481px) and (max-width: 980px) 980px, (min-width: 981px) 1000px, 100vw\" \/><\/figure>\n\n\n\n<figure class=\"wp-block-image size-large\"><img alt=\"\" alt=\"\" loading=\"lazy\" decoding=\"async\" width=\"1000\" height=\"667\" data-id=\"357937\" src=\"https:\/\/www.focolare.org\/wp-content\/uploads\/2024\/07\/SIM0622.jpg\" alt=\"\" class=\"wp-image-357937\" srcset=\"https:\/\/www.focolare.org\/wp-content\/uploads\/2024\/07\/SIM0622.jpg 1000w, https:\/\/www.focolare.org\/wp-content\/uploads\/2024\/07\/SIM0622-980x654.jpg 980w, https:\/\/www.focolare.org\/wp-content\/uploads\/2024\/07\/SIM0622-480x320.jpg 480w\" sizes=\"(min-width: 0px) and (max-width: 480px) 480px, (min-width: 481px) and (max-width: 980px) 980px, (min-width: 981px) 1000px, 100vw\" \/><\/figure>\n\n\n\n<figure class=\"wp-block-image size-large\"><img alt=\"\" alt=\"\" loading=\"lazy\" decoding=\"async\" width=\"1000\" height=\"667\" data-id=\"357950\" src=\"https:\/\/www.focolare.org\/wp-content\/uploads\/2024\/07\/SIM0682.jpg\" alt=\"\" class=\"wp-image-357950\" srcset=\"https:\/\/www.focolare.org\/wp-content\/uploads\/2024\/07\/SIM0682.jpg 1000w, https:\/\/www.focolare.org\/wp-content\/uploads\/2024\/07\/SIM0682-980x654.jpg 980w, https:\/\/www.focolare.org\/wp-content\/uploads\/2024\/07\/SIM0682-480x320.jpg 480w\" sizes=\"(min-width: 0px) and (max-width: 480px) 480px, (min-width: 481px) and (max-width: 980px) 980px, (min-width: 981px) 1000px, 100vw\" \/><\/figure>\n\n\n\n<figure class=\"wp-block-image size-large\"><img alt=\"\" alt=\"\" loading=\"lazy\" decoding=\"async\" width=\"1000\" height=\"667\" data-id=\"357948\" src=\"https:\/\/www.focolare.org\/wp-content\/uploads\/2024\/07\/SIM0695.jpg\" alt=\"\" class=\"wp-image-357948\" srcset=\"https:\/\/www.focolare.org\/wp-content\/uploads\/2024\/07\/SIM0695.jpg 1000w, https:\/\/www.focolare.org\/wp-content\/uploads\/2024\/07\/SIM0695-980x654.jpg 980w, https:\/\/www.focolare.org\/wp-content\/uploads\/2024\/07\/SIM0695-480x320.jpg 480w\" sizes=\"(min-width: 0px) and (max-width: 480px) 480px, (min-width: 481px) and (max-width: 980px) 980px, (min-width: 981px) 1000px, 100vw\" \/><\/figure>\n<\/figure>\n\n<p><a href=\"https:\/\/www.focolare.org\/2024\/06\/05\/one-human-family-il-cammino-rivoluzionario-verso-la-pace\/20240602_075126847_ios\/\"><\/a><\/p>\n","protected":false},"excerpt":{"rendered":"<p>Esse \u00e9 o compromisso compartilhado por 480 pessoas de diversas confiss\u00f5es religiosas em vista da fraternidade, da justi\u00e7a e da reconcilia\u00e7\u00e3o, reunidas no centro onde se realizou o congresso inter-religioso promovido pelo Movimento dos Focolares, estimulados particularmente pelo convite do papa Francisco. <\/p>\n","protected":false},"author":34,"featured_media":357934,"comment_status":"open","ping_status":"open","sticky":false,"template":"","format":"standard","meta":{"give_campaign_id":0,"_seopress_robots_primary_cat":"","_seopress_titles_title":"","_seopress_titles_desc":"","_seopress_robots_index":"","_et_pb_use_builder":"","_et_pb_old_content":"","_et_gb_content_width":"","footnotes":""},"categories":[2957,3187,129],"tags":[2982],"class_list":["post-358023","post","type-post","status-publish","format-standard","has-post-thumbnail","hentry","category-centro-internazionale-3","category-dialogo-inter-religioso","category-sem-categoria","tag-in-dialogo-3"],"_links":{"self":[{"href":"https:\/\/www.focolare.org\/pt-pt\/wp-json\/wp\/v2\/posts\/358023","targetHints":{"allow":["GET"]}}],"collection":[{"href":"https:\/\/www.focolare.org\/pt-pt\/wp-json\/wp\/v2\/posts"}],"about":[{"href":"https:\/\/www.focolare.org\/pt-pt\/wp-json\/wp\/v2\/types\/post"}],"author":[{"embeddable":true,"href":"https:\/\/www.focolare.org\/pt-pt\/wp-json\/wp\/v2\/users\/34"}],"replies":[{"embeddable":true,"href":"https:\/\/www.focolare.org\/pt-pt\/wp-json\/wp\/v2\/comments?post=358023"}],"version-history":[{"count":0,"href":"https:\/\/www.focolare.org\/pt-pt\/wp-json\/wp\/v2\/posts\/358023\/revisions"}],"wp:featuredmedia":[{"embeddable":true,"href":"https:\/\/www.focolare.org\/pt-pt\/wp-json\/wp\/v2\/media\/357934"}],"wp:attachment":[{"href":"https:\/\/www.focolare.org\/pt-pt\/wp-json\/wp\/v2\/media?parent=358023"}],"wp:term":[{"taxonomy":"category","embeddable":true,"href":"https:\/\/www.focolare.org\/pt-pt\/wp-json\/wp\/v2\/categories?post=358023"},{"taxonomy":"post_tag","embeddable":true,"href":"https:\/\/www.focolare.org\/pt-pt\/wp-json\/wp\/v2\/tags?post=358023"}],"curies":[{"name":"wp","href":"https:\/\/api.w.org\/{rel}","templated":true}]}}