{"id":359038,"date":"2024-07-01T08:55:27","date_gmt":"2024-07-01T06:55:27","guid":{"rendered":"https:\/\/www.focolare.org\/o-senhor-e-o-meu-pastor-nada-me-falta-sl-2322221\/"},"modified":"2024-07-11T13:08:41","modified_gmt":"2024-07-11T11:08:41","slug":"o-senhor-e-o-meu-pastor-nada-me-falta-sl-2322221","status":"publish","type":"post","link":"https:\/\/www.focolare.org\/pt-pt\/o-senhor-e-o-meu-pastor-nada-me-falta-sl-2322221\/","title":{"rendered":"\u201cO Senhor \u00e9 o meu pastor, nada me falta.\u201d (Sl 23[22][22],1)."},"content":{"rendered":"\n<p>O Salmo 23 \u00e9 um dos salmos mais conhecidos e amados. \u00c9 um canto de confian\u00e7a que, ao mesmo tempo, soa como uma exultante profiss\u00e3o de f\u00e9. O autor desta ora\u00e7\u00e3o reza na qualidade de membro do povo de Israel, ao qual o Senhor prometeu, por meio dos profetas, ser o seu Pastor. Ele proclama a sua felicidade pessoal por saber que est\u00e1 protegido no Templo<a href=\"\">[1]<\/a>, lugar de ref\u00fagio e de gra\u00e7a, mas quer igualmente, com a sua experi\u00eancia, encorajar outros a confiar na presen\u00e7a do Senhor.   <\/p>\n\n<p><strong>\u201cO Senhor \u00e9 o meu pastor, nada me falta.\u201d<\/strong><\/p>\n\n<p>A imagem do pastor e do rebanho \u00e9 muito apreciada em toda a literatura b\u00edblica. Para compreend\u00ea-la bem, devemos pensar nos desertos \u00e1ridos e rochosos do Oriente M\u00e9dio. O pastor guia o seu rebanho, que se deixa conduzir com docilidade porque, sem ele, ficaria desorientado e morreria. As ovelhas devem aprender a confiar nele, escutando a sua voz. Ele \u00e9 sobretudo seu constante companheiro de viagem.    <\/p>\n\n<p><strong>\u201cO Senhor \u00e9 o meu pastor, nada me falta.\u201d<\/strong><\/p>\n\n<p>Este salmo nos convida a fortalecer a nossa rela\u00e7\u00e3o \u00edntima com Deus, experimentando o seu amor. Poder\u00edamos nos perguntar: por que o autor chega a dizer que nada lhe falta? Nossa experi\u00eancia di\u00e1ria nunca est\u00e1 isenta de problemas e de desafios, sejam esses de sa\u00fade, fam\u00edlia, trabalho etc., sem esquecermos os imensos sofrimentos que muitos dos nossos irm\u00e3os e irm\u00e3s vivem hoje por causa da guerra, das consequ\u00eancias das mudan\u00e7as clim\u00e1ticas, das migra\u00e7\u00f5es, da viol\u00eancia&#8230;   <\/p>\n\n<p><strong>\u201cO Senhor \u00e9 o meu pastor, nada me falta.\u201d<\/strong><\/p>\n\n<p>Quem sabe, a chave para a compreens\u00e3o est\u00e1 no vers\u00edculo que diz \u201cporque est\u00e1s comigo\u201d (<em>Sl <\/em> 23[22],4). Trata-se da certeza do amor de um Deus que sempre nos acompanha e nos faz viver a vida de forma diferente. Chiara Lubich escrevia: \u201cUma coisa \u00e9 saber que podemos nos dirigir a um Ser que existe, que tem piedade de n\u00f3s, que pagou pelos nossos pecados; e outra \u00e9 viver e sentir-se no centro das predile\u00e7\u00f5es de Deus, com o consequente desaparecimento de todo medo que nos freia, de toda solid\u00e3o, de todo sentimento de orfandade, de toda incerteza. [\u2026] A pessoa sabe que \u00e9 amada e cr\u00ea com todo o seu ser nesse amor. Abandona-se a ele confiante e quer segui-lo. As circunst\u00e2ncias da vida, tristes ou alegres, aparecem iluminadas por uma raz\u00e3o de amor que quis ou permitiu todas elas\u201d <a href=\"#_ftn2\" id=\"_ftnref2\">[2]<\/a>.  <\/p>\n\n<p><strong>\u201cO Senhor \u00e9 o meu pastor, nada me falta.\u201d<\/strong><\/p>\n\n<p>Mas quem levou \u00e0 plena realiza\u00e7\u00e3o esta maravilhosa profecia foi Jesus que, no Evangelho de Jo\u00e3o, n\u00e3o hesita em definir a si mesmo como o \u201cBom Pastor\u201d. A rela\u00e7\u00e3o com este pastor se caracteriza por um relacionamento pessoal e \u00edntimo: \u201cEu sou o bom pastor. Eu conhe\u00e7o as minhas ovelhas e elas me conhecem\u201d (<em>Jo <\/em> 10,14). Ele as conduz \u00e0s pastagens da sua Palavra que \u00e9 vida, em particular a Palavra que revela a mensagem contida no \u201cMandamento Novo\u201d o qual, se vivido, torna \u201cvis\u00edvel\u201d a presen\u00e7a do Ressuscitado na comunidade reunida em seu nome, em seu amor<a href=\"\">[3]<\/a>.  <\/p>\n\n<p class=\"has-text-align-right\"><em>Org.: Augusto Parody Reyes com a comiss\u00e3o da Palavra de Vida<\/em><\/p>\n\n<p class=\"has-text-align-left has-small-font-size\"><br\/><em>Foto: \u00a9 Sergio Cerrato &#8211; Italia en Pixabay<\/em><\/p>\n\n<p class=\"has-small-font-size\"><a href=\"#_ftnref1\" id=\"_ftn1\">[1]<\/a>Cf. Sl 23[22],6.<br\/><a href=\"#_ftnref2\" id=\"_ftn2\">[2]<\/a> LUBICH, Chiara. O essencial de hoje, S\u00e3o Paulo: Cidade Nova, 1983, p. 145.<br\/><a href=\"#_ftnref3\" id=\"_ftn3\">[3]<\/a> Cf. <em>Mt <\/em> 18,20.<\/p>\n\n<p class=\"has-text-align-center\">&#8212;<strong><a href=\"https:\/\/gen4.focolare.org\/pt-br\/a-palavra-de-vida\/\" target=\"_blank\" rel=\"noreferrer noopener\">Descarregar a Palavra de Vida para crian\u00e7as<\/a><\/strong>&#8212;<\/p>\n\n<p><strong><em><a href=\"https:\/\/www.focolare.org\/pt-pt\/companheiros-de-viagem-confiaveis\/\">A IDEIA DO M\u00caS,<\/a> <\/em><\/strong><em>iniciada no Uruguai, \u00e9 preparada pelo \u201c<a href=\"https:\/\/dialogue4unity.focolare.org\/pt\/\" target=\"_blank\" rel=\"noreferrer noopener\">Centro do Di\u00e1logo com pessoas de convic\u00e7\u00f5es n\u00e3o religiosas<\/a>\u201d do Movimento dos Focolares. Assimila os valores da <\/em>Palavra de Vida<em>, uma frase da Escritura que os membros do Movimento se comprometem a colocar em pr\u00e1tica. Vivendo esses valores contribu\u00edmos para a realiza\u00e7\u00e3o da fraternidade universal. Atualmente, A IDEIA DO M\u00caS \u00e9 traduzida em doze idiomas e distribu\u00edda em mais de 25 pa\u00edses, adaptada em alguns deles segundo as exig\u00eancias culturais. <\/em><\/p>\n","protected":false},"excerpt":{"rendered":"<p>Palavra de Vida &#8211; Julho de 2024<\/p>\n","protected":false},"author":34,"featured_media":358306,"comment_status":"open","ping_status":"open","sticky":false,"template":"","format":"standard","meta":{"give_campaign_id":0,"_seopress_robots_primary_cat":"","_seopress_titles_title":"","_seopress_titles_desc":"","_seopress_robots_index":"","_et_pb_use_builder":"","_et_pb_old_content":"","_et_gb_content_width":"","footnotes":""},"categories":[3160],"tags":[3326,3198],"class_list":["post-359038","post","type-post","status-publish","format-standard","has-post-thumbnail","hentry","category-palavra-de-vida-pt-pt","tag-palavra-de-vida","tag-ppg-pt-pt"],"_links":{"self":[{"href":"https:\/\/www.focolare.org\/pt-pt\/wp-json\/wp\/v2\/posts\/359038","targetHints":{"allow":["GET"]}}],"collection":[{"href":"https:\/\/www.focolare.org\/pt-pt\/wp-json\/wp\/v2\/posts"}],"about":[{"href":"https:\/\/www.focolare.org\/pt-pt\/wp-json\/wp\/v2\/types\/post"}],"author":[{"embeddable":true,"href":"https:\/\/www.focolare.org\/pt-pt\/wp-json\/wp\/v2\/users\/34"}],"replies":[{"embeddable":true,"href":"https:\/\/www.focolare.org\/pt-pt\/wp-json\/wp\/v2\/comments?post=359038"}],"version-history":[{"count":0,"href":"https:\/\/www.focolare.org\/pt-pt\/wp-json\/wp\/v2\/posts\/359038\/revisions"}],"wp:featuredmedia":[{"embeddable":true,"href":"https:\/\/www.focolare.org\/pt-pt\/wp-json\/wp\/v2\/media\/358306"}],"wp:attachment":[{"href":"https:\/\/www.focolare.org\/pt-pt\/wp-json\/wp\/v2\/media?parent=359038"}],"wp:term":[{"taxonomy":"category","embeddable":true,"href":"https:\/\/www.focolare.org\/pt-pt\/wp-json\/wp\/v2\/categories?post=359038"},{"taxonomy":"post_tag","embeddable":true,"href":"https:\/\/www.focolare.org\/pt-pt\/wp-json\/wp\/v2\/tags?post=359038"}],"curies":[{"name":"wp","href":"https:\/\/api.w.org\/{rel}","templated":true}]}}