{"id":361070,"date":"2024-07-23T19:09:41","date_gmt":"2024-07-23T17:09:41","guid":{"rendered":"https:\/\/www.focolare.org\/?p=361070"},"modified":"2024-07-23T19:16:45","modified_gmt":"2024-07-23T17:16:45","slug":"nao-vamos-estar-em-paz-enquanto-nao-alcancarmos-a-paz","status":"publish","type":"post","link":"https:\/\/www.focolare.org\/pt-pt\/nao-vamos-estar-em-paz-enquanto-nao-alcancarmos-a-paz\/","title":{"rendered":"N\u00e3o vamos estar em paz enquanto n\u00e3o alcan\u00e7armos a paz!"},"content":{"rendered":"\n<p>Acabamos de ouvir hist\u00f3rias de paz expressas nas mais variadas cores: cantos, ora\u00e7\u00f5es, experi\u00eancias, projetos concretos.<\/p>\n\n\n\n<p>Tudo isso refor\u00e7a a nossa confian\u00e7a e a nossa esperan\u00e7a de que \u00e9 poss\u00edvel sermos construtores de paz. O papa Francisco diz que devemos ser &#8220;<strong>artes\u00e3os da paz<\/strong>&#8221; todos os dias. E para fazer isso \u00e9 preciso const\u00e2ncia e paci\u00eancia, a fim de olhar com amor para todos os irm\u00e3os e irm\u00e3s que encontramos em nosso caminho.  <\/p>\n\n\n\n<p>Deste Genfest, aprendemos que a paz come\u00e7a por mim, com pequenos gestos de aten\u00e7\u00e3o pelas pessoas, pelos nossos povos e pela cria\u00e7\u00e3o.<\/p>\n\n\n\n<p>Ent\u00e3o, por onde podemos come\u00e7ar?<\/p>\n\n\n\n<p>Dissemos isso v\u00e1rias vezes nos \u00faltimos dias: <strong>derrubando todas as barreiras que nos dividem<\/strong>, para viver pela fraternidade. E podemos fazer isso <\/p>\n\n\n\n<ul class=\"wp-block-list\">\n<li>ao descobrir que a nossa humanidade comum \u00e9 mais importante do que todas as nossas diferen\u00e7as;<\/li>\n<\/ul>\n\n\n\n<ul class=\"wp-block-list\">\n<li>estando prontos a perdoar e a fazer gestos de reconcilia\u00e7\u00e3o. Perdoar significa dizer ao outro: &#8220;Voc\u00ea vale muito mais do que suas a\u00e7\u00f5es&#8221;. <\/li>\n<\/ul>\n\n\n\n<p>E como fizemos na primeira fase do Genfest, vamos continuar a ser artes\u00e3os de paz em nossas rela\u00e7\u00f5es, tamb\u00e9m quando voltarmos para casa, dando o primeiro passo em dire\u00e7\u00e3o aos outros. O amor vai nos inspirar o que deve ser feito, que dire\u00e7\u00e3o tomar&#8230;  <\/p>\n\n\n\n<p>Perdoemos sem esperar que o outro pe\u00e7a perd\u00e3o.<\/p>\n\n\n\n<p>Que este Genfest seja o momento do nosso <strong>SIM \u00c0 PAZ<\/strong>.<\/p>\n\n\n\n<p>Nunca mais devemos nos sentir sozinhos. Nestes dias vimos, e com certeza experimentamos, a for\u00e7a do \u201c<strong>Juntos<\/strong>\u201d. <\/p>\n\n\n\n<p>Unamo-nos a todos aqueles que vivem e trabalham pela paz. As <em>communities <\/em>que vamos construir na Fase tr\u00eas j\u00e1 s\u00e3o um caminho poss\u00edvel. <\/p>\n\n\n\n<p class=\"has-black-color has-text-color has-link-color wp-elements-d8866bfebf6177d7bff3edc712bb3a70\">Concludo com um poema muito bonito, intitulado <a><strong>\u201cA paz deve ser constru\u00edda\u201d<\/strong><\/a><\/p>\n\n\n\n<p class=\"has-text-align-center\"><em>Abram seus olhos para vis\u00f5es de paz!<\/em><br><em>Falem uma linguagem de paz!<\/em><br><em>Fa\u00e7am gestos de paz!<\/em><br><em>A pr\u00e1tica da paz conduz \u00e0 paz.<\/em><br><em>A paz \u00e9 revelada e oferecida \u00e0queles que atuam, <\/em><br><em>dia ap\u00f3s dia, <\/em><br><em>todas as formas de paz de que s\u00e3o capazes.<\/em> (*)<\/p>\n\n\n\n<p><strong>Abrir, falar e agir.<\/strong><\/p>\n\n\n\n<p><strong>Portanto, n\u00e3o vamos estar em paz enquanto n\u00e3o alcan\u00e7armos a paz!<\/strong><\/p>\n\n\n\n<p class=\"has-text-align-right\"><em>Margaret Karram<\/em><\/p>\n\n\n\n<p class=\"has-small-font-size\"><em>(*) Poema de Jo\u00e3o Paulo II<\/em><\/p>\n\n\n\n<p><\/p>\n","protected":false},"excerpt":{"rendered":"<p>Margaret Karram, presidente do Movimento dos Focolares, falou durante o Genfest 2024, em Aparecida (Brasil), sobre o tema da paz. Seu discurso fez parte de um momento dedicado a esse tema e ao compromisso dos jovens de constru\u00ed-la em todos os lugares do mundo.  <\/p>\n","protected":false},"author":34,"featured_media":361062,"comment_status":"open","ping_status":"open","sticky":false,"template":"","format":"standard","meta":{"give_campaign_id":0,"_seopress_robots_primary_cat":"","_seopress_titles_title":"","_seopress_titles_desc":"","_seopress_robots_index":"","_et_pb_use_builder":"","_et_pb_old_content":"","_et_gb_content_width":"","footnotes":""},"categories":[3168,2945],"tags":[3391,3347,3392,3198],"class_list":["post-361070","post","type-post","status-publish","format-standard","has-post-thumbnail","hentry","category-margaret-karram-pt-pt","category-nuove-generazioni-3","tag-jovens","tag-notifiche-pt-pt","tag-paz-pt-pt","tag-ppg-pt-pt"],"_links":{"self":[{"href":"https:\/\/www.focolare.org\/pt-pt\/wp-json\/wp\/v2\/posts\/361070","targetHints":{"allow":["GET"]}}],"collection":[{"href":"https:\/\/www.focolare.org\/pt-pt\/wp-json\/wp\/v2\/posts"}],"about":[{"href":"https:\/\/www.focolare.org\/pt-pt\/wp-json\/wp\/v2\/types\/post"}],"author":[{"embeddable":true,"href":"https:\/\/www.focolare.org\/pt-pt\/wp-json\/wp\/v2\/users\/34"}],"replies":[{"embeddable":true,"href":"https:\/\/www.focolare.org\/pt-pt\/wp-json\/wp\/v2\/comments?post=361070"}],"version-history":[{"count":0,"href":"https:\/\/www.focolare.org\/pt-pt\/wp-json\/wp\/v2\/posts\/361070\/revisions"}],"wp:featuredmedia":[{"embeddable":true,"href":"https:\/\/www.focolare.org\/pt-pt\/wp-json\/wp\/v2\/media\/361062"}],"wp:attachment":[{"href":"https:\/\/www.focolare.org\/pt-pt\/wp-json\/wp\/v2\/media?parent=361070"}],"wp:term":[{"taxonomy":"category","embeddable":true,"href":"https:\/\/www.focolare.org\/pt-pt\/wp-json\/wp\/v2\/categories?post=361070"},{"taxonomy":"post_tag","embeddable":true,"href":"https:\/\/www.focolare.org\/pt-pt\/wp-json\/wp\/v2\/tags?post=361070"}],"curies":[{"name":"wp","href":"https:\/\/api.w.org\/{rel}","templated":true}]}}